{"id":5159,"date":"2014-02-07T13:14:56","date_gmt":"2014-02-07T12:14:56","guid":{"rendered":"http:\/\/www.clairejannot.com\/?p=5159"},"modified":"2014-11-07T15:02:54","modified_gmt":"2014-11-07T14:02:54","slug":"culture-ogm-lallemagne-lache-la-france","status":"publish","type":"post","link":"https:\/\/claire-jannot.com\/?p=5159","title":{"rendered":"Culture OGM : L&rsquo;Allemagne l\u00e2che la France"},"content":{"rendered":"<h2><span style=\"color: #000000;\">Un nouvel OGM, le ma\u00efs TC507 du groupe am\u00e9ricain Pionneer, devrait \u00eatre autoris\u00e9 \u00e0 la culture dans l&rsquo;UE la semaine prochaine gr\u00e2ce \u00e0 l&rsquo;abstention de l&rsquo;Allemagne, car cette position \u00e9quivaut \u00e0 un accord, ont indiqu\u00e9 mercredi \u00e0 l&rsquo;AFP plusieurs sources europ\u00e9ennes.<\/span><\/h2>\n<p><span style=\"color: #000000;\"><a href=\"https:\/\/i0.wp.com\/www.clairejannot.com\/wp-content\/uploads\/2014\/02\/mais1.jpg\"><img data-recalc-dims=\"1\" loading=\"lazy\" decoding=\"async\" class=\"alignleft  wp-image-5166\" alt=\"ma\u00efs - www.clairejannot.com\" src=\"https:\/\/i0.wp.com\/www.clairejannot.com\/wp-content\/uploads\/2014\/02\/mais1.jpg?resize=421%2C184\" width=\"421\" height=\"184\" \/><\/a>\u00ab\u00a0L&rsquo;Allemagne est en train de passer du contre (l&rsquo;autorisation de culture) \u00e0 l&rsquo;abstention\u00a0\u00bb, ont confi\u00e9 deux sources proches du dossier.\u00a0<\/span><span style=\"color: #000000;\">Les ministres de l&rsquo;UE charg\u00e9s des Affaires europ\u00e9ennes doivent se prononcer sur la mise en culture de cet OGM lors d&rsquo;une r\u00e9union \u00e0 Bruxelles mardi prochain.<\/span><\/p>\n<p><span style=\"color: #000000;\">Si le gouvernement allemand s&rsquo;abstient lors de ce vote cela \u00e9quivaudra \u00e0 donner un <strong>accord \u00e0 la demande d&rsquo;autorisation de culture<\/strong>. \u00ab\u00a0Si aucune majorit\u00e9 qualifi\u00e9e n&rsquo;est r\u00e9unie contre la demande, parce qu&rsquo;un Etat s&rsquo;abstient, alors elle sera automatiquement approuv\u00e9e\u00a0\u00bb, a expliqu\u00e9 Tonio Borg dans un entretien diffus\u00e9 par Vieuws, un m\u00e9dia internet sp\u00e9cialis\u00e9 dans les affaires europ\u00e9ennes.<\/span><\/p>\n<p><strong><span style=\"color: #000000;\">La France hostile \u00e0 une autorisation de culture de cet OGM comptait sur le soutien de Berlin.<\/span><\/strong><\/p>\n<p><span style=\"color: #000000;\">Selon un n\u00e9gociateur europ\u00e9en, l&rsquo;Allemagne s&rsquo;\u00e9tait ralli\u00e9e dans un premier temps au camp fran\u00e7ais, laissant pour la premi\u00e8re fois entrevoir la possibilit\u00e9 d&rsquo;un rejet d&rsquo;autorisation.\u00a0<\/span><span style=\"color: #000000;\">Mais la grande coalition dirig\u00e9e par Angela Merkel est divis\u00e9e sur la question et faute d&rsquo;accord, la consigne donn\u00e9e \u00e0 son repr\u00e9sentant mardi prochain sera l&rsquo;<strong>abstention<\/strong>, a-t-on expliqu\u00e9.<\/span><\/p>\n<p><span style=\"color: #000000;\">La Commission europ\u00e9enne avait relanc\u00e9 cet \u00e9pineux dossier en novembre, apr\u00e8s avoir \u00e9t\u00e9 condamn\u00e9e par la <strong>Cour de Justice de l&rsquo;UE pour les retards pris dans la proc\u00e9dure d&rsquo;autorisation, lanc\u00e9e en 2001 et bloqu\u00e9e depuis 2009 par les dissensions entre Etats.<\/strong> A l&rsquo;\u00e9poque, six pays avaient vot\u00e9 pour l&rsquo;autorisation (Royaume-Uni, Espagne, Finlande, Su\u00e8de, Roumanie et Estonie), douze contre, dont la France, et neuf, dont l&rsquo;Allemagne, s&rsquo;\u00e9taient abstenus.<\/span><\/p>\n<p><span style=\"color: #000000;\">Le ministre fran\u00e7ais de l&rsquo;Agriculture, St\u00e9phane Le Foll, a r\u00e9affirm\u00e9 la d\u00e9termination de la France \u00e0 fermer les champs de l&rsquo;UE \u00e0 cette culture, et \u00e0 r\u00e9former le cadre juridique europ\u00e9en. <strong>Paris refuse d&rsquo;autoriser ce ma\u00efs \u00ab\u00a0pour des questions de fond\u00a0\u00bb<\/strong> et parce que l&rsquo;entreprise n&rsquo;a toujours pas r\u00e9pondu \u00e0 la demande de l&rsquo;Efsa (Autorit\u00e9 europ\u00e9enne de s\u00e9curit\u00e9 des aliments) \u00ab\u00a0de pr\u00e9ciser un certain nombre de r\u00e8gles (&#8230;) sur les<strong> impacts environnementaux\u00a0\u00bb.<\/strong><\/span><\/p>\n<p><span style=\"color: #000000;\">Le Parlement europ\u00e9en a aussi appel\u00e9 au rejet de la demande d&rsquo;autorisation, par 385 voix contre 201 et 35 abstentions. <strong>Quatre OGM ont obtenu une autorisation de culture dans l&rsquo;UE, mais un seul est encore cultiv\u00e9 dans quelques Etats, le ma\u00efs MON810 du groupe am\u00e9ricain Monsanto, qui a demand\u00e9 le renouvellement de cette autorisation. Les autres, deux ma\u00efs (BT176 et T25) et la pomme de terre Amflora, ont \u00e9t\u00e9 abandonn\u00e9s.<\/strong><\/span><\/p>\n<address>Source :\u00a0BRUXELLES,\u00a005 f\u00e9v 2014 (AFP)\u00a0<\/address>\n<address>Cr\u00e9dit photo :\u00a0http:\/\/catherine-ousselin.org\/nourriture.htm<\/address>\n<address>\u00a0<\/address>\n<address>\u00a0<\/address>\n<address>\u00a0<\/address>\n<address>\u00a0<\/address>\n<address>\u00a0<\/address>\n<address>\u00a0<\/address>\n<address>\u00a0<\/address>\n<address>\u00a0<\/address>\n","protected":false},"excerpt":{"rendered":"<p>Un nouvel OGM, le ma\u00efs TC507 du groupe am\u00e9ricain Pionneer, devrait \u00eatre autoris\u00e9 \u00e0 la culture dans l&rsquo;UE la semaine prochaine gr\u00e2ce \u00e0 l&rsquo;abstention de l&rsquo;Allemagne, car cette position \u00e9quivaut \u00e0 un accord, ont indiqu\u00e9 mercredi \u00e0 l&rsquo;AFP plusieurs sources &hellip; <a href=\"https:\/\/claire-jannot.com\/?p=5159\">Continuer la lecture <span class=\"meta-nav\">&rarr;<\/span><\/a><\/p>\n","protected":false},"author":1,"featured_media":0,"comment_status":"open","ping_status":"open","sticky":false,"template":"","format":"standard","meta":{"jetpack_post_was_ever_published":false,"_jetpack_newsletter_access":"","_jetpack_dont_email_post_to_subs":false,"_jetpack_newsletter_tier_id":0,"_jetpack_memberships_contains_paywalled_content":false,"_jetpack_memberships_contains_paid_content":false,"footnotes":"","jetpack_publicize_message":"","jetpack_publicize_feature_enabled":true,"jetpack_social_post_already_shared":true,"jetpack_social_options":{"image_generator_settings":{"template":"highway","default_image_id":0,"font":"","enabled":false},"version":2}},"categories":[1,2],"tags":[42,3,15,9,10],"class_list":["post-5159","post","type-post","status-publish","format-standard","hentry","category-alimentation","category-ecologie","tag-agriculture","tag-consommation","tag-ecofolio","tag-ogm","tag-sante"],"jetpack_publicize_connections":[],"jetpack_featured_media_url":"","jetpack_sharing_enabled":true,"jetpack_shortlink":"https:\/\/wp.me\/p5jjt5-1ld","_links":{"self":[{"href":"https:\/\/claire-jannot.com\/index.php?rest_route=\/wp\/v2\/posts\/5159","targetHints":{"allow":["GET"]}}],"collection":[{"href":"https:\/\/claire-jannot.com\/index.php?rest_route=\/wp\/v2\/posts"}],"about":[{"href":"https:\/\/claire-jannot.com\/index.php?rest_route=\/wp\/v2\/types\/post"}],"author":[{"embeddable":true,"href":"https:\/\/claire-jannot.com\/index.php?rest_route=\/wp\/v2\/users\/1"}],"replies":[{"embeddable":true,"href":"https:\/\/claire-jannot.com\/index.php?rest_route=%2Fwp%2Fv2%2Fcomments&post=5159"}],"version-history":[{"count":1,"href":"https:\/\/claire-jannot.com\/index.php?rest_route=\/wp\/v2\/posts\/5159\/revisions"}],"predecessor-version":[{"id":5437,"href":"https:\/\/claire-jannot.com\/index.php?rest_route=\/wp\/v2\/posts\/5159\/revisions\/5437"}],"wp:attachment":[{"href":"https:\/\/claire-jannot.com\/index.php?rest_route=%2Fwp%2Fv2%2Fmedia&parent=5159"}],"wp:term":[{"taxonomy":"category","embeddable":true,"href":"https:\/\/claire-jannot.com\/index.php?rest_route=%2Fwp%2Fv2%2Fcategories&post=5159"},{"taxonomy":"post_tag","embeddable":true,"href":"https:\/\/claire-jannot.com\/index.php?rest_route=%2Fwp%2Fv2%2Ftags&post=5159"}],"curies":[{"name":"wp","href":"https:\/\/api.w.org\/{rel}","templated":true}]}}