{"id":5194,"date":"2014-02-12T12:07:59","date_gmt":"2014-02-12T11:07:59","guid":{"rendered":"http:\/\/www.clairejannot.com\/?p=5194"},"modified":"2014-11-07T15:02:18","modified_gmt":"2014-11-07T14:02:18","slug":"10-avril-2014-comment-le-parlement-francais-va-interdire-le-mais-ogm","status":"publish","type":"post","link":"https:\/\/claire-jannot.com\/?p=5194","title":{"rendered":"10 avril 2014 : Comment le parlement fran\u00e7ais va interdire le ma\u00efs OGM"},"content":{"rendered":"<h2>Le Parlement devrait adopter le 10 avril une proposition de loi PS interdisant la culture du ma\u00efs transg\u00e9nique en France, en particulier le ma\u00efs TC1507 qui vient d&rsquo;\u00eatre autoris\u00e9 par l&rsquo;Union europ\u00e9enne, a-t-on appris mardi de source parlementaire.<\/h2>\n<p><span style=\"color: #000000;\"><a href=\"https:\/\/i0.wp.com\/www.clairejannot.com\/wp-content\/uploads\/2014\/02\/ma%C3%AFs.jpg\"><img data-recalc-dims=\"1\" loading=\"lazy\" decoding=\"async\" class=\"alignleft  wp-image-5201\" alt=\"ma\u00efs - www.clairejannot.com\" src=\"https:\/\/i0.wp.com\/www.clairejannot.com\/wp-content\/uploads\/2014\/02\/ma%C3%AFs.jpg?resize=450%2C322\" width=\"450\" height=\"322\" \/><\/a>La proposition de loi, d\u00e9pos\u00e9e le <strong>4 f\u00e9vrier par le s\u00e9nateur socialiste de l&rsquo;Aveyron Alain Fauconnier<\/strong> avec le soutien du gouvernement, aura aussi pour effet de <strong>s\u00e9curiser juridiquement l&rsquo;interdiction du ma\u00efs MON 810.<\/strong> Le Conseil d&rsquo;Etat a en effet annul\u00e9 l&rsquo;\u00e9t\u00e9 dernier un arr\u00eat\u00e9 d&rsquo;interdiction, datant de 2011, de cet OGM produit par l&rsquo;am\u00e9ricain <strong>Monsanto<\/strong>, et dont le renouvellement d&rsquo;autorisation est en cours d&rsquo;examen par l&rsquo;Union europ\u00e9enne.<\/span><\/p>\n<p><strong><span style=\"color: #000000;\">Les Etats de l&rsquo;UE ont en effet la possibilit\u00e9 d&rsquo;interdire sur leur territoire un OGM autoris\u00e9 par l&rsquo;Union europ\u00e9enne.<\/span><\/strong><\/p>\n<p><span style=\"color: #000000;\">Ce sera le cas du <strong>TC1507 du groupe am\u00e9ricain Pionner<\/strong> : les Etats membres de l&rsquo;UE ne sont pas parvenus, mardi \u00e0 Bruxelles, \u00e0 r\u00e9unir une majorit\u00e9 qualifi\u00e9e pour l&rsquo;interdire, malgr\u00e9 l&rsquo;opposition de 19 pays, dont la France.<\/span><\/p>\n<p><span style=\"color: #000000;\">La proposition de loi d&rsquo;<strong>Alain Fauconnier<\/strong> sera examin\u00e9e par le S\u00e9nat lundi prochain et par l&rsquo;Assembl\u00e9e nationale le 10 avril. Si elle est vot\u00e9e dans les m\u00eames termes par les deux assembl\u00e9es, elle sera alors d\u00e9finitivement adopt\u00e9e, le gouvernement ayant d\u00e9clar\u00e9 l&rsquo;urgence (une seule lecture par chambre) sur ce texte.<\/span><\/p>\n<p><strong><span style=\"color: #000000;\">\u00ab\u00a0La mise en culture des vari\u00e9t\u00e9s de ma\u00efs g\u00e9n\u00e9tiquement modifi\u00e9 est interdite en France\u00a0\u00bb, stipule la proposition. Pour son auteur, son adoption rapide s&rsquo;impose \u00ab\u00a0compte tenu de l&rsquo;urgence li\u00e9e \u00e0 l&rsquo;approche de la p\u00e9riode des semis de ma\u00efs et du risque important mettant en p\u00e9ril de fa\u00e7on manifeste l&rsquo;environnement\u00a0\u00bb.<\/span><\/strong><\/p>\n<p><span style=\"color: #000000;\">Son inscription \u00e0 l&rsquo;ordre du jour de l&rsquo;Assembl\u00e9e le 10 avril, juste apr\u00e8s la pause parlementaire li\u00e9e aux \u00e9lections municipales, a \u00e9t\u00e9 d\u00e9cid\u00e9e mardi, \u00e0 la demande du ministre des Relations avec le Parlement <strong>Alain Vidalies<\/strong>, par la conf\u00e9rence des pr\u00e9sidents de l&rsquo;Assembl\u00e9e qui r\u00e9unit notamment, autour de <strong>Claude Bartolone<\/strong> (PS), les chefs de file des commissions et groupes politiques.<\/span><\/p>\n<address><span style=\"color: #000000;\">Source :\u00a0PARIS,\u00a011 f\u00e9v 2014 (AFP)\u00a0<\/span><\/address>\n<address><span style=\"color: #000000;\">Cr\u00e9dit photo :\u00a0http:\/\/www.futura-sciences.com<\/span><\/address>\n<address>\u00a0<\/address>\n<address>\u00a0<\/address>\n<address>\u00a0<\/address>\n<address>\u00a0<\/address>\n<address>\u00a0<\/address>\n<address>\u00a0<\/address>\n","protected":false},"excerpt":{"rendered":"<p>Le Parlement devrait adopter le 10 avril une proposition de loi PS interdisant la culture du ma\u00efs transg\u00e9nique en France, en particulier le ma\u00efs TC1507 qui vient d&rsquo;\u00eatre autoris\u00e9 par l&rsquo;Union europ\u00e9enne, a-t-on appris mardi de source parlementaire. La proposition &hellip; <a href=\"https:\/\/claire-jannot.com\/?p=5194\">Continuer la lecture <span class=\"meta-nav\">&rarr;<\/span><\/a><\/p>\n","protected":false},"author":1,"featured_media":0,"comment_status":"open","ping_status":"open","sticky":false,"template":"","format":"standard","meta":{"jetpack_post_was_ever_published":false,"_jetpack_newsletter_access":"","_jetpack_dont_email_post_to_subs":false,"_jetpack_newsletter_tier_id":0,"_jetpack_memberships_contains_paywalled_content":false,"_jetpack_memberships_contains_paid_content":false,"footnotes":"","jetpack_publicize_message":"","jetpack_publicize_feature_enabled":true,"jetpack_social_post_already_shared":true,"jetpack_social_options":{"image_generator_settings":{"template":"highway","default_image_id":0,"font":"","enabled":false},"version":2}},"categories":[1,2],"tags":[42,3,4,5,9,10],"class_list":["post-5194","post","type-post","status-publish","format-standard","hentry","category-alimentation","category-ecologie","tag-agriculture","tag-consommation","tag-ecologie2","tag-environnement","tag-ogm","tag-sante"],"jetpack_publicize_connections":[],"jetpack_featured_media_url":"","jetpack_sharing_enabled":true,"jetpack_shortlink":"https:\/\/wp.me\/p5jjt5-1lM","_links":{"self":[{"href":"https:\/\/claire-jannot.com\/index.php?rest_route=\/wp\/v2\/posts\/5194","targetHints":{"allow":["GET"]}}],"collection":[{"href":"https:\/\/claire-jannot.com\/index.php?rest_route=\/wp\/v2\/posts"}],"about":[{"href":"https:\/\/claire-jannot.com\/index.php?rest_route=\/wp\/v2\/types\/post"}],"author":[{"embeddable":true,"href":"https:\/\/claire-jannot.com\/index.php?rest_route=\/wp\/v2\/users\/1"}],"replies":[{"embeddable":true,"href":"https:\/\/claire-jannot.com\/index.php?rest_route=%2Fwp%2Fv2%2Fcomments&post=5194"}],"version-history":[{"count":1,"href":"https:\/\/claire-jannot.com\/index.php?rest_route=\/wp\/v2\/posts\/5194\/revisions"}],"predecessor-version":[{"id":5434,"href":"https:\/\/claire-jannot.com\/index.php?rest_route=\/wp\/v2\/posts\/5194\/revisions\/5434"}],"wp:attachment":[{"href":"https:\/\/claire-jannot.com\/index.php?rest_route=%2Fwp%2Fv2%2Fmedia&parent=5194"}],"wp:term":[{"taxonomy":"category","embeddable":true,"href":"https:\/\/claire-jannot.com\/index.php?rest_route=%2Fwp%2Fv2%2Fcategories&post=5194"},{"taxonomy":"post_tag","embeddable":true,"href":"https:\/\/claire-jannot.com\/index.php?rest_route=%2Fwp%2Fv2%2Ftags&post=5194"}],"curies":[{"name":"wp","href":"https:\/\/api.w.org\/{rel}","templated":true}]}}