{"id":5213,"date":"2014-02-18T14:43:06","date_gmt":"2014-02-18T13:43:06","guid":{"rendered":"http:\/\/www.clairejannot.com\/?p=5213"},"modified":"2014-11-07T15:01:46","modified_gmt":"2014-11-07T14:01:46","slug":"bronca-a-linra-le-rapport-sur-lagriculture-bio-en-question","status":"publish","type":"post","link":"https:\/\/claire-jannot.com\/?p=5213","title":{"rendered":"Bronca \u00e0 l&rsquo;INRA : le rapport sur l&rsquo;agriculture bio en question"},"content":{"rendered":"<h2><span style=\"color: #000000;\">Le rapport partial de l\u2019INRA sur l\u2019agriculture bio\u00a0: les politiques s\u2019en m\u00ealent.\u00a0<\/span><span style=\"color: #000000;\">Suite \u00e0 la r\u00e9v\u00e9lation de la bronca des scientifiques contre un rapport jug\u00e9 partial sur l\u2019agriculture biologique, la direction de l\u2019INRA sort de son silence.\u00a0Reporterre\u00a0publie sa r\u00e9ponse. Des responsables politiques interpellent de leur c\u00f4t\u00e9 le ministre de l\u2019Agriculture.<\/span><\/h2>\n<p><span style=\"color: #000000;\"><a href=\"https:\/\/i0.wp.com\/www.clairejannot.com\/wp-content\/uploads\/2014\/02\/graine.jpg\"><img data-recalc-dims=\"1\" loading=\"lazy\" decoding=\"async\" class=\"alignleft  wp-image-5214\" alt=\"graine-www.clairejannot.com\" src=\"https:\/\/i0.wp.com\/www.clairejannot.com\/wp-content\/uploads\/2014\/02\/graine.jpg?resize=350%2C228\" width=\"350\" height=\"228\" \/><\/a><strong>L\u2019INRA (Institut national de la recherche agronomique)<\/strong> a fini par r\u00e9agir \u00e0 l&rsquo;article publi\u00e9 lundi sur Reporterre, dans lequel nous r\u00e9v\u00e9lions que <strong>119 chercheurs contestent un document pr\u00e9sent\u00e9 comme une grande synth\u00e8se de l\u2019INRA sur l\u2019agriculture biologique.<\/strong><\/span><\/p>\n<p><span style=\"color: #000000;\">Dans un courrier adress\u00e9 au PDG de l\u2019INRA, avec copie envoy\u00e9e au ministre de l\u2019agriculture <strong>St\u00e9phane Le Foll<\/strong> (<a href=\"http:\/\/www.reporterre.net\/spip.php?article5402\"><span style=\"color: #000000;\">\u00e0 t\u00e9l\u00e9charger ici : http:\/\/www.reporterre.net\/spip.php?article5428\u00a0<\/span><\/a>), des scientifiques issus de plusieurs organismes prestigieux de la recherche publique<strong> (INSERM, INRA, CNRS notamment)<\/strong> exposent en onze pages tr\u00e8s denses pourquoi ce rapport est scientifiquement\u00a0<strong>\u00ab\u00a0tr\u00e8s critiquable\u00a0\u00bb<\/strong>. <\/span><\/p>\n<p><strong><span style=\"color: #000000;\">Par exemple, le document va jusqu\u2019\u00e0 proposer dans ses recommandations d\u2019autoriser certains pesticides de synth\u00e8se en agriculture biologique, afin d\u2019am\u00e9liorer ses performances !<\/span><\/strong><\/p>\n<p><span style=\"color: #000000;\">La direction de l\u2019institut avait refus\u00e9 de r\u00e9pondre \u00e0 nos questions. Hier soir, elle est sortie de son silence et a adress\u00e9 un courriel \u00e0 quelques journalistes et a discut\u00e9 avec\u00a0Reporterre.<\/span><\/p>\n<p><span style=\"color: #000000;\"><strong>Jean-Fran\u00e7ois Launay,<\/strong> directeur du cabinet et de la communication de l\u2019INRA, nous indique que\u00a0\u00ab\u00a0l\u2019INRA n\u2019entend pas retirer ce rapport qui constitue une opportunit\u00e9 de dialogue.\u00a0\u00bb\u00a0Il rappelle qu\u2019une r\u00e9union avec les signataires du courrier est pr\u00e9vue le 20 mars.<\/span><\/p>\n<p><span style=\"color: #000000;\"><strong>L\u2019INRA rend \u00e9galement publique une r\u00e9ponse de son pr\u00e9sident, Fran\u00e7ois Houllier, \u00e0 la lettre des chercheurs.<\/strong> <\/span><\/p>\n<p><span style=\"color: #000000;\">Dans une lettre dat\u00e9e du 10 janvier 2014, Fran\u00e7ois Houllier leur propose de\u00a0\u00ab\u00a0prolonger le d\u00e9bat de mani\u00e8re constructive\u00a0\u00bblors d\u2019un\u00a0<strong>\u00ab\u00a0atelier d\u2019\u00e9change\u00a0\u00bb<\/strong>. Il \u00e9crit \u00e9galement que\u00a0\u00ab\u00a0ce rapport s\u2019inscrit dans une dynamique d\u2019int\u00e9r\u00eat scientifique pour l\u2019agriculture biologique, que l\u2019Inra intensifie sous ma pr\u00e9sidence.\u00a0\u00bb\u00a0Une fa\u00e7on de r\u00e9pondre aux critiques sur le manque d\u2019investissement de l\u2019INRA dans la recherche en agriculture biologique.<\/span><\/p>\n<p><span style=\"color: #000000;\">La direction affirme avoir fait parvenir une r\u00e9ponse argument\u00e9e au collectif de scientifiques.\u00a0\u00ab\u00a0Nous n\u2019en avions pas connaissance\u00a0!\u00a0\u00bb\u00a0s\u2019\u00e9tonne l\u2019un des signataires de la lettre \u00e0 l\u2019INRA.\u00a0<strong>\u00ab\u00a0Un courriel nous a indiqu\u00e9 vendredi que nous aurions une r\u00e9ponse \u00e9crite, mais on nous l\u2019avait promise pour mars, apr\u00e8s le salon de l\u2019agriculture.\u00a0\u00bb<\/strong><\/span><\/p>\n<p><span style=\"color: #000000;\">La r\u00e9ponse de l\u2019INRA compte cinquante pages, soit cinq fois plus que le courrier envoy\u00e9 \u00e0 l\u2019institut par les chercheurs&#8230; L\u2019INRA y juge que ce courrier des chercheurs a un<strong>\u00a0\u00ab\u00a0caract\u00e8re quelque peu particulier<\/strong> (&#8230;) dans la mesure o\u00f9 il est tr\u00e8s souvent r\u00e9dig\u00e9 en extrayant des extraits de phrase et de paragraphes en omettant l\u2019ensemble du texte dans lequel s\u2019inscrivent lesdites phrases et paragraphes, et en tirant de ces extraits des interpr\u00e9tations qui ne nous semblent pas refl\u00e9ter le contenu de l\u2019ensemble de l\u2019\u00e9crit.\u00a0\u00bb<\/span><\/p>\n<p><span style=\"color: #000000;\">Enfin, M.\u00a0Launay indique au t\u00e9l\u00e9phone que la direction de l\u2019INRA ne\u00a0\u00ab\u00a0conteste pas l\u2019int\u00e9r\u00eat d\u2019un d\u00e9bat sur le sujet.\u00a0\u00bb\u00a0Mais affirme qu\u2019il doit avant tout avoir lieu avec les auteurs de la critique du rapport\u00a0:\u00a0<strong>\u00ab\u00a0Nous ne souhaitons pas nous exprimer sur le sujet sachant que nous n\u2019avons pas encore discut\u00e9 du sujet avec les p\u00e9titionnaires.\u00a0\u00bb<\/strong><\/span><\/p>\n<p><strong><span style=\"color: #000000;\">Des parlementaires se saisissent du sujet.\u00a0<\/span><\/strong><span style=\"color: #000000;\"><strong>La r\u00e9v\u00e9lation de cette lettre a \u00e9galement suscit\u00e9 plusieurs r\u00e9actions politiques.<\/strong> Brigitte Allain, d\u00e9put\u00e9 Europe-Ecologie Les Verts de Dordogne, envoie aujourd\u2019hui une question \u00e9crite au ministre de l\u2019agriculture St\u00e9phane Le Foll. La d\u00e9put\u00e9e\u00a0<strong>\u00ab\u00a0prend acte de la contestation sans pr\u00e9c\u00e9dent<\/strong> auquel ce rapport donne lieu dans la communaut\u00e9 acad\u00e9mique. De plus, elle s\u2019\u00e9tonne des <strong>conclusions particuli\u00e8rement n\u00e9gatives et partisanes qu\u2019il formule sur l\u2019agriculture biologique fran\u00e7aise.<\/strong>\u00ab\u00a0<\/span><\/p>\n<p><span style=\"color: #000000;\">Elle reprend les requ\u00eates des scientifiques contestant le rapport et demande au ministre\u00a0<strong>\u00ab\u00a0s\u2019il envisage de retirer cette publication et de demander une expertise scientifique collective\u00a0\u00bb.<\/strong><\/span><\/p>\n<p><span style=\"color: #000000;\">Le s\u00e9nateur \u00e9cologiste du Morbihan <strong>Jo\u00ebl Labb\u00e9<\/strong> a \u00e9galement annonc\u00e9 avoir envoy\u00e9 un courrier \u00e0 St\u00e9phane Le Foll.<\/span><\/p>\n<div><\/div>\n<address><span style=\"color: #000000;\">Source\u00a0:\u00a0Reporterre<\/span><\/address>\n<address>Cr\u00e9dit photo :\u00a0http:\/\/www.afrodeau1.com\/<\/address>\n<p><span style=\"color: #000000;\">\u00a0<\/span><\/p>\n","protected":false},"excerpt":{"rendered":"<p>Le rapport partial de l\u2019INRA sur l\u2019agriculture bio\u00a0: les politiques s\u2019en m\u00ealent.\u00a0Suite \u00e0 la r\u00e9v\u00e9lation de la bronca des scientifiques contre un rapport jug\u00e9 partial sur l\u2019agriculture biologique, la direction de l\u2019INRA sort de son silence.\u00a0Reporterre\u00a0publie sa r\u00e9ponse. Des responsables &hellip; <a href=\"https:\/\/claire-jannot.com\/?p=5213\">Continuer la lecture <span class=\"meta-nav\">&rarr;<\/span><\/a><\/p>\n","protected":false},"author":1,"featured_media":0,"comment_status":"open","ping_status":"open","sticky":false,"template":"","format":"standard","meta":{"jetpack_post_was_ever_published":false,"_jetpack_newsletter_access":"","_jetpack_dont_email_post_to_subs":false,"_jetpack_newsletter_tier_id":0,"_jetpack_memberships_contains_paywalled_content":false,"_jetpack_memberships_contains_paid_content":false,"footnotes":"","jetpack_publicize_message":"","jetpack_publicize_feature_enabled":true,"jetpack_social_post_already_shared":true,"jetpack_social_options":{"image_generator_settings":{"template":"highway","default_image_id":0,"font":"","enabled":false},"version":2}},"categories":[1,2],"tags":[42,22,4,5,9,10,11],"class_list":["post-5213","post","type-post","status-publish","format-standard","hentry","category-alimentation","category-ecologie","tag-agriculture","tag-biologique","tag-ecologie2","tag-environnement","tag-ogm","tag-sante","tag-societe-2"],"jetpack_publicize_connections":[],"jetpack_featured_media_url":"","jetpack_sharing_enabled":true,"jetpack_shortlink":"https:\/\/wp.me\/p5jjt5-1m5","_links":{"self":[{"href":"https:\/\/claire-jannot.com\/index.php?rest_route=\/wp\/v2\/posts\/5213","targetHints":{"allow":["GET"]}}],"collection":[{"href":"https:\/\/claire-jannot.com\/index.php?rest_route=\/wp\/v2\/posts"}],"about":[{"href":"https:\/\/claire-jannot.com\/index.php?rest_route=\/wp\/v2\/types\/post"}],"author":[{"embeddable":true,"href":"https:\/\/claire-jannot.com\/index.php?rest_route=\/wp\/v2\/users\/1"}],"replies":[{"embeddable":true,"href":"https:\/\/claire-jannot.com\/index.php?rest_route=%2Fwp%2Fv2%2Fcomments&post=5213"}],"version-history":[{"count":1,"href":"https:\/\/claire-jannot.com\/index.php?rest_route=\/wp\/v2\/posts\/5213\/revisions"}],"predecessor-version":[{"id":5432,"href":"https:\/\/claire-jannot.com\/index.php?rest_route=\/wp\/v2\/posts\/5213\/revisions\/5432"}],"wp:attachment":[{"href":"https:\/\/claire-jannot.com\/index.php?rest_route=%2Fwp%2Fv2%2Fmedia&parent=5213"}],"wp:term":[{"taxonomy":"category","embeddable":true,"href":"https:\/\/claire-jannot.com\/index.php?rest_route=%2Fwp%2Fv2%2Fcategories&post=5213"},{"taxonomy":"post_tag","embeddable":true,"href":"https:\/\/claire-jannot.com\/index.php?rest_route=%2Fwp%2Fv2%2Ftags&post=5213"}],"curies":[{"name":"wp","href":"https:\/\/api.w.org\/{rel}","templated":true}]}}