{"id":5223,"date":"2014-02-23T17:49:30","date_gmt":"2014-02-23T16:49:30","guid":{"rendered":"http:\/\/www.clairejannot.com\/?p=5223"},"modified":"2014-11-29T15:10:56","modified_gmt":"2014-11-29T14:10:56","slug":"comment-le-mais-ogm-tue-les-abeilles","status":"publish","type":"post","link":"https:\/\/claire-jannot.com\/?p=5223","title":{"rendered":"Comment le ma\u00efs OGM tue les abeilles"},"content":{"rendered":"<h2><span style=\"color: #000000;\">Avant c\u2019\u00e9tait facile\u00a0: il y avait les plantes alimentaires et les plantes insecticides, par exemple le pyr\u00e8thre.<\/span><\/h2>\n<p><span style=\"color: #000000;\">On ne mangeait pas les <strong>plantes insecticides.<\/strong> On les cultivait &#8211; on cultive toujours le <strong>pyr\u00e8thre au Kenya<\/strong> &#8211; pour fabriquer des poisons plus violents quelquefois que ceux de l\u2019industrie, mais <strong>sans r\u00e9sidu<\/strong>, qui disparaissent avec la d\u00e9pouille de leur victime, par d\u00e9composition.<\/span><\/p>\n<p><strong><span style=\"color: #000000;\">Avec les OGM tout change\u00a0: une toxine insecticide emprunt\u00e9e \u00e0 une bact\u00e9rie du sol se reproduit dans l\u2019aliment et agit de l\u2019int\u00e9rieur.<\/span><\/strong><\/p>\n<p><span style=\"color: #000000;\"><strong>La culture ne r\u00e9siste pas aux insectes, comme on l\u2019all\u00e8gue, elle les tue. La plante alimentaire devient insecticide.<\/strong> Reste \u00e0 savoir ce qui peut y r\u00e9sister.<\/span><br \/> <span style=\"color: #000000;\"> Les abeilles sont des insectes, victimes des insecticides en g\u00e9n\u00e9ral. Les obtenteurs de plantes comestibles insecticides pr\u00e9tendent vendre, assez cher, de merveilleuses exceptions.<\/span><\/p>\n<p><span style=\"color: #000000;\">Des apiculteurs pensent au contraire que ces OGM fragilisent les ruches, d\u00e9j\u00e0 sous la menace d\u2019autres dangers. A l\u2019appui de cet argument, ils ne peuvent fournir que leurs observations et leur m\u00e9tier\u00a0: <strong>si le ma\u00efs insecticide Mon 810 tue les abeilles, on ne pourra pas le prouver.<\/strong><\/span><\/p>\n<p><span style=\"color: #000000;\">Le crime serait presque parfait :\u00a0<\/span><span style=\"color: #000000;\">Les butineuses voyagent \u00e0 10 km et plus (travaux de Luc Belzunce \u00e0 l\u2019INRA), effort consid\u00e9rable et elles ont faim. Elles se nourrissent de pollen bourr\u00e9 de prot\u00e9ines qui s\u2019attache \u00e0 leurs brosses quand elles visitent les fleurs (et pr\u00e9l\u00e8vent avec leur trompe du nectar dont la ruche tire le miel).\u00a0<\/span><\/p>\n<p><span style=\"color: #000000;\"> Le ma\u00efs \u00e9met son pollen en nuage visible et le confie au vent. Les abeilles cherchent plut\u00f4t celui, lourd et nourrissant, des plantes mellif\u00e8res, mais le<strong> ma\u00efs OGM produit beaucoup de pollen.<\/strong><\/span><\/p>\n<p><span style=\"color: #000000;\">Le ma\u00efs OGM fabrique davantage de pollen que ses cousins si bien (certains disent\u00a0<i>\u00ab\u00a0en sorte\u00a0\u00bb<\/i>) qu\u2019il se croise avec les ma\u00efs alentour et d\u00e9nature leurs grains. Une firme a ainsi pu poursuivre au Canada Percy Schmeiser, cultivateur de vieux ma\u00efs am\u00e9ricains, pour contrefa\u00e7on (ou copie ill\u00e9gale) d\u2019OGM, et les juges l\u2019ont condamn\u00e9. D\u2019\u00e9vidence le pollueur n\u2019est pas toujours le payeur.<\/span><\/p>\n<p><span style=\"color: #000000;\">Les ailes de l\u2019abeille vrombissent si vite qu\u2019on ne les voit pas. Ce m\u00e9tabolisme ultra rapide, vorace en \u00e9nergie, dig\u00e8re aussi \u00e0 toute vitesse. <strong>Si la butineuse avale un toxique, mettons un pollen insecticide, tomb\u00e9 par extraordinaire dans une fleur \u00e0 nectar, elle succombe en vol et ne revient jamais.<\/strong><\/span><\/p>\n<p><span style=\"color: #000000;\"><strong>Le miel est propre mais la preuve du crime\u00a0: le cadavre de l\u2019abeille, a disparu.<\/strong> Allez le d\u00e9couvrir dans un rayon de 10 km\u2026<\/span><\/p>\n<p><span style=\"color: #000000;\">Du c\u00f4t\u00e9 des coccinelles :\u00a0<\/span><span style=\"color: #000000;\">Les larves de coccinelles d\u00e9vorent les pucerons. Les jardiniers le savent et \u00e9vitent de traiter \u00e0 la premi\u00e8re attaque, de crainte d\u2019\u00e9liminer les b\u00eates \u00e0 Bon Dieu et leurs pr\u00e9cieux rejetons.<\/span><\/p>\n<p><span style=\"color: #000000;\">Des chercheurs ont \u00e9lev\u00e9 des larves de coccinelles \u00e0 deux points (<i>Aralia bipunctata<\/i>) sur des \u0153ufs de mites de farine (<i>\u00ab\u00a0pyrales\u00a0\u00bb<\/i>), enduits de toxines microbiennes utilis\u00e9es dans les OGM insecticides. Les larves ont vite succomb\u00e9. Cette \u00e9tude (parmi d\u2019autres), a entra\u00een\u00e9 l\u2019interdiction du ma\u00efs Mon 810 en Allemagne. D\u2019autres chercheurs ont contredit ces r\u00e9sultats\u00a0:<strong> les larves de coccinelles auraient surv\u00e9cu. Il appara\u00eet maintenant qu\u2019ils les \u00f4taient, de temps en temps, de leur nourriture badigeonn\u00e9e de toxines pour varier leur menu.<\/strong><\/span><\/p>\n<p><span style=\"color: #000000;\">Fragilit\u00e9 des OGM (et de l\u2019information) :\u00a0<\/span><span style=\"color: #000000;\">Trois laboratoires de biologie mol\u00e9culaire, \u00e0 Barcelone en Espagne, \u00e0 Lucknow en Inde et \u00e0 Florence en Italie, ont v\u00e9rifi\u00e9 le <strong>g\u00e9nome du ma\u00efs Mon 810<\/strong> (insecticide) et d\u00e9couvert que sa description ne correspondait plus au produit\u00a0: <strong>de l\u2019ADN a boug\u00e9 et s\u2019est re-m\u00e9lang\u00e9<\/strong>\u00a0; ils y ont par exemple trouv\u00e9 <strong>le g\u00e8ne assez ennuyeux\u00a0<i>nptii<\/i>, de r\u00e9sistance \u00e0 2 antibiotiques (kanamycine et n\u00e9omycine)<\/strong>, qui ne figurait pas dans la carte g\u00e9n\u00e9tique soumise aux autorit\u00e9s. Comment y est \u2013il venu\u00a0? Myst\u00e8re. La biologie mol\u00e9culaire emploie des antibiotiques comme outils. Les r\u00e9sultats ont paru dans les revues de sp\u00e9cialistes, dont les r\u00e9f\u00e9rences se trouvent \u00e0 partir du site extraordinaire de la bio-physicienne Mae-Wan Ho I-sis, Institute of Science in Society.<\/span><\/p>\n<p><span style=\"color: #000000;\">Ceci pose la question du <strong>transfert horizontal d\u2019ADN, d\u2018esp\u00e8ce \u00e0 esp\u00e8ce, par opposition au transfert vertical de g\u00e9n\u00e9ration en g\u00e9n\u00e9ration.<\/strong> Les constructions g\u00e9n\u00e9tiques artificielles semblent en effet plus fragiles que les g\u00e8nes d\u2019origine et susceptibles de se promener et fabriquer par exemple, de nouveaux microbes infectieux.<\/span><\/p>\n<p><span style=\"color: #000000;\">Un scientifique de l\u2019universit\u00e9 de I\u00e9na, en Allemagne, aurait selon Ho, \u00e9lev\u00e9 des larves d\u2019abeilles sur du pollen OGM et retrouv\u00e9 le transg\u00e8ne (transf\u00e9r\u00e9 dans la plante) parmi les g\u00e8nes des bact\u00e9ries de leur tube digestif \u2026 Un journaliste l\u2019a racont\u00e9 dans\u00a0\u00ab\u00a0The Observer\u00a0\u00bb\u00a0en Angleterre. Puis un reporter de la t\u00e9l\u00e9vision ZDF lui a rendu visite et, au passage, annonc\u00e9 que sa publication serait refus\u00e9e par \u00ab\u00a0Nature\u00a0\u00bb\u00a0: il le tenait de Monsanto qui l\u2019a su avant le chercheur. Ainsi va notre m\u00e9tier.<\/span><\/p>\n<address><span style=\"color: #000000;\"><i>Source : Reporterre &#8211; Marie-Paule Nougaret<\/i><i><\/i><\/span><\/address>\n<address>\u00a0<\/address>\n<p><span style=\"color: #000000;\"><i><br \/> <\/i><i><\/i><\/span><\/p>\n<p>&nbsp;<\/p>\n<p>&nbsp;<\/p>\n<p><span style=\"color: #000000;\">\u00a0<\/span><\/p>\n<h2>\u00a0<\/h2>\n<div>\u00a0<\/div>\n","protected":false},"excerpt":{"rendered":"<p>Avant c\u2019\u00e9tait facile\u00a0: il y avait les plantes alimentaires et les plantes insecticides, par exemple le pyr\u00e8thre. On ne mangeait pas les plantes insecticides. On les cultivait &#8211; on cultive toujours le pyr\u00e8thre au Kenya &#8211; pour fabriquer des poisons &hellip; <a href=\"https:\/\/claire-jannot.com\/?p=5223\">Continuer la lecture <span class=\"meta-nav\">&rarr;<\/span><\/a><\/p>\n","protected":false},"author":1,"featured_media":0,"comment_status":"open","ping_status":"open","sticky":false,"template":"","format":"standard","meta":{"jetpack_post_was_ever_published":false,"_jetpack_newsletter_access":"","_jetpack_dont_email_post_to_subs":false,"_jetpack_newsletter_tier_id":0,"_jetpack_memberships_contains_paywalled_content":false,"_jetpack_memberships_contains_paid_content":false,"footnotes":"","jetpack_publicize_message":"","jetpack_publicize_feature_enabled":true,"jetpack_social_post_already_shared":true,"jetpack_social_options":{"image_generator_settings":{"template":"highway","default_image_id":0,"font":"","enabled":false},"version":2}},"categories":[1,2],"tags":[42,3,4,5,9,36,48],"class_list":["post-5223","post","type-post","status-publish","format-standard","hentry","category-alimentation","category-ecologie","tag-agriculture","tag-consommation","tag-ecologie2","tag-environnement","tag-ogm","tag-pollution","tag-vie-animale"],"jetpack_publicize_connections":[],"jetpack_featured_media_url":"","jetpack_sharing_enabled":true,"jetpack_shortlink":"https:\/\/wp.me\/p5jjt5-1mf","_links":{"self":[{"href":"https:\/\/claire-jannot.com\/index.php?rest_route=\/wp\/v2\/posts\/5223","targetHints":{"allow":["GET"]}}],"collection":[{"href":"https:\/\/claire-jannot.com\/index.php?rest_route=\/wp\/v2\/posts"}],"about":[{"href":"https:\/\/claire-jannot.com\/index.php?rest_route=\/wp\/v2\/types\/post"}],"author":[{"embeddable":true,"href":"https:\/\/claire-jannot.com\/index.php?rest_route=\/wp\/v2\/users\/1"}],"replies":[{"embeddable":true,"href":"https:\/\/claire-jannot.com\/index.php?rest_route=%2Fwp%2Fv2%2Fcomments&post=5223"}],"version-history":[{"count":2,"href":"https:\/\/claire-jannot.com\/index.php?rest_route=\/wp\/v2\/posts\/5223\/revisions"}],"predecessor-version":[{"id":5476,"href":"https:\/\/claire-jannot.com\/index.php?rest_route=\/wp\/v2\/posts\/5223\/revisions\/5476"}],"wp:attachment":[{"href":"https:\/\/claire-jannot.com\/index.php?rest_route=%2Fwp%2Fv2%2Fmedia&parent=5223"}],"wp:term":[{"taxonomy":"category","embeddable":true,"href":"https:\/\/claire-jannot.com\/index.php?rest_route=%2Fwp%2Fv2%2Fcategories&post=5223"},{"taxonomy":"post_tag","embeddable":true,"href":"https:\/\/claire-jannot.com\/index.php?rest_route=%2Fwp%2Fv2%2Ftags&post=5223"}],"curies":[{"name":"wp","href":"https:\/\/api.w.org\/{rel}","templated":true}]}}