{"id":5240,"date":"2014-02-25T17:08:41","date_gmt":"2014-02-25T16:08:41","guid":{"rendered":"http:\/\/www.clairejannot.com\/?p=5240"},"modified":"2014-11-27T12:48:14","modified_gmt":"2014-11-27T11:48:14","slug":"qui-sont-les-villes-francaises-les-plus-vertes","status":"publish","type":"post","link":"https:\/\/claire-jannot.com\/?p=5240","title":{"rendered":"Qui sont les villes fran\u00e7aises les plus vertes ?"},"content":{"rendered":"<h2><span style=\"color: #000000;\">Angers, Nantes et Limoges sont les villes les plus vertes de France selon le premier palmar\u00e8s \u00e9tabli par l&rsquo;Union nationale des entreprises du paysage (Unep), un regroupement de professionnels, et publi\u00e9 mercredi.<\/span><\/h2>\n<div id=\"attachment_5248\" style=\"width: 442px\" class=\"wp-caption alignleft\"><a href=\"https:\/\/i0.wp.com\/www.clairejannot.com\/wp-content\/uploads\/2014\/02\/Nantes.jpg\"><img data-recalc-dims=\"1\" loading=\"lazy\" decoding=\"async\" aria-describedby=\"caption-attachment-5248\" class=\" wp-image-5248   \" alt=\"Le Ch\u00e2teau de Nantes\" src=\"https:\/\/i0.wp.com\/www.clairejannot.com\/wp-content\/uploads\/2014\/02\/Nantes.jpg?resize=432%2C280\" width=\"432\" height=\"280\" \/><\/a><p id=\"caption-attachment-5248\" class=\"wp-caption-text\">Le Ch\u00e2teau de Nantes (44) vu du ciel<\/p><\/div>\n<p><span style=\"color: #000000;\">L&rsquo;Unep a sollicit\u00e9 les <strong>50 plus grandes villes de France<\/strong>, soit des agglom\u00e9rations d\u00e9passant les <strong>85.000 habitants<\/strong>, et les a pass\u00e9es au crible de <strong>cinq grands crit\u00e8res<\/strong> via une cinquantaine d&rsquo;indicateurs: <strong>le patrimoine vert accessible au public, les efforts d&rsquo;investissement en faveur du d\u00e9veloppement du v\u00e9g\u00e9tal, la pr\u00e9servation de la biodiversit\u00e9, la gestion des d\u00e9chets verts et la promotion des espaces verts.<\/strong><\/span><\/p>\n<p><span style=\"color: #000000;\">Dans ce palmar\u00e8s, la France appara\u00eet coup\u00e9e en deux avec neuf des dix premi\u00e8res villes appartenant \u00e0 la moiti\u00e9 nord: Angers, Nantes, Limoges, Lyon, Metz, Brest, Amiens, Reims, Nancy et Strasbourg.<\/span><\/p>\n<p><span style=\"color: #000000;\"><strong>La laur\u00e9ate Angers<\/strong> appara\u00eet comme celle consacrant la part la plus importante du budget \u00e0 la cr\u00e9ation de nouveaux espaces verts: <strong>5% , soit quatre fois plus<\/strong> que la moyenne nationale. Elle est aussi la ville o\u00f9 les habitants disposent de <strong>51 m2 d&rsquo;espaces verts par personne, soit 20 m2 de plus<\/strong> que la moyenne des villes.<\/span><\/p>\n<p><span style=\"color: #000000;\">Nantes se distingue elle par sa politique biodiversit\u00e9 avec <strong>12 hectares de zones humides<\/strong>, un inventaire annuel de la faune et la flore et 34 m2 d&rsquo;espaces verts par habitant, une surface importante pour une m\u00e9tropole.<\/span><\/p>\n<p><span style=\"color: #000000;\"><strong>Limoges offre 52 m2<\/strong> d&rsquo;espaces verts par habitant et investit aussi beaucoup dans des zones de loisirs vertes: en trente ans, 200 nouveaux espaces ont \u00e9t\u00e9 am\u00e9nag\u00e9s.<\/span><\/p>\n<p><span style=\"color: #000000;\">Sur le seul crit\u00e8re du patrimoine vert &#8211; qui ne se limite pas aux parcs et jardins mais prend en compte <strong>les arbres class\u00e9s, les toitures v\u00e9g\u00e9tales, les trames vertes<\/strong> &#8211; Angers est suivie de Limoges, Brest, Dijon et Caen.<\/span><\/p>\n<p><span style=\"color: #000000;\">Sur la base de l&rsquo;investissement <strong>en faveur du v\u00e9g\u00e9tal<\/strong> (rapport\u00e9 au nombre d&rsquo;habitants), Angers arrive encore en t\u00eate devant Lyon, Strasbourg, Limoges et Villeurbanne.<\/span><\/p>\n<p><span style=\"color: #000000;\">L&rsquo;Unep note qu&rsquo;un faible investissement peut \u00eatre li\u00e9 \u00e0 des am\u00e9nagements d\u00e9j\u00e0 bien pr\u00e9sents et du coup \u00e0 des budgets davantage li\u00e9s \u00e0 l&rsquo;entretien, comme Nantes, Rennes, Metz.<\/span><\/p>\n<p><span style=\"color: #000000;\">Certaines villes innovent, souligne \u00e9galement l&rsquo;Unep, avec par exemple \u00e0 <strong>Lille une prime pour les toitures v\u00e9g\u00e9tales<\/strong>, des <strong>murs v\u00e9g\u00e9taux encourag\u00e9s \u00e0 Rennes<\/strong>, et un grand programme de <strong>toitures v\u00e9g\u00e9tales \u00e0 Marseille<\/strong>, qui affiche un hectare install\u00e9 \u00e0 ce jour.<\/span><\/p>\n<p><span style=\"color: #000000;\">Marseille arrive aussi \u00e0 la 3e place pour la <strong>biodiversit\u00e9<\/strong>, derri\u00e8re Bordeaux et Angers, puis Nancy et Metz. Une politique biodiversit\u00e9 peut notamment comprendre des <strong>ruches urbaines, des pigeonniers, de l&rsquo;\u00e9co-paturage, la r\u00e9duction de pesticides, etc.<\/strong><\/span><\/p>\n<p><span style=\"color: #000000;\"><strong>Sur la gestion des d\u00e9chets verts, Brest, Paris et Metz affichent la politique de tri la plus pouss\u00e9e<\/strong>, devant Nancy et Rennes, selon l&rsquo;Unep.<\/span><\/p>\n<p><span style=\"color: #000000;\">Selon la m\u00e9thodologie retenue par l&rsquo;Unep, la surface d&rsquo;espaces verts, le taux d&rsquo;investissement pour la cr\u00e9ation d&rsquo;espaces verts, le budget total espaces verts et la note <strong>\u00ab\u00a0villes et villages fleuris\u00a0\u00bb<\/strong> sont les crit\u00e8res ayant la plus grosse pond\u00e9ration pour le palmar\u00e8s.<\/span><\/p>\n<address><span style=\"color: #000000;\">Source :\u00a0PARIS,\u00a019 f\u00e9v 2014 (AFP)\u00a0<\/span><\/address>\n<address><span style=\"color: #000000;\">Cr\u00e9dit photo :\u00a0LP de Nantes<\/span><\/address>\n<address>\u00a0<\/address>\n<address>\u00a0<\/address>\n<address>\u00a0<\/address>\n<address>\u00a0<\/address>\n<address>\u00a0<\/address>\n<address>\u00a0<\/address>\n","protected":false},"excerpt":{"rendered":"<p>Angers, Nantes et Limoges sont les villes les plus vertes de France selon le premier palmar\u00e8s \u00e9tabli par l&rsquo;Union nationale des entreprises du paysage (Unep), un regroupement de professionnels, et publi\u00e9 mercredi. L&rsquo;Unep a sollicit\u00e9 les 50 plus grandes villes &hellip; <a href=\"https:\/\/claire-jannot.com\/?p=5240\">Continuer la lecture <span class=\"meta-nav\">&rarr;<\/span><\/a><\/p>\n","protected":false},"author":1,"featured_media":0,"comment_status":"open","ping_status":"open","sticky":false,"template":"","format":"standard","meta":{"jetpack_post_was_ever_published":false,"_jetpack_newsletter_access":"","_jetpack_dont_email_post_to_subs":false,"_jetpack_newsletter_tier_id":0,"_jetpack_memberships_contains_paywalled_content":false,"_jetpack_memberships_contains_paid_content":false,"footnotes":"","jetpack_publicize_message":"","jetpack_publicize_feature_enabled":true,"jetpack_social_post_already_shared":true,"jetpack_social_options":{"image_generator_settings":{"template":"highway","default_image_id":0,"font":"","enabled":false},"version":2}},"categories":[2,47],"tags":[42,26,39,4,44,5,21,11],"class_list":["post-5240","post","type-post","status-publish","format-standard","hentry","category-ecologie","category-societe","tag-agriculture","tag-architecture","tag-eau","tag-ecologie2","tag-energie","tag-environnement","tag-jardin","tag-societe-2"],"jetpack_publicize_connections":[],"jetpack_featured_media_url":"","jetpack_sharing_enabled":true,"jetpack_shortlink":"https:\/\/wp.me\/p5jjt5-1mw","_links":{"self":[{"href":"https:\/\/claire-jannot.com\/index.php?rest_route=\/wp\/v2\/posts\/5240","targetHints":{"allow":["GET"]}}],"collection":[{"href":"https:\/\/claire-jannot.com\/index.php?rest_route=\/wp\/v2\/posts"}],"about":[{"href":"https:\/\/claire-jannot.com\/index.php?rest_route=\/wp\/v2\/types\/post"}],"author":[{"embeddable":true,"href":"https:\/\/claire-jannot.com\/index.php?rest_route=\/wp\/v2\/users\/1"}],"replies":[{"embeddable":true,"href":"https:\/\/claire-jannot.com\/index.php?rest_route=%2Fwp%2Fv2%2Fcomments&post=5240"}],"version-history":[{"count":1,"href":"https:\/\/claire-jannot.com\/index.php?rest_route=\/wp\/v2\/posts\/5240\/revisions"}],"predecessor-version":[{"id":5580,"href":"https:\/\/claire-jannot.com\/index.php?rest_route=\/wp\/v2\/posts\/5240\/revisions\/5580"}],"wp:attachment":[{"href":"https:\/\/claire-jannot.com\/index.php?rest_route=%2Fwp%2Fv2%2Fmedia&parent=5240"}],"wp:term":[{"taxonomy":"category","embeddable":true,"href":"https:\/\/claire-jannot.com\/index.php?rest_route=%2Fwp%2Fv2%2Fcategories&post=5240"},{"taxonomy":"post_tag","embeddable":true,"href":"https:\/\/claire-jannot.com\/index.php?rest_route=%2Fwp%2Fv2%2Ftags&post=5240"}],"curies":[{"name":"wp","href":"https:\/\/api.w.org\/{rel}","templated":true}]}}