{"id":5256,"date":"2014-02-26T15:26:34","date_gmt":"2014-02-26T14:26:34","guid":{"rendered":"http:\/\/www.clairejannot.com\/?p=5256"},"modified":"2015-01-06T21:10:59","modified_gmt":"2015-01-06T20:10:59","slug":"pollution-quand-la-chine-setouffe","status":"publish","type":"post","link":"https:\/\/claire-jannot.com\/?p=5256","title":{"rendered":"Pollution : Quand la Chine s&rsquo;\u00e9touffe"},"content":{"rendered":"<h2><span style=\"color: #000000;\">\u00abLe smog est si \u00e9pais que je n\u2019arrive plus \u00e0 distinguer l\u2019immeuble en face de chez moi. Je n\u2019ose plus mettre le nez dehors, \u00e7a me rend malade\u00bb,\u00a0raconte Gao, une journaliste retrait\u00e9e qui vit dans la banlieue de P\u00e9kin.<\/span><\/h2>\n<p><span style=\"color: #000000;\">Le taux de <strong>concentration des microparticules<\/strong> dans l\u2019air de la capitale tourne depuis une semaine autour de <strong>400\u00a0\u00e0 500 microgrammes par m\u00e8tre cube \u2013 soit 16\u00a0\u00e0 20 fois le maximum conseill\u00e9 par l\u2019Organisation mondiale de la sant\u00e9 (OMS).<\/strong>\u00a0\u00abLes gens sont de plus en plus exasp\u00e9r\u00e9s\u00bb,\u00a0note Gao.<\/span><\/p>\n<p><span style=\"color: #000000;\">A <strong>Shijiazhuang<\/strong>, une ville industrielle proche de P\u00e9kin o\u00f9 la <strong>concentration des microparticules dans l\u2019air d\u00e9passe parfois 900 (36 fois le niveau maximum conseill\u00e9 par l\u2019OMS)<\/strong>, un habitant a os\u00e9, mardi, <strong>porter plainte<\/strong> contre la municipalit\u00e9. L\u2019audacieux, <strong>Li Guixin<\/strong>, accuse les autorit\u00e9s de ne rien faire pour\u00a0\u00abcontr\u00f4ler la pollution\u00bb\u00a0et ainsi de\u00abfaillir \u00e0 son devoir\u00bb.\u00a0Il r\u00e9clame qu\u2019on lui rembourse l\u2019argent qu\u2019il a d\u00e9pens\u00e9 pour acheter les masques chirurgicaux qu\u2019il porte en ext\u00e9rieur, un appareil \u00e0 nettoyer l\u2019air, et une machine \u00e0 faire de l\u2019exercice en int\u00e9rieur. Il y a peu de chance que le tribunal accepte sa plainte, puisqu\u2019elle met en cause les autorit\u00e9s.<\/span><\/p>\n<p><span style=\"color: #000000;\">Alors qu\u2019une grande partie du nord de la Chine \u00e9touffe depuis plus d\u2019une semaine sous un \u00e9c\u0153urant nuage de pollution, la <strong>presse officielle<\/strong> s\u2019emploie \u00e0 relativiser les effets de ces vapeurs toxiques sur la sant\u00e9.\u00a0<strong>\u00abLe degr\u00e9 de risque des microparticules, m\u00eame si celles-ci sont de taille identique, varie grandement selon leur composition, s\u2019accordent \u00e0 dire les experts\u00bb<\/strong>,\u00a0lit-on aujourd\u2019hui dans le\u00a0<strong>China Daily.<\/strong><\/span><\/p>\n<p><span style=\"color: #000000;\">Le quotidien\u00a0Huanqiu\u00a0assure de son c\u00f4t\u00e9 que\u00a0<strong>\u00abla cause de la pollution est inconnue\u00bb<\/strong>\u00a0et qu\u2019\u00abil n\u2019y a pas d\u2019explication scientifique fiable sur l\u2019origine de ce probl\u00e8me d\u2019air\u00bb.\u00a0Un g\u00e9n\u00e9ral de l\u2019arm\u00e9e de terre a de son c\u00f4t\u00e9 d\u00e9clar\u00e9 sur la cha\u00eene nationale que <strong>le brouillard polluant avait\u00a0\u00abcertains avantages\u00bb,\u00a0comme celui de dissimuler les cibles aux missiles de croisi\u00e8res am\u00e9ricains au cas o\u00f9 Washington attaquerait la Chine\u2026<\/strong><\/span><\/p>\n<p><span style=\"color: #000000;\">La police de l\u2019Internet, pour sa part, s\u2019emploie \u00e0 <strong>censurer les r\u00e9actions exasp\u00e9r\u00e9es des Chinois<\/strong> confront\u00e9s, surtout dans le nord-est du pays, \u00e0 un air irrespirable. Une \u00e9tude scientifique chinoise concluant que P\u00e9kin n\u2019\u00e9tait\u00a0\u00abplus adapt\u00e9 \u00e0 la vie humaine\u00bb\u00a0a disparu d\u2019Internet sit\u00f4t qu\u2019elle a \u00e9t\u00e9 publi\u00e9e. Idem pour un tweet publi\u00e9 sur le microblog de la t\u00e9l\u00e9vision officielle <strong>CCTV,<\/strong> qui accusait la semaine derni\u00e8re la municipalit\u00e9 de P\u00e9kin de passivit\u00e9. Son auteur, un employ\u00e9 de <strong>CCTV<\/strong>, aurait \u00e9t\u00e9 depuis r\u00e9trograd\u00e9 dans ses fonctions. P\u00e9kin s\u2019est n\u00e9anmoins d\u00e9cid\u00e9 le lendemain \u00e0 mettre en place le <strong>\u00abplan d\u2019alerte orange\u00bb<\/strong> contre la pollution qu\u2019il aurait d\u00fb d\u00e9clencher depuis plusieurs jours d\u00e9j\u00e0. Celui-ci recommande la fermeture de certaines usines, une r\u00e9duction du nombre des voitures sur les routes et d\u00e9courage les activit\u00e9s sportives ext\u00e9rieures dans les \u00e9coles. Mais personne n\u2019est all\u00e9 v\u00e9rifier pour savoir si il \u00e9tait appliqu\u00e9.<\/span><\/p>\n<p><span style=\"color: #000000;\">Les autorit\u00e9s assurent depuis des ann\u00e9es qu\u2019elles prennent le probl\u00e8me \u00e0 bras-le-corps, mais entre-temps la pollution n\u2019a fait que s\u2019aggraver. <strong>Le repr\u00e9sentant de l\u2019OMS \u00e0 P\u00e9kin, Bernhard Schwartlander<\/strong> a cru bon de rappeler cette semaine qu\u2019il est\u00a0\u00abbel et bien prouv\u00e9 que sur le long terme, de hauts niveaux de pollution peuvent, entre autre, provoquer des cancers du poumon\u00bb.\u00a0Sans surprise, son diagnostic n\u2019a pas \u00e9t\u00e9 r\u00e9percut\u00e9 dans les m\u00e9dias officiels, pas plus que celui de <strong>Bai Chunxue<\/strong>, un expert shangha\u00efen des maladies respiratoires. Celui-ci pr\u00e9voit en Chine\u00a0<strong>\u00abune multiplication des maladies respiratoires, cancer du poumon, asthme, pneumonie et maladies cardiaques\u00bb<\/strong>.\u00a0Plus cat\u00e9gorique encore, l\u2019ancien ministre chinois de la Sant\u00e9, <strong>Chen Zhu,<\/strong> confiait voil\u00e0 quelques mois au journal m\u00e9dical britannique\u00a0The Lancet\u00a0que la pollution en Chine provoque d\u00e9j\u00e0 chaque ann\u00e9e <strong>entre 300\u00a0000 et un demi-million\u00a0de morts pr\u00e9matur\u00e9es.<\/strong><\/span><\/p>\n<address><span style=\"color: #000000;\">Source : liberation.fr &#8211;\u00a0Par\u00a0Philippe Grangereau<\/span><\/address>\n<address>\u00a0<\/address>\n<address><span style=\"color: #000000;\">\u00a0<\/span><\/address>\n<address><span style=\"color: #000000;\">\u00a0<\/span><\/address>\n<address><span style=\"color: #000000;\">\u00a0<\/span><\/address>\n<address><span style=\"color: #000000;\">\u00a0<\/span><\/address>\n","protected":false},"excerpt":{"rendered":"<p>\u00abLe smog est si \u00e9pais que je n\u2019arrive plus \u00e0 distinguer l\u2019immeuble en face de chez moi. Je n\u2019ose plus mettre le nez dehors, \u00e7a me rend malade\u00bb,\u00a0raconte Gao, une journaliste retrait\u00e9e qui vit dans la banlieue de P\u00e9kin. Le &hellip; <a href=\"https:\/\/claire-jannot.com\/?p=5256\">Continuer la lecture <span class=\"meta-nav\">&rarr;<\/span><\/a><\/p>\n","protected":false},"author":1,"featured_media":0,"comment_status":"open","ping_status":"open","sticky":false,"template":"","format":"standard","meta":{"jetpack_post_was_ever_published":false,"_jetpack_newsletter_access":"","_jetpack_dont_email_post_to_subs":false,"_jetpack_newsletter_tier_id":0,"_jetpack_memberships_contains_paywalled_content":false,"_jetpack_memberships_contains_paid_content":false,"footnotes":"","jetpack_publicize_message":"","jetpack_publicize_feature_enabled":true,"jetpack_social_post_already_shared":true,"jetpack_social_options":{"image_generator_settings":{"template":"highway","default_image_id":0,"font":"","enabled":false},"version":2}},"categories":[2,47],"tags":[51,3,44,5,36,10,11],"class_list":["post-5256","post","type-post","status-publish","format-standard","hentry","category-ecologie","category-societe","tag-climat","tag-consommation","tag-energie","tag-environnement","tag-pollution","tag-sante","tag-societe-2"],"jetpack_publicize_connections":[],"jetpack_featured_media_url":"","jetpack_sharing_enabled":true,"jetpack_shortlink":"https:\/\/wp.me\/p5jjt5-1mM","_links":{"self":[{"href":"https:\/\/claire-jannot.com\/index.php?rest_route=\/wp\/v2\/posts\/5256","targetHints":{"allow":["GET"]}}],"collection":[{"href":"https:\/\/claire-jannot.com\/index.php?rest_route=\/wp\/v2\/posts"}],"about":[{"href":"https:\/\/claire-jannot.com\/index.php?rest_route=\/wp\/v2\/types\/post"}],"author":[{"embeddable":true,"href":"https:\/\/claire-jannot.com\/index.php?rest_route=\/wp\/v2\/users\/1"}],"replies":[{"embeddable":true,"href":"https:\/\/claire-jannot.com\/index.php?rest_route=%2Fwp%2Fv2%2Fcomments&post=5256"}],"version-history":[{"count":1,"href":"https:\/\/claire-jannot.com\/index.php?rest_route=\/wp\/v2\/posts\/5256\/revisions"}],"predecessor-version":[{"id":5475,"href":"https:\/\/claire-jannot.com\/index.php?rest_route=\/wp\/v2\/posts\/5256\/revisions\/5475"}],"wp:attachment":[{"href":"https:\/\/claire-jannot.com\/index.php?rest_route=%2Fwp%2Fv2%2Fmedia&parent=5256"}],"wp:term":[{"taxonomy":"category","embeddable":true,"href":"https:\/\/claire-jannot.com\/index.php?rest_route=%2Fwp%2Fv2%2Fcategories&post=5256"},{"taxonomy":"post_tag","embeddable":true,"href":"https:\/\/claire-jannot.com\/index.php?rest_route=%2Fwp%2Fv2%2Ftags&post=5256"}],"curies":[{"name":"wp","href":"https:\/\/api.w.org\/{rel}","templated":true}]}}