{"id":5274,"date":"2014-02-28T17:07:05","date_gmt":"2014-02-28T16:07:05","guid":{"rendered":"http:\/\/www.clairejannot.com\/?p=5274"},"modified":"2014-02-28T17:07:05","modified_gmt":"2014-02-28T16:07:05","slug":"le-dernier-homme-de-fukushima-arrive-a-paris","status":"publish","type":"post","link":"https:\/\/claire-jannot.com\/?p=5274","title":{"rendered":"Le dernier homme de Fukushima arrive \u00e0 Paris"},"content":{"rendered":"<h2><span style=\"color: #000000;\">A l\u2019occasion du 3e anniversaire de la catastrophe de Fukushima, Naoto Matsumura, surnomm\u00e9 \u00ab Le dernier homme de Fukushima \u00bb, arrivera \u00e0 Paris le 4 mars 2014. Son p\u00e9riple en France durera 10 jours et le m\u00e8nera de la capitale \u00e0 la centrale nucl\u00e9aire de Fessenheim.\u00a0Sa venue en Europe est un \u00e9v\u00e9nement extraordinaire et majeur.<\/span><\/h2>\n<p><span style=\"color: #000000;\"><a href=\"https:\/\/i0.wp.com\/www.clairejannot.com\/wp-content\/uploads\/2014\/02\/Naoto-Matsumura.jpg\"><img data-recalc-dims=\"1\" loading=\"lazy\" decoding=\"async\" class=\"alignleft  wp-image-5275\" alt=\"Naoto Matsumura-www.clairejannot.com\" src=\"https:\/\/i0.wp.com\/www.clairejannot.com\/wp-content\/uploads\/2014\/02\/Naoto-Matsumura.jpg?resize=337%2C506\" width=\"337\" height=\"506\" \/><\/a><strong>Naoto Matsumura<\/strong>, le dernier homme de <strong>Fukushima<\/strong> :\u00a0<\/span><span style=\"color: #000000;\">Peu de temps apr\u00e8s avoir pris la fuite suite \u00e0 l\u2019accident, Naoto Matsumura retourne \u00e0 la ferme du nord du Japon o\u00f9 sa famille vit depuis au moins cinq g\u00e9n\u00e9rations.<\/span><\/p>\n<p><span style=\"color: #000000;\">Il trouve partout des animaux abandonn\u00e9s et les lib\u00e8re quand ils sont attach\u00e9s ou enferm\u00e9s : chiens, chats, animaux de fermes, et m\u00eame 2 autruches. Les propri\u00e9taires \u00e9taient partis en h\u00e2te en suivant les ordres d\u2019\u00e9vacuation.<\/span><\/p>\n<p><span style=\"color: #000000;\">C\u2019est l\u00e0 qu\u2019il d\u00e9cide de rester d\u00e9finitivement dans la zone \u00e9vacu\u00e9e et interdite et commence \u00e0 nourrir les animaux et \u00e0 les soigner.<\/span><\/p>\n<p><span style=\"color: #000000;\"><strong>En mai 2012, fort de soutiens ext\u00e9rieurs qui lui apportent des denr\u00e9es non contamin\u00e9es, il fonde une association<\/strong> pour mener son combat en toute l\u00e9galit\u00e9.<\/span><\/p>\n<p><span style=\"color: #000000;\">Le p\u00e9riple de Naoto Matsumura :\u00a0<\/span><span style=\"color: #000000;\">Dans la continuit\u00e9 de son courageux combat, <strong>Naoto viendra en France en portant le t\u00e9moignage<\/strong> de ce qu\u2019une catastrophe nucl\u00e9aire peut d\u00e9truire dans la vie d\u2019un homme et dans son environnement.<\/span><\/p>\n<p><span style=\"color: #000000;\">Son passage \u00e0 <strong>Fessenheim<\/strong> sera le point central, hautement symbolique, de ce p\u00e9riple de deux semaines entre le 5 et le 20 mars 2014. Il veut pouvoir raconter sa <strong>douloureuse exp\u00e9rience de l\u2019explosion de la centrale de Fukushima Daii Ichi, v\u00e9ritable \u00ab s\u0153ur jumelle \u00bb de Fessenheim.<\/strong> Sa rencontre avec les agriculteurs, les habitants de cette r\u00e9gion sera l\u2019occasion de faire comprendre aux gens que la vie peut basculer du jour au lendemain et qu\u2019on peut tout perdre. Qu\u2019une explosion nucl\u00e9aire peut d\u00e9truire toute une r\u00e9gion durablement : sa terre, ses animaux, ses habitants.<\/span><\/p>\n<p><span style=\"color: #000000;\"><strong>La parole lui sera donn\u00e9e au Parlement Europ\u00e9en<\/strong> dans une conf\u00e9rence de presse, pour faire l\u2019\u00e9tat des lieux \u00e0 Fukushima, le jour du <strong>triple anniversaire<\/strong> de la triple catastrophe.\u00a0<\/span><span style=\"color: #000000;\">En homme ayant toujours v\u00e9cu en harmonie avec sa terre, Naoto d\u00e9sire au cours de son voyage prendre le temps de pauses dans la nature : dans les vignes et les for\u00eats de l\u2019Est alsacien et vosgien, ainsi que dans les Alpes Suisses.<\/span><\/p>\n<p><span style=\"color: #000000;\">Il sera accompagn\u00e9 tout au long de son p\u00e9riple par une petite \u00e9quipe franco-japonaise : Ren Yabuki, une traductrice, Antonio Pagnotta, Pierre Fetet et Catherine Connan.<\/span><\/p>\n<p><strong><span style=\"color: #000000;\">Les \u00e9tapes du p\u00e9riple :<\/span><\/strong><\/p>\n<p><span style=\"color: #000000;\"><strong>4 mars :<\/strong> arriv\u00e9e \u00e0 Paris de Naoto Matsumura et Ren Yabuki.<\/span><\/p>\n<p><span style=\"color: #000000;\"><strong>5 mars :<\/strong> visite du Jardin des plantes.<\/span><\/p>\n<p><span style=\"color: #000000;\"><strong>6 mars :<\/strong> 18h Conf\u00e9rence de presse, dans la mairie du 2\u00e8me arrondissement, en pr\u00e9sence de Mich\u00e8le Rivasi et Jacques Boutault.<\/span><\/p>\n<p><span style=\"color: #000000;\"><strong>7 mars :<\/strong> visite du site cibl\u00e9 d\u2019enfouissement des d\u00e9chets radioactifs \u00e0 Bure (Haute Marne) et rencontre avec les acteurs locaux<\/span><\/p>\n<p><span style=\"color: #000000;\"><strong>8 mars :<\/strong> visite des for\u00eats vosgiennes autour d\u2019\u00c9pinal et rencontre des militants anti-nucl\u00e9aires de Vosges Alternative au Nucl\u00e9aire.<\/span><\/p>\n<p><span style=\"color: #000000;\"><strong>9 mars :<\/strong> grand \u00e9v\u00e9nement anti-nucl\u00e9aire dans la vall\u00e9e du Rhin, manifestation \u00e0 14h sur le pont de Fessenheim, 15h30 rassemblement devant la centrale.<\/span><\/p>\n<p><span style=\"color: #000000;\"><strong>10 mars :<\/strong> soir\u00e9e de cl\u00f4ture de l\u2019exposition inter-lyc\u00e9e (Molsheim, Obernai et Barr) des photos d\u2019Antonio Pagnotta au lyc\u00e9e Schur\u00e9 de Barr<\/span><\/p>\n<p><span style=\"color: #000000;\"><strong>11 mars :<\/strong> <strong>Ce jour marque le troisi\u00e8me anniversaire de la cascade de catastrophes naturelles et nucl\u00e9aires au Japon<\/strong> et pour le comm\u00e9morer, la parole lui sera donn\u00e9e au Parlement Europ\u00e9en de Strasbourg.<\/span><\/p>\n<p><span style=\"color: #000000;\"><strong>12 mars :<\/strong> Strasbourg, (soir\u00e9e) grande table ronde sur les le\u00e7ons de Fukushima en pr\u00e9sence de conf\u00e9renciers sp\u00e9cialistes de Fukushima.<\/span><\/p>\n<p><span style=\"color: #000000;\"><strong>13 mars :<\/strong> visite de la centrale photovolta\u00efque de Feldkirch puis il sera accueilli par des \u00e9lus signataires\u00a0 de \u00ab\u00a0l\u2019appel \u00e0 la fermeture de Fessenheim.\u00a0\u00bb<\/span><\/p>\n<p><span style=\"color: #000000;\"><strong>14 mars :<\/strong> rencontre \u00e0 la mairie de Fessenheim<\/span><\/p>\n<p><span style=\"color: #000000;\"><strong>15 au 20 mars :<\/strong> p\u00e9riple en Suisse et Allemagne<\/span><\/p>\n<p><span style=\"color: #000000;\"><strong>21 mars :<\/strong> retour au Japon<\/span><\/p>\n<p>&nbsp;<\/p>\n<address><span style=\"color: #000000;\">Source : greenetvert.fr\u00a0Japon\u00a0\/\u00a0<time datetime=\"2014-02-28\">28.02.2014<\/time><\/span><\/address>\n<address><span style=\"color: #000000;\">http:\/\/kna-blog.blogspot.fr\u00a0<\/span><\/address>\n<address>\u00a0<\/address>\n<address>\u00a0<\/address>\n<address>\u00a0<\/address>\n<address>\u00a0<\/address>\n","protected":false},"excerpt":{"rendered":"<p>A l\u2019occasion du 3e anniversaire de la catastrophe de Fukushima, Naoto Matsumura, surnomm\u00e9 \u00ab Le dernier homme de Fukushima \u00bb, arrivera \u00e0 Paris le 4 mars 2014. Son p\u00e9riple en France durera 10 jours et le m\u00e8nera de la capitale &hellip; <a href=\"https:\/\/claire-jannot.com\/?p=5274\">Continuer la lecture <span class=\"meta-nav\">&rarr;<\/span><\/a><\/p>\n","protected":false},"author":1,"featured_media":0,"comment_status":"open","ping_status":"open","sticky":false,"template":"","format":"standard","meta":{"jetpack_post_was_ever_published":false,"_jetpack_newsletter_access":"","_jetpack_dont_email_post_to_subs":false,"_jetpack_newsletter_tier_id":0,"_jetpack_memberships_contains_paywalled_content":false,"_jetpack_memberships_contains_paid_content":false,"footnotes":"","jetpack_publicize_message":"","jetpack_publicize_feature_enabled":true,"jetpack_social_post_already_shared":true,"jetpack_social_options":{"image_generator_settings":{"template":"highway","default_image_id":0,"font":"","enabled":false},"version":2}},"categories":[2],"tags":[5,6,36,10,11],"class_list":["post-5274","post","type-post","status-publish","format-standard","hentry","category-ecologie","tag-environnement","tag-nucleaire","tag-pollution","tag-sante","tag-societe-2"],"jetpack_publicize_connections":[],"jetpack_featured_media_url":"","jetpack_sharing_enabled":true,"jetpack_shortlink":"https:\/\/wp.me\/p5jjt5-1n4","_links":{"self":[{"href":"https:\/\/claire-jannot.com\/index.php?rest_route=\/wp\/v2\/posts\/5274","targetHints":{"allow":["GET"]}}],"collection":[{"href":"https:\/\/claire-jannot.com\/index.php?rest_route=\/wp\/v2\/posts"}],"about":[{"href":"https:\/\/claire-jannot.com\/index.php?rest_route=\/wp\/v2\/types\/post"}],"author":[{"embeddable":true,"href":"https:\/\/claire-jannot.com\/index.php?rest_route=\/wp\/v2\/users\/1"}],"replies":[{"embeddable":true,"href":"https:\/\/claire-jannot.com\/index.php?rest_route=%2Fwp%2Fv2%2Fcomments&post=5274"}],"version-history":[{"count":0,"href":"https:\/\/claire-jannot.com\/index.php?rest_route=\/wp\/v2\/posts\/5274\/revisions"}],"wp:attachment":[{"href":"https:\/\/claire-jannot.com\/index.php?rest_route=%2Fwp%2Fv2%2Fmedia&parent=5274"}],"wp:term":[{"taxonomy":"category","embeddable":true,"href":"https:\/\/claire-jannot.com\/index.php?rest_route=%2Fwp%2Fv2%2Fcategories&post=5274"},{"taxonomy":"post_tag","embeddable":true,"href":"https:\/\/claire-jannot.com\/index.php?rest_route=%2Fwp%2Fv2%2Ftags&post=5274"}],"curies":[{"name":"wp","href":"https:\/\/api.w.org\/{rel}","templated":true}]}}