{"id":5295,"date":"2014-03-06T15:32:18","date_gmt":"2014-03-06T14:32:18","guid":{"rendered":"http:\/\/www.clairejannot.com\/?p=5295"},"modified":"2014-11-27T12:47:25","modified_gmt":"2014-11-27T11:47:25","slug":"nucleaire-la-facture-salourdit","status":"publish","type":"post","link":"https:\/\/claire-jannot.com\/?p=5295","title":{"rendered":"Nucl\u00e9aire : La facture s&rsquo;alourdit"},"content":{"rendered":"<h2>Les pr\u00e9visions d\u2019EDF \u00e9valuent \u00e0 300 milliards sur cinquante ans le co\u00fbt de la r\u00e9novation et de la construction de nouvelles centrales.<\/h2>\n<div id=\"article-body\" itemprop=\"articleBody\">\n<div id=\"article-content\">\n<p><a href=\"https:\/\/i0.wp.com\/www.clairejannot.com\/wp-content\/uploads\/2014\/03\/nucl%C3%A9aire.jpg\"><img data-recalc-dims=\"1\" loading=\"lazy\" decoding=\"async\" class=\"alignleft  wp-image-5296\" alt=\"nucl\u00e9aire-www;clairejannot.com\" src=\"https:\/\/i0.wp.com\/www.clairejannot.com\/wp-content\/uploads\/2014\/03\/nucl%C3%A9aire.jpg?resize=390%2C315\" width=\"390\" height=\"315\" \/><\/a><span style=\"color: #000000;\">Poursuivre le nucl\u00e9aire <strong>co\u00fbtera cher, tr\u00e8s cher.<\/strong> Un document interne \u00e0 <strong>EDF<\/strong>, que<i>\u00a0le JDD<\/i>\u00a0s\u2019est procur\u00e9, dresse les <strong>estimations des co\u00fbts futurs pour l\u2019entretien et le renouvellement<\/strong> du parc nucl\u00e9aire fran\u00e7ais. Les chiffres donnent le tournis.<\/span><\/p>\n<div>\n<p><span style=\"color: #000000;\">Pr\u00e8s de <strong>300 milliards d\u2019euros<\/strong> devront \u00eatre investis dans les cinquante prochaines ann\u00e9es si les centrales actuelles sont reconstruites \u00e0 l\u2019identique.\u00a0<\/span><span style=\"color: #000000;\">Une hypoth\u00e8se toutefois difficile \u00e0 tenir pour remplir l\u2019<strong>objectif de r\u00e9duction de 75 % \u00e0 50 %<\/strong> de la part du nucl\u00e9aire dans la production \u00e9lectrique fran\u00e7aise.<\/span><\/p>\n<\/div>\n<p><span style=\"color: #000000;\">Depuis plusieurs mois, <strong>EDF chiffre \u00e0 55 milliards d\u2019euros le co\u00fbt des travaux n\u00e9cessaires pour prolonger la dur\u00e9e de vie de 58 r\u00e9acteurs fran\u00e7ais de quarante \u00e0 cinquante ans.<\/strong> Sauf que ce \u00ab\u00a0grand car\u00e9nage\u00a0\u00bb est pr\u00e9vu pour une p\u00e9riode comprise entre <strong>2015 et 2025.<\/strong> Entre <strong>2025 et 2047<\/strong>, EDF d\u00e9pensera environ <strong>35 milliards d\u2019euros<\/strong> pour entretenir les centrales jusqu\u2019\u00e0 leur fermeture, selon les estimations de <strong>Greenpeace.<\/strong> Un investissement lourd mais normal. <\/span><\/p>\n<p><span style=\"color: #000000;\">Entre 2002 et 2012, \u00ab\u00a0seulement\u00a0\u00bb 10 milliards ont \u00e9t\u00e9 d\u00e9pens\u00e9s pour la maintenance, un niveau jug\u00e9 insuffisant pour assurer la s\u00fbret\u00e9. Au total, <strong>100 milliards d\u2019euros seront donc destin\u00e9s \u00e0 la r\u00e9novation des 19 centrales fran\u00e7aises.<\/strong><\/span><\/p>\n<p><span style=\"color: #000000;\">Du grain \u00e0 moudre aux \u00e9cologistes :\u00a0<\/span><span style=\"color: #000000;\">Mais le plus vertigineux reste \u00e0 venir. Une montagne d\u2019investissements se dresse en cas de renouvellement du parc actuel. Le document d\u2019EDF illustre pas moins de <strong>200 milliards d\u2019euros n\u00e9cessaires entre 2030 et 2067 pour reconstruire 58 r\u00e9acteurs.<\/strong> Auditionn\u00e9 jeudi par les d\u00e9put\u00e9s, le num\u00e9ro 2 d\u2019EDF, Herv\u00e9 Machenaud, reconnaissait que ce co\u00fbt pourrait atteindre <strong>240 milliards d\u2019euros en choisissant des r\u00e9acteurs EPR.<\/strong> \u00ab\u00a0C\u2019est une image pour donner un ordre de grandeur, pr\u00e9cisait-il. Cela montre l\u2019int\u00e9r\u00eat de prolonger les centrales pour reporter cet investissement.\u00a0\u00bb<\/span><\/p>\n<p><span style=\"color: #000000;\">Ces chiffres donnent du grain \u00e0 moudre aux \u00e9cologistes. Et EDF le sait. <strong>\u00ab\u00a0Cent milliards pour prolonger les centrales de seulement dix ans, c\u2019est le m\u00eame prix que ce qu\u2019avait co\u00fbt\u00e9 la construction de l\u2019ensemble du parc\u00a0\u00bb<\/strong>, explique <strong>Denis Baupin<\/strong>, chef de file des Verts \u00e0 l\u2019Assembl\u00e9e. Le co\u00fbt total de <strong>300 milliards \u00e9quivaut surtout \u00e0 celui de la sortie du nucl\u00e9aire remplac\u00e9 par des \u00e9nergies renouvelables.<\/strong> <\/span><\/p>\n<p><span style=\"color: #000000;\">\u00ab\u00a0Les montants sont les m\u00eames, ce qui permet de sortir du mythe que le nucl\u00e9aire est gratuit\u00a0\u00bb, poursuit le d\u00e9put\u00e9 Vert. Avec ou sans nucl\u00e9aire, la facture \u00e9nerg\u00e9tique sera lourde.<\/span><\/p>\n<address><span style=\"color: #000000;\">Source : www.lejdd.fr<\/span><\/address>\n<address><span style=\"color: #000000;\">Cr\u00e9dit photo : http:\/\/lenergeek.com\/<\/span><\/address>\n<address>\u00a0<\/address>\n<address>\u00a0<\/address>\n<address>\u00a0<\/address>\n<address>\u00a0<\/address>\n<address>\u00a0<\/address>\n<\/div>\n<\/div>\n","protected":false},"excerpt":{"rendered":"<p>Les pr\u00e9visions d\u2019EDF \u00e9valuent \u00e0 300 milliards sur cinquante ans le co\u00fbt de la r\u00e9novation et de la construction de nouvelles centrales. Poursuivre le nucl\u00e9aire co\u00fbtera cher, tr\u00e8s cher. Un document interne \u00e0 EDF, que\u00a0le JDD\u00a0s\u2019est procur\u00e9, dresse les estimations &hellip; <a href=\"https:\/\/claire-jannot.com\/?p=5295\">Continuer la lecture <span class=\"meta-nav\">&rarr;<\/span><\/a><\/p>\n","protected":false},"author":1,"featured_media":0,"comment_status":"open","ping_status":"open","sticky":false,"template":"","format":"standard","meta":{"jetpack_post_was_ever_published":false,"_jetpack_newsletter_access":"","_jetpack_dont_email_post_to_subs":false,"_jetpack_newsletter_tier_id":0,"_jetpack_memberships_contains_paywalled_content":false,"_jetpack_memberships_contains_paid_content":false,"footnotes":"","jetpack_publicize_message":"","jetpack_publicize_feature_enabled":true,"jetpack_social_post_already_shared":true,"jetpack_social_options":{"image_generator_settings":{"template":"highway","default_image_id":0,"font":"","enabled":false},"version":2}},"categories":[2,47],"tags":[4,44,5,6,36,11],"class_list":["post-5295","post","type-post","status-publish","format-standard","hentry","category-ecologie","category-societe","tag-ecologie2","tag-energie","tag-environnement","tag-nucleaire","tag-pollution","tag-societe-2"],"jetpack_publicize_connections":[],"jetpack_featured_media_url":"","jetpack_sharing_enabled":true,"jetpack_shortlink":"https:\/\/wp.me\/p5jjt5-1np","_links":{"self":[{"href":"https:\/\/claire-jannot.com\/index.php?rest_route=\/wp\/v2\/posts\/5295","targetHints":{"allow":["GET"]}}],"collection":[{"href":"https:\/\/claire-jannot.com\/index.php?rest_route=\/wp\/v2\/posts"}],"about":[{"href":"https:\/\/claire-jannot.com\/index.php?rest_route=\/wp\/v2\/types\/post"}],"author":[{"embeddable":true,"href":"https:\/\/claire-jannot.com\/index.php?rest_route=\/wp\/v2\/users\/1"}],"replies":[{"embeddable":true,"href":"https:\/\/claire-jannot.com\/index.php?rest_route=%2Fwp%2Fv2%2Fcomments&post=5295"}],"version-history":[{"count":1,"href":"https:\/\/claire-jannot.com\/index.php?rest_route=\/wp\/v2\/posts\/5295\/revisions"}],"predecessor-version":[{"id":5654,"href":"https:\/\/claire-jannot.com\/index.php?rest_route=\/wp\/v2\/posts\/5295\/revisions\/5654"}],"wp:attachment":[{"href":"https:\/\/claire-jannot.com\/index.php?rest_route=%2Fwp%2Fv2%2Fmedia&parent=5295"}],"wp:term":[{"taxonomy":"category","embeddable":true,"href":"https:\/\/claire-jannot.com\/index.php?rest_route=%2Fwp%2Fv2%2Fcategories&post=5295"},{"taxonomy":"post_tag","embeddable":true,"href":"https:\/\/claire-jannot.com\/index.php?rest_route=%2Fwp%2Fv2%2Ftags&post=5295"}],"curies":[{"name":"wp","href":"https:\/\/api.w.org\/{rel}","templated":true}]}}