{"id":5384,"date":"2014-04-02T17:53:21","date_gmt":"2014-04-02T16:53:21","guid":{"rendered":"http:\/\/www.clairejannot.com\/?p=5384"},"modified":"2015-01-17T16:54:58","modified_gmt":"2015-01-17T15:54:58","slug":"le-japon-interdit-de-chasse-a-la-baleine-en-antarctique","status":"publish","type":"post","link":"https:\/\/claire-jannot.com\/?p=5384","title":{"rendered":"Le Japon interdit de chasse \u00e0 la baleine en Antarctique"},"content":{"rendered":"<h2><span style=\"color: #000000;\">Lundi, la Cour de justice internationale de la Haye a rendu un arr\u00eat tr\u00e8s clair sur la chasse \u00e0 la baleine japonaise dans l&rsquo;oc\u00e9an austral\u00a0: elle n\u2019a rien de scientifique.\u00a0<\/span><span style=\"color: #000000;\">En effet, comment tuer des centaines de baleines, les transformer en morceaux de viande congel\u00e9e \u00e0 bord d\u2019un navire usine et ensuite les commercialiser au Japon peut-il \u00eatre consid\u00e9r\u00e9 comme une activit\u00e9 scientifique\u00a0?<\/span><\/h2>\n<div>\n<p><span style=\"color: #000000;\">Pour comprendre cette aberration, il faut remonter un peu dans le temps. <strong>En 1986 un moratoire international<\/strong> sur la chasse commerciale \u00e0 la baleine est adopt\u00e9, mais le Japon va utiliser une faille dans les textes internationaux\u00a0: le moratoire ne couvre pas la chasse \u00e0 des <strong>fins scientifiques.<\/strong> Il suffisait donc tout simplement de rebaptiser une activit\u00e9 commerciale, \u00e0 \u00e9chelle industrielle, en <strong>programme scientifique<\/strong> et le tour \u00e9tait jou\u00e9. Depuis cette date, tous les ans pendant l\u2019\u00e9t\u00e9 austral, la flotte japonaise harponnait des centaines de baleines.<\/span><\/p>\n<p><span style=\"color: #000000;\">Une d\u00e9cision historique :\u00a0<\/span><span style=\"color: #000000;\">Il n\u2019y a rien de scientifique dans cette activit\u00e9.<\/span><\/p>\n<p><span style=\"color: #000000;\">Aucun article ou publication scientifique digne de ce nom n\u2019a jamais \u00e9t\u00e9 publi\u00e9 et ce programme, tr\u00e8s largement financ\u00e9 par les contribuables japonais, est du point de vue de la science <strong>totalement inutile.<\/strong><\/span><br \/> <span style=\"color: #000000;\">Cette chasse commerciale qui ne dit pas son nom appartient au pass\u00e9, et les temps changent : aujourd\u2019hui les japonais n\u2019ont plus d\u2019app\u00e9tit pour cette viande. C\u2019est donc <strong>non seulement une activit\u00e9 commerciale d\u00e9guis\u00e9e, mais aussi un non sens \u00e9conomique.<\/strong> Ann\u00e9e apr\u00e8s ann\u00e9e les entrep\u00f4ts frigorifiques se remplissent de centaines de tonnes de viande de baleine qui ne trouvent plus de d\u00e9bouch\u00e9s commerciaux.<\/span><\/p>\n<p><span style=\"color: #000000;\">Reprenant les arguments port\u00e9s par de nombreuses organisations \u00e9cologistes, comme <strong>Sea Shepherd ou Greenpeace<\/strong> ou m\u00eame de gouvernements oppos\u00e9s \u00e0 la chasse \u00e0 la baleine, le gouvernement australien a demand\u00e9 en 2010 \u00e0 la Cour de justice internationale de statuer sur le sujet. <strong>Le 31 mars 2014 les juges de la Haye ont pris un arr\u00eat historique\u00a0: sans interdire la chasse scientifique, elle a reconnu l\u2019ill\u00e9galit\u00e9 des pratiques japonaises..<\/strong> Le Japon doit donc mettre fin \u00e0 ce programme, annuler toutes les licences et ne plus accorder aucune permission de tuer des baleines dans ce cadre.<\/span><br \/> <span style=\"color: #000000;\">Cette d\u00e9cision ouvre enfin une voie vers la fin d\u00e9finitive de ce massacre industriel.<\/span><\/p>\n<p><span style=\"color: #000000;\">Les baleines sont-elles sauv\u00e9es\u00a0?\u00a0<\/span><span style=\"color: #000000;\">Le gouvernement japonais a annonc\u00e9 qu\u2019il reconnaissait cette d\u00e9cision de justice. Mais le pays a d\u00e9j\u00e0 contourn\u00e9 le droit international une fois \u2026 il n\u2019est \u00e0 ce stade pas exclu qu\u2019il tente de le bafouer \u00e0 nouveau en place un nouveau programme sur des bases un peu plus scientifiques, ou qui du moins en aurait l\u2019apparence. C\u2019est pourquoi aujourd\u2019hui,<strong> la vigilance reste de mise.<\/strong><\/span><\/p>\n<p><span style=\"color: #000000;\">Il faut enfin ranger la chasse commerciale \u00e0 la baleine \u2013 quelles qu\u2019en soient les justifications, scientifique ou autre \u2013 dans les placards de l\u2019histoire. La disparition des principales esp\u00e8ces de baleines par la chasse n\u2019a \u00e9t\u00e9 \u00e9vit\u00e9e que gr\u00e2ce au <strong>moratoire adopt\u00e9 en 1986<\/strong>, \u00e0 un moment ou cette \u00e9conomie \u00e9tait d\u00e9j\u00e0 en d\u00e9clin. Il est aujourd\u2019hui trop pr\u00e9matur\u00e9 pour dire que toute chasse commerciale est dor\u00e9navant impossible et il est du devoir de la justice internationale mais aussi des organisations non gouvernementales de rester mobilis\u00e9es, afin que la science ne soit pas \u00e0 nouveau utilis\u00e9e comme pr\u00e9texte.<\/span><\/p>\n<p><span style=\"color: #000000;\">Il reste des menaces bien pr\u00e9sentes pour les baleines.\u00a0<\/span><span style=\"color: #000000;\">Enfin, n\u2019oublions pas que ne s\u2019estimant pas tenue par le moratoire international de 1986 auquel elles ont formellement object\u00e9, <strong>la Norv\u00e8ge et l\u2019Islande sont les deux seuls pays au monde \u00e0 encore pratiquer la chasse commerciale \u00e0 la baleine<\/strong>, Oslo et Reykjavik jugeant la population des esp\u00e8ces chass\u00e9es suffisamment abondante.<\/span><\/p>\n<p><span style=\"color: #000000;\">D\u2019autres menaces p\u00e8sent aujourd\u2019hui sur les baleines comme sur l\u2019ensemble des \u00e9cosyst\u00e8mes marins\u00a0: cons\u00e9quences des d\u00e9r\u00e8glements climatiques et acidification des oc\u00e9ans, cons\u00e9quences de la pollution, ou encore du d\u00e9veloppement des activit\u00e9s maritimes.<\/span><br \/> <span style=\"color: #000000;\"><strong>L\u2019arr\u00eat d\u00e9finitif du programme japonais<\/strong> pourrait d\u2019ailleurs avoir un autre effet salutaire\u00a0: il permettrait de d\u00e9bloquer la situation au niveau de la Commission baleini\u00e8re internationale, de mener une vraie collaboration scientifique avec le Japon, et d\u2019adopter des mesures de protections face \u00e0 ces nouvelles menaces.<\/span><\/p>\n<p><span style=\"color: #000000;\">\u00c0 suivre\u2026<\/span><\/p>\n<address><span style=\"color: #000000;\">Source :\u00a0http:\/\/oceans.greenpeace.fr\/<\/span><\/address>\n<address>\u00a0<\/address>\n<h2>\u00a0<\/h2>\n<\/div>\n","protected":false},"excerpt":{"rendered":"<p>Lundi, la Cour de justice internationale de la Haye a rendu un arr\u00eat tr\u00e8s clair sur la chasse \u00e0 la baleine japonaise dans l&rsquo;oc\u00e9an austral\u00a0: elle n\u2019a rien de scientifique.\u00a0En effet, comment tuer des centaines de baleines, les transformer en &hellip; <a href=\"https:\/\/claire-jannot.com\/?p=5384\">Continuer la lecture <span class=\"meta-nav\">&rarr;<\/span><\/a><\/p>\n","protected":false},"author":1,"featured_media":0,"comment_status":"open","ping_status":"open","sticky":false,"template":"","format":"standard","meta":{"jetpack_post_was_ever_published":false,"_jetpack_newsletter_access":"","_jetpack_dont_email_post_to_subs":false,"_jetpack_newsletter_tier_id":0,"_jetpack_memberships_contains_paywalled_content":false,"_jetpack_memberships_contains_paid_content":false,"footnotes":"","jetpack_publicize_message":"","jetpack_publicize_feature_enabled":true,"jetpack_social_post_already_shared":true,"jetpack_social_options":{"image_generator_settings":{"template":"highway","default_image_id":0,"font":"","enabled":false},"version":2}},"categories":[2],"tags":[3,4,5,52,11,48],"class_list":["post-5384","post","type-post","status-publish","format-standard","hentry","category-ecologie","tag-consommation","tag-ecologie2","tag-environnement","tag-oceans","tag-societe-2","tag-vie-animale"],"jetpack_publicize_connections":[],"jetpack_featured_media_url":"","jetpack_sharing_enabled":true,"jetpack_shortlink":"https:\/\/wp.me\/p5jjt5-1oQ","_links":{"self":[{"href":"https:\/\/claire-jannot.com\/index.php?rest_route=\/wp\/v2\/posts\/5384","targetHints":{"allow":["GET"]}}],"collection":[{"href":"https:\/\/claire-jannot.com\/index.php?rest_route=\/wp\/v2\/posts"}],"about":[{"href":"https:\/\/claire-jannot.com\/index.php?rest_route=\/wp\/v2\/types\/post"}],"author":[{"embeddable":true,"href":"https:\/\/claire-jannot.com\/index.php?rest_route=\/wp\/v2\/users\/1"}],"replies":[{"embeddable":true,"href":"https:\/\/claire-jannot.com\/index.php?rest_route=%2Fwp%2Fv2%2Fcomments&post=5384"}],"version-history":[{"count":2,"href":"https:\/\/claire-jannot.com\/index.php?rest_route=\/wp\/v2\/posts\/5384\/revisions"}],"predecessor-version":[{"id":5470,"href":"https:\/\/claire-jannot.com\/index.php?rest_route=\/wp\/v2\/posts\/5384\/revisions\/5470"}],"wp:attachment":[{"href":"https:\/\/claire-jannot.com\/index.php?rest_route=%2Fwp%2Fv2%2Fmedia&parent=5384"}],"wp:term":[{"taxonomy":"category","embeddable":true,"href":"https:\/\/claire-jannot.com\/index.php?rest_route=%2Fwp%2Fv2%2Fcategories&post=5384"},{"taxonomy":"post_tag","embeddable":true,"href":"https:\/\/claire-jannot.com\/index.php?rest_route=%2Fwp%2Fv2%2Ftags&post=5384"}],"curies":[{"name":"wp","href":"https:\/\/api.w.org\/{rel}","templated":true}]}}