{"id":5388,"date":"2014-04-02T18:30:17","date_gmt":"2014-04-02T17:30:17","guid":{"rendered":"http:\/\/www.clairejannot.com\/?p=5388"},"modified":"2015-01-06T21:08:39","modified_gmt":"2015-01-06T20:08:39","slug":"segolene-royal-ses-positions-sur-le-nucleaire-le-gaz-de-schiste-ou-la-taxe-carbone","status":"publish","type":"post","link":"https:\/\/claire-jannot.com\/?p=5388","title":{"rendered":"S\u00e9gol\u00e8ne Royal : Ses positions sur le nucl\u00e9aire, le gaz de schiste ou la taxe carbone\u2026"},"content":{"rendered":"<h2><span style=\"color: #000000;\">Voici les principales prises de position de S\u00e9gol\u00e8ne Royal, nouvelle ministre de l&rsquo;\u00e9cologie, du d\u00e9veloppement durable\u00a0et de l&rsquo;\u00e9nergie, sur les grands dossiers qu&rsquo;elle a d\u00e9sormais en main.<\/span><\/h2>\n<div id=\"articleBody\">\n<p><span style=\"color: #000000;\"><strong><br \/>Sa vision de l&rsquo;\u00e9cologie :<\/strong>\u00a0<\/span><span style=\"color: #000000;\">Elle promeut la\u00a0<strong>\u00ab social-\u00e9cologie\u00a0\u00bb<\/strong>\u00a0:\u00a0\u00ab\u00a0une <strong>croissance verte<\/strong>\u00a0\u00bb, qu&rsquo;elle juge \u00eatre<strong>\u00ab\u00a0un levier de sortie de crise tr\u00e8s efficace\u00a0\u00bb<\/strong>, qu&rsquo;il faut c<span style=\"color: #000000;\">ombiner<\/span>\u00a0\u00e0 un\u00a0\u00ab\u00a0nouveau mod\u00e8le social\u00a0\u00bb, lequel\u00a0\u00ab\u00a0remet du b<span style=\"color: #000000;\">ien-\u00eatre<\/span>\u00a0et de l&rsquo;humain dans l&rsquo;\u00e9conomie\u00a0\u00bb. En 2011, elle estimait que la F<span style=\"color: #000000;\">rance<\/span>\u00a0devait\u00a0<strong>\u00ab\u00a0devenir la premi\u00e8re puissance \u00e9cologique<\/strong> d&rsquo;E<span style=\"color: #000000;\">urope<\/span>\u00a0dans le domaine des \u00e9nergies renouvelables\u00a0\u00bb.<\/span><\/p>\n<p><span style=\"color: #000000;\">Ministre de l&rsquo;\u00e9cologie entre avril\u00a01992 et mars\u00a01993, <strong>Mme\u00a0Royal a repr\u00e9sent\u00e9 la France en 1992 lors du fondateur Sommet de la Terre<\/strong>, \u00e0 Rio. De son bilan, elle met en avant <strong>la loi sur les d\u00e9chets de 1992<\/strong>, dont le but est de f<span style=\"color: #000000;\">avoriser<\/span>\u00a0la valorisation des d\u00e9chets et mieux p<span style=\"color: #000000;\">rendre<\/span>\u00a0en compte les impacts environnementaux de leur \u00e9limination, et celle de <strong>1993 qui oblige \u00e0 la prise en compte des paysages dans les permis de construire.<\/strong><\/span><\/p>\n<p><span style=\"color: #000000;\">Une action qu&rsquo;elle poursuit localement depuis 2004 en P<span style=\"color: #000000;\">oitou-Charentes<\/span>, avec <strong>l&rsquo;adoption de plans en faveur des \u00e9nergies renouvelables et la promotion de la voiture \u00e9lectrique.<\/strong><\/span><\/p>\n<p><strong><span style=\"color: #000000;\">Le nucl\u00e9aire :\u00a0<\/span><\/strong><span style=\"color: #000000;\">Pendant la primaire socialiste de 2011, Mme\u00a0Royal souhaitait ramener le nucl\u00e9aire\u00a0<strong>\u00ab\u00a0\u00e0 une \u00e9nergie d&rsquo;appoint\u00a0\u00bb<\/strong>. Elle s&rsquo;\u00e9tait prononc\u00e9e pour une sortie du nucl\u00e9aire en France \u00e0\u00a0<strong>\u00ab\u00a0\u00e9ch\u00e9ance de quarante ans maximum\u00a0\u00bb<\/strong>, avec\u00a0\u00ab\u00a0r\u00e9duction de la part du nucl\u00e9aire \u00e0 50\u00a0% de la production d&rsquo;\u00e9lectricit\u00e9 avant vingt ans\u00a0\u00bb\u00a0(le gouvernement a pos\u00e9 l&rsquo;\u00e9ch\u00e9ance \u00e0 2025).<\/span><\/p>\n<p><span style=\"color: #000000;\"><strong>EPR :<\/strong> Mme\u00a0Royal promettait d&rsquo; abandonner\u00a0la construction du <strong>futur r\u00e9acteur EPR \u00e0 Flamanville<\/strong> et de faire\u00a0de ce site un lieu de recherche sur les techniques de d\u00e9mant\u00e8lement et les \u00e9nergies renouvelables.<\/span><\/p>\n<p><span style=\"color: #000000;\">Elle \u00e9tait aussi favorable \u00e0 l&rsquo;abandon de l&rsquo;EPR de Penly et de tout projet de stockage de d\u00e9chets nucl\u00e9aires en grande profondeur, comme \u00e0 Bure.<\/span><\/p>\n<p><span style=\"color: #000000;\"><strong>Gaz de schiste :<\/strong>\u00a0<\/span><span style=\"color: #000000;\">En 2011, Mme\u00a0Royal se disait\u00a0<strong>\u00ab\u00a0favorable \u00e0 l&rsquo;interdiction\u00a0\u00bb<\/strong>\u00a0de l&rsquo;extraction du\u00a0<span style=\"color: #000000;\">gaz de schiste<\/span>\u00a0tant que\u00a0\u00ab\u00a0la ma\u00eetrise\u00a0\u00bb\u00a0de cette exploitation\u00a0\u00ab\u00a0n&rsquo;est pas garantie\u00a0\u00bb. Ne fermant pas la porte \u00e0 une exploitation par\u00a0\u00ab\u00a0les g\u00e9n\u00e9rations futures\u00a0\u00bb, elle jugeait\u00ab\u00a0n\u00e9cessaire de <strong>poursuivre\u00a0la recherche sur les proc\u00e9d\u00e9s d&rsquo;extraction<\/strong> propre \u00e0 long terme\u00a0\u00bb.<\/span><\/p>\n<p><span style=\"color: #000000;\"><strong>Taxe carbone :<\/strong>\u00a0<\/span><span style=\"color: #000000;\">Elle avait ferraill\u00e9, en 2009, contre le projet de <strong>\u00ab\u00a0taxe carbone\u00a0\u00bb<\/strong> de Nicolas Sarkozy, d\u00e9non\u00e7ant un\u00a0<strong>\u00ab\u00a0imp\u00f4t absurde, un imp\u00f4t injuste<\/strong>, un imp\u00f4t historiquement d\u00e9cal\u00e9 dans le temps\u00a0\u00bb, trop p\u00e9nalisant pour les m\u00e9nages modestes.<\/span><\/p>\n<p><span style=\"color: #000000;\">Nicolas Hulot, promoteur de cette taxe finalement enterr\u00e9e dans le courant de 2010, a estim\u00e9 dans un livre paru en\u00a02013 que S\u00e9gol\u00e8ne Royal a, avec cette d\u00e9claration,\u00a0<strong>\u00ab\u00a0torpill\u00e9 la taxe et an\u00e9anti plusieurs mois de travail\u00a0\u00bb<\/strong>.<\/span><\/p>\n<p><span style=\"color: #000000;\">Mme\u00a0Royal a contest\u00e9 \u00e0 nouveau l&rsquo;\u00e9t\u00e9 dernier la contribution c<span style=\"color: #000000;\">limat<\/span>\u00a0\u00e9nergie propos\u00e9e par le gouvernement pour l<span style=\"color: #000000;\">ier<\/span>\u00a0en partie les taxes sur les \u00e9nergies polluantes \u00e0 leur rejet de CO2, fustigeant un\u00a0\u00ab\u00a0imp\u00f4t suppl\u00e9mentaire\u00a0\u00bb. <strong>En tant que ministre de l&rsquo;\u00e9nergie, elle va toutefois d\u00e9sormais devoir g\u00e9rer\u00a0la mont\u00e9e en puissance d&rsquo;une contribution adopt\u00e9e \u00e0 l&rsquo;automne.<\/strong><\/span><\/p>\n<p><span style=\"color: #000000;\"><strong>Diesel :<\/strong>\u00a0<\/span><span style=\"color: #000000;\">Elle a aussi clairement pris position <strong>contre une hausse de la fiscalit\u00e9<\/strong> sur le diesel\u00a0:\u00ab\u00a0On a encourag\u00e9 les Fran\u00e7ais pendant des ann\u00e9es \u00e0 acheter\u00a0des voitures\u00a0diesel, on ne va pas du jour au lendemain leur taper\u00a0sur la t\u00eate avec un imp\u00f4t suppl\u00e9mentaire\u00a0\u00bb, disait-elle en mars\u00a02013. Pour lutter\u00a0contre la pollution atmosph\u00e9rique issue du transport, elle affirmait en 2011 <strong>\u00eatre\u00a0contre les p\u00e9ages urbains<\/strong> \u00e0 l&rsquo;entr\u00e9e des grandes villes et <strong>pr\u00e9f\u00e8re la circulation altern\u00e9e en fonction du num\u00e9ro des plaques d&rsquo;immatriculation.<\/strong><\/span><\/p>\n<p><span style=\"color: #000000;\"><strong>Notre-Dame des Landes :<\/strong>\u00a0<\/span><span style=\"color: #000000;\">En 2011, Mme\u00a0Royal avait appel\u00e9 \u00e0\u00a0<strong>\u00ab\u00a0une nouvelle enqu\u00eate\u00a0d&rsquo;utilit\u00e9 publique\u00a0\u00bb<\/strong>\u00a0sur le projet de futur a\u00e9roport nantais, \u00e9voquant la possibilit\u00e9 de\u00a0\u00ab\u00a0trouver un site <strong>moins nuisible et moins fragile<\/strong>\u00a0\u00bb\u00a0que celui de Notre-Dame-des-Landes. Cette position avait \u00e9t\u00e9 salu\u00e9e par plusieurs opposants au projet. En mai\u00a02013, elle estimait que la construction de l&rsquo;a\u00e9roport\u00a0\u00ab\u00a0sera tr\u00e8s difficile \u00e0 faire\u00a0\u00bb.<\/span><\/p>\n<p>&nbsp;<\/p>\n<address>Source \u00a0:\u00a0Le Monde.fr\u00a0<\/address>\n<p><span style=\"color: #000000;\">\u00a0<\/span><\/p>\n<p>&nbsp;<\/p>\n<\/div>\n","protected":false},"excerpt":{"rendered":"<p>Voici les principales prises de position de S\u00e9gol\u00e8ne Royal, nouvelle ministre de l&rsquo;\u00e9cologie, du d\u00e9veloppement durable\u00a0et de l&rsquo;\u00e9nergie, sur les grands dossiers qu&rsquo;elle a d\u00e9sormais en main. Sa vision de l&rsquo;\u00e9cologie :\u00a0Elle promeut la\u00a0\u00ab social-\u00e9cologie\u00a0\u00bb\u00a0:\u00a0\u00ab\u00a0une croissance verte\u00a0\u00bb, qu&rsquo;elle juge \u00eatre\u00ab\u00a0un &hellip; <a href=\"https:\/\/claire-jannot.com\/?p=5388\">Continuer la lecture <span class=\"meta-nav\">&rarr;<\/span><\/a><\/p>\n","protected":false},"author":1,"featured_media":0,"comment_status":"open","ping_status":"open","sticky":false,"template":"","format":"standard","meta":{"jetpack_post_was_ever_published":false,"_jetpack_newsletter_access":"","_jetpack_dont_email_post_to_subs":false,"_jetpack_newsletter_tier_id":0,"_jetpack_memberships_contains_paywalled_content":false,"_jetpack_memberships_contains_paid_content":false,"footnotes":"","jetpack_publicize_message":"","jetpack_publicize_feature_enabled":true,"jetpack_social_post_already_shared":true,"jetpack_social_options":{"image_generator_settings":{"template":"highway","default_image_id":0,"font":"","enabled":false},"version":2}},"categories":[2,47],"tags":[51,4,44,5,36,11],"class_list":["post-5388","post","type-post","status-publish","format-standard","hentry","category-ecologie","category-societe","tag-climat","tag-ecologie2","tag-energie","tag-environnement","tag-pollution","tag-societe-2"],"jetpack_publicize_connections":[],"jetpack_featured_media_url":"","jetpack_sharing_enabled":true,"jetpack_shortlink":"https:\/\/wp.me\/p5jjt5-1oU","_links":{"self":[{"href":"https:\/\/claire-jannot.com\/index.php?rest_route=\/wp\/v2\/posts\/5388","targetHints":{"allow":["GET"]}}],"collection":[{"href":"https:\/\/claire-jannot.com\/index.php?rest_route=\/wp\/v2\/posts"}],"about":[{"href":"https:\/\/claire-jannot.com\/index.php?rest_route=\/wp\/v2\/types\/post"}],"author":[{"embeddable":true,"href":"https:\/\/claire-jannot.com\/index.php?rest_route=\/wp\/v2\/users\/1"}],"replies":[{"embeddable":true,"href":"https:\/\/claire-jannot.com\/index.php?rest_route=%2Fwp%2Fv2%2Fcomments&post=5388"}],"version-history":[{"count":2,"href":"https:\/\/claire-jannot.com\/index.php?rest_route=\/wp\/v2\/posts\/5388\/revisions"}],"predecessor-version":[{"id":5469,"href":"https:\/\/claire-jannot.com\/index.php?rest_route=\/wp\/v2\/posts\/5388\/revisions\/5469"}],"wp:attachment":[{"href":"https:\/\/claire-jannot.com\/index.php?rest_route=%2Fwp%2Fv2%2Fmedia&parent=5388"}],"wp:term":[{"taxonomy":"category","embeddable":true,"href":"https:\/\/claire-jannot.com\/index.php?rest_route=%2Fwp%2Fv2%2Fcategories&post=5388"},{"taxonomy":"post_tag","embeddable":true,"href":"https:\/\/claire-jannot.com\/index.php?rest_route=%2Fwp%2Fv2%2Ftags&post=5388"}],"curies":[{"name":"wp","href":"https:\/\/api.w.org\/{rel}","templated":true}]}}