{"id":5541,"date":"2014-11-07T10:32:25","date_gmt":"2014-11-07T09:32:25","guid":{"rendered":"http:\/\/www.grandesterresbio.com\/?p=5541"},"modified":"2014-11-27T12:46:59","modified_gmt":"2014-11-27T11:46:59","slug":"lexploitation-des-fonds-marins-pour-la-recherche-scientifique","status":"publish","type":"post","link":"https:\/\/claire-jannot.com\/?p=5541","title":{"rendered":"L&rsquo;exploitation des fonds marins pour la recherche scientifique"},"content":{"rendered":"<h2><span style=\"color: #000000;\">L&rsquo;exploitation, tr\u00e8s co\u00fbteuse, des ressources naturelles des grands fonds marins pose la question de sa rentabilit\u00e9 et de son impact sur l&rsquo;environnement, ont soulign\u00e9 cette semaine \u00e0 Brest les participants au Sea Tech Week, un salon international des sciences et technologies de la mer.<\/span><\/h2>\n<p><span style=\"color: #000000;\"> \u00a0\u00a0\u00a0\u00a0\u00a0<a style=\"color: #000000;\" href=\"https:\/\/i0.wp.com\/www.grandesterresbio.com\/wp-content\/uploads\/2014\/11\/CORIOLIS_pont_de_travail_21-09-2007.jpg\"><img data-recalc-dims=\"1\" loading=\"lazy\" decoding=\"async\" class=\"alignleft wp-image-5568\" src=\"https:\/\/i0.wp.com\/www.grandesterresbio.com\/wp-content\/uploads\/2014\/11\/CORIOLIS_pont_de_travail_21-09-2007-300x225.jpg?resize=335%2C251\" alt=\"CORIOLISwww.grandesterresbio.com\" width=\"335\" height=\"251\" srcset=\"https:\/\/i0.wp.com\/claire-jannot.com\/wp-content\/uploads\/2014\/11\/CORIOLIS_pont_de_travail_21-09-2007.jpg?resize=300%2C225&amp;ssl=1 300w, https:\/\/i0.wp.com\/claire-jannot.com\/wp-content\/uploads\/2014\/11\/CORIOLIS_pont_de_travail_21-09-2007.jpg?w=800&amp;ssl=1 800w\" sizes=\"auto, (max-width: 335px) 100vw, 335px\" \/><\/a>\u00ab\u00a0Deux interrogations se d\u00e9gagent, li\u00e9es d&rsquo;ailleurs, celle de l&rsquo;environnement et celle de la pertinence \u00e9conomique\u00a0\u00bb de l&rsquo;exploitation des ressources mini\u00e8res des grands fonds, a r\u00e9sum\u00e9 \u00e0 l&rsquo;AFP Eric Vandenbroucke, directeur du Technopole Brest-Iroise, organisateur du salon avec Brest m\u00e9tropole oc\u00e9ane.<\/span><\/p>\n<p><span style=\"color: #000000;\"> \u00a0\u00a0\u00a0\u00a0\u00a0 \u00ab\u00a0L&rsquo;exploitation des ressources naturelles dans des milieux difficiles d&rsquo;acc\u00e8s repr\u00e9sente des investissements colossaux qui ne sont pas justifi\u00e9s actuellement par un prix du p\u00e9trole tr\u00e8s bas\u00a0\u00bb, a soulign\u00e9 l&rsquo;infatigable explorateur Jean-Louis Etienne.<\/span><\/p>\n<p><span style=\"color: #000000;\"> \u00a0\u00a0\u00a0\u00a0\u00a0 \u00ab\u00a0D&rsquo;ici le tarissement des r\u00e9serves terrestres, nous aurons trouv\u00e9 d&rsquo;autres moyens rentables de produire de l&rsquo;\u00e9nergie, comme l&rsquo;hydrog\u00e8ne ou l&rsquo;\u00e9lectricit\u00e9\u00a0\u00bb a-t-il ajout\u00e9, jugeant que \u00ab\u00a0ce serait terrible\u00a0\u00bb si on devait exploiter ces ressources naturelles en Arctique. Et \u00ab\u00a0nous ne sommes pas \u00e0 l&rsquo;abri d&rsquo;une perte de contr\u00f4le\u00a0\u00bb, a-t-il soulign\u00e9, rappelant la mar\u00e9e noire de 2010 dans le Golfe du Mexique.\u00a0<\/span><\/p>\n<p><span style=\"color: #000000;\"> \u00a0\u00a0\u00a0\u00a0\u00a0 Outre les co\u00fbts inh\u00e9rents \u00e0 l&rsquo;exploitation de ces ressources souvent \u00e0 plus de 1.000 m\u00e8tres de profondeur, il faut tenir compte de ceux li\u00e9s \u00e0 une remise en \u00e9tat des sites exploit\u00e9s. Ces \u00ab\u00a0co\u00fbts peuvent \u00eatre assez colossaux\u00a0\u00bb, a estim\u00e9 M. Vandenbroucke, tout en s&rsquo;interrogeant sur la faisabilit\u00e9 de la remise en \u00e9tat d&rsquo;habitats vieux de millions d&rsquo;ann\u00e9es.<\/span><\/p>\n<p><span style=\"color: #000000;\"> \u00a0\u00a0\u00a0\u00a0\u00a0 \u00ab\u00a0Est-ce que le jeu en vaut la chandelle? Est-ce qu&rsquo;on n&rsquo;a pas finalement int\u00e9r\u00eat \u00e0 se reposer la question de savoir si on a vraiment besoin d&rsquo;aller chercher ces min\u00e9raux ou si on n&rsquo;a pas int\u00e9r\u00eat au contraire \u00e0 laisser l&rsquo;\u00e9cosyst\u00e8me en l&rsquo;\u00e9tat et plut\u00f4t parier sur le service qu&rsquo;il rend au quotidien?\u00a0\u00bb s&rsquo;est-il interrog\u00e9.<\/span><br \/>\n<span style=\"color: #000000;\">\u00a0 L&rsquo;environnement des grands fonds est si contraignant &#8211;temp\u00e9ratures tr\u00e8s basses, entre 0 et 4\u00b0, absence de lumi\u00e8re, forte pression&#8230;&#8211; que les scientifiques ont d&rsquo;abord pens\u00e9 qu&rsquo;il n&rsquo;y avait pas de vie et c&rsquo;est seulement dans les ann\u00e9es 1980 qu&rsquo;ils sont arriv\u00e9s \u00e0 la conclusion qu&rsquo;ils \u00e9taient au moins aussi diversifi\u00e9s, si ce n&rsquo;est plus, que les espaces c\u00f4tiers, explique L\u00e9naick Menot, chercheur \u00e0 l&rsquo;Ifremer en \u00e9cologie benthique (\u00e9tude des organismes du fond des mers, ndlr).<\/span><\/p>\n<p><span style=\"color: #000000;\"> \u00a0\u00a0\u00a0\u00a0\u00a0 Les scientifiques font \u00e9tat d\u00e9sormais d&rsquo;une grande diversit\u00e9 d&rsquo;habitats, comme celui des sources hydrothermales, avec des fluides sortant \u00e0 plus de 400\u00b0, ou celui des r\u00e9cifs coralliens pouvant abriter des centaines d&rsquo;esp\u00e8ces.<\/span><\/p>\n<p><span style=\"color: #000000;\"> \u00a0\u00a0\u00a0\u00a0\u00a0 Fragiles et tr\u00e8s lents \u00e0 se r\u00e9g\u00e9n\u00e9rer, ils sont cependant prometteurs, explique le Pr Georges Barbier du Laboratoire universitaire de biodiversit\u00e9 et \u00e9cologie microbienne.<\/span><\/p>\n<p><span style=\"color: #000000;\"> \u00a0\u00a0\u00a0\u00a0\u00a0 \u00ab\u00a0Nous cherchons dans le milieu marin et en particulier dans le milieu marin profond la pr\u00e9sence de champignons afin de voir si ces organismes produisent des mol\u00e9cules originales qui seraient les antibiotiques de demain\u00a0\u00bb, souligne-t-il, \u00e9voquant le probl\u00e8me grandissant de la r\u00e9sistance microbienne aux antibiotiques.<\/span><\/p>\n<p><span style=\"color: #000000;\"> \u00a0\u00a0\u00a0\u00a0\u00a0 Tr\u00e8s impliqu\u00e9 dans la pr\u00e9servation des oc\u00e9ans, le prince Albert II de Monaco a jug\u00e9 n\u00e9cessaire \u00ab\u00a0d&rsquo;imposer des normes et de n\u00e9gocier des accords prot\u00e9geant les mers\u00a0\u00bb, plaidant pour une plus grande r\u00e9glementation dans le cadre de l&rsquo;Autorit\u00e9 internationale des fonds marins.<\/span><\/p>\n<p><span style=\"color: #000000;\"> \u00a0\u00a0\u00a0\u00a0\u00a0 Cette organisation ind\u00e9pendante cr\u00e9\u00e9e conform\u00e9ment \u00e0 la convention des Nations unies sur le droit de la mer a jusqu&rsquo;\u00e0 pr\u00e9sent attribu\u00e9 une vingtaine de permis d&rsquo;exploration dans les eaux internationales \u00e0 des pays tels que la Chine, le Japon, le Br\u00e9sil, l&rsquo;Allemagne, la Cor\u00e9e, le Royaume-Uni ou la France.<\/span><\/p>\n<p><span style=\"color: #000000;\"> \u00a0\u00a0\u00a0\u00a0\u00a0 \u00ab\u00a0Cette exploitation doit se faire de mani\u00e8re extr\u00eamement rigoureuse en prenant garde \u00e0 ne pas r\u00e9p\u00e9ter les erreurs du pass\u00e9\u00a0\u00bb, a-t-il estim\u00e9, jugeant \u00ab\u00a0imp\u00e9ratif\u00a0\u00bb de soutenir \u00ab\u00a0sans faille\u00a0\u00bb la recherche scientifique. A peine 10% de la faune marine a \u00e9t\u00e9 r\u00e9pertori\u00e9e, tandis que la superficie des grands fonds explor\u00e9e de visu correspond \u00e0 peine \u00e0 la surface d&rsquo;une ville comme Paris intra-muros, a-t-il rappel\u00e9.<\/span><\/p>\n<p><span style=\"color: #000000;\"> \u00a0\u00a0\u00a0\u00a0\u00a0 Le \u00ab\u00a0risque est de perdre des esp\u00e8ces encore jamais vues\u00a0\u00bb, a mis en garde Mohamed Jebbar, chercheur au Laboratoire de microbiologie des environnements extr\u00eames.<\/span><\/p>\n<address><span style=\"color: #000000;\">Source : BREST,\u00a018 oct 2014 (AFP) <\/span><\/address>\n<address><span style=\"color: #000000;\">Cr\u00e9dit photo : By Alcide55 G\u00e9rald. (Photo prise par moi.) [GFDL (http:\/\/www.gnu.org\/copyleft\/fdl.html) or CC-BY-SA-3.0-2.5-2.0-1.0 (http:\/\/creativecommons.org\/licenses\/by-sa\/3.0)], via Wikimedia Commons<\/span><\/address>\n<address>\u00a0<\/address>\n<address>\u00a0<\/address>\n<address>\u00a0<\/address>\n<address>\u00a0<\/address>\n","protected":false},"excerpt":{"rendered":"<p>L&rsquo;exploitation, tr\u00e8s co\u00fbteuse, des ressources naturelles des grands fonds marins pose la question de sa rentabilit\u00e9 et de son impact sur l&rsquo;environnement, ont soulign\u00e9 cette semaine \u00e0 Brest les participants au Sea Tech Week, un salon international des sciences et &hellip; <a href=\"https:\/\/claire-jannot.com\/?p=5541\">Continuer la lecture <span class=\"meta-nav\">&rarr;<\/span><\/a><\/p>\n","protected":false},"author":1,"featured_media":0,"comment_status":"open","ping_status":"open","sticky":false,"template":"","format":"standard","meta":{"jetpack_post_was_ever_published":false,"_jetpack_newsletter_access":"","_jetpack_dont_email_post_to_subs":false,"_jetpack_newsletter_tier_id":0,"_jetpack_memberships_contains_paywalled_content":false,"_jetpack_memberships_contains_paid_content":false,"footnotes":"","jetpack_publicize_message":"","jetpack_publicize_feature_enabled":true,"jetpack_social_post_already_shared":false,"jetpack_social_options":{"image_generator_settings":{"template":"highway","default_image_id":0,"font":"","enabled":false},"version":2}},"categories":[2,47],"tags":[4,36,10],"class_list":["post-5541","post","type-post","status-publish","format-standard","hentry","category-ecologie","category-societe","tag-ecologie2","tag-pollution","tag-sante"],"jetpack_publicize_connections":[],"jetpack_featured_media_url":"","jetpack_sharing_enabled":true,"jetpack_shortlink":"https:\/\/wp.me\/p5jjt5-1rn","_links":{"self":[{"href":"https:\/\/claire-jannot.com\/index.php?rest_route=\/wp\/v2\/posts\/5541","targetHints":{"allow":["GET"]}}],"collection":[{"href":"https:\/\/claire-jannot.com\/index.php?rest_route=\/wp\/v2\/posts"}],"about":[{"href":"https:\/\/claire-jannot.com\/index.php?rest_route=\/wp\/v2\/types\/post"}],"author":[{"embeddable":true,"href":"https:\/\/claire-jannot.com\/index.php?rest_route=\/wp\/v2\/users\/1"}],"replies":[{"embeddable":true,"href":"https:\/\/claire-jannot.com\/index.php?rest_route=%2Fwp%2Fv2%2Fcomments&post=5541"}],"version-history":[{"count":1,"href":"https:\/\/claire-jannot.com\/index.php?rest_route=\/wp\/v2\/posts\/5541\/revisions"}],"predecessor-version":[{"id":5569,"href":"https:\/\/claire-jannot.com\/index.php?rest_route=\/wp\/v2\/posts\/5541\/revisions\/5569"}],"wp:attachment":[{"href":"https:\/\/claire-jannot.com\/index.php?rest_route=%2Fwp%2Fv2%2Fmedia&parent=5541"}],"wp:term":[{"taxonomy":"category","embeddable":true,"href":"https:\/\/claire-jannot.com\/index.php?rest_route=%2Fwp%2Fv2%2Fcategories&post=5541"},{"taxonomy":"post_tag","embeddable":true,"href":"https:\/\/claire-jannot.com\/index.php?rest_route=%2Fwp%2Fv2%2Ftags&post=5541"}],"curies":[{"name":"wp","href":"https:\/\/api.w.org\/{rel}","templated":true}]}}