{"id":5572,"date":"2014-11-07T14:57:42","date_gmt":"2014-11-07T13:57:42","guid":{"rendered":"http:\/\/www.grandesterresbio.com\/?p=5572"},"modified":"2014-11-27T12:46:49","modified_gmt":"2014-11-27T11:46:49","slug":"agriculture-la-loi-sur-les-groupements-dinteret-economique-et-environnemental-validee-malgre-lump","status":"publish","type":"post","link":"https:\/\/claire-jannot.com\/?p=5572","title":{"rendered":"Agriculture : La loi sur les Groupements d&rsquo;int\u00e9r\u00eat \u00e9conomique et environnemental valid\u00e9e malgr\u00e9 l&rsquo;UMP"},"content":{"rendered":"<h2>La loi d&rsquo;avenir de l&rsquo;agriculture a \u00e9t\u00e9 publi\u00e9e mardi au journal officiel, avec en particulier l&rsquo;article instituant la cr\u00e9ation de groupements d&rsquo;int\u00e9r\u00eat \u00e9conomique et environnemental (GIEE), valid\u00e9 par le Conseil constitutionnel qui avait \u00e9t\u00e9 saisi par les d\u00e9put\u00e9s UMP.<br \/>\nLe texte, qui vise \u00e0 donner une orientation plus \u00e9cologique au secteur, a \u00e9t\u00e9 d\u00e9finitivement adopt\u00e9 le 11 septembre. A l&rsquo;Assembl\u00e9e, seuls les d\u00e9put\u00e9s de l&rsquo;UMP ont vot\u00e9 contre.<\/h2>\n<p><a href=\"https:\/\/i0.wp.com\/www.grandesterresbio.com\/wp-content\/uploads\/2014\/11\/800px-Belv%C3%A8ze_-_Ferme_de_Ratelle_-1.jpg\"><img data-recalc-dims=\"1\" loading=\"lazy\" decoding=\"async\" class=\"alignleft wp-image-5573 size-medium\" src=\"https:\/\/i0.wp.com\/www.grandesterresbio.com\/wp-content\/uploads\/2014\/11\/800px-Belv%C3%A8ze_-_Ferme_de_Ratelle_-1-300x225.jpg?resize=300%2C225\" alt=\"Belv\u00e8ze-www.grandesterresbio.com\" width=\"300\" height=\"225\" srcset=\"https:\/\/i0.wp.com\/claire-jannot.com\/wp-content\/uploads\/2014\/11\/800px-Belv%C3%A8ze_-_Ferme_de_Ratelle_-1.jpg?resize=300%2C225&amp;ssl=1 300w, https:\/\/i0.wp.com\/claire-jannot.com\/wp-content\/uploads\/2014\/11\/800px-Belv%C3%A8ze_-_Ferme_de_Ratelle_-1.jpg?w=800&amp;ssl=1 800w\" sizes=\"auto, (max-width: 300px) 100vw, 300px\" \/><\/a>Ils ont ensuite saisi le Conseil constitutionnel pour contester notamment la cr\u00e9ation des <strong>GIEE, collectifs d&rsquo;agriculteurs qui pourront b\u00e9n\u00e9ficier de majorations dans l&rsquo;attribution des aides publiques lorsqu&rsquo;ils mettent en place des projets agro\u00e9cologiques<\/strong>, l&rsquo;une des principales innovations du texte.<\/p>\n<p>Les d\u00e9put\u00e9s UMP estimaient que ces aides entra\u00eenent \u00ab\u00a0une rupture d&rsquo;\u00e9galit\u00e9 entre les agriculteurs\u00a0\u00bb mais le Conseil constitutionnel a estim\u00e9 le 9 octobre que les GIEE \u00e9taient conformes \u00e0 la Constitution.<\/p>\n<address>Source : PARIS,\u00a014 oct 2014 (AFP)<\/address>\n<address>Cr\u00e9dit : By MOSSOT (Own work) [GFDL (http:\/\/www.gnu.org\/copyleft\/fdl.html) or CC-BY-SA-3.0-2.5-2.0-1.0 (http:\/\/creativecommons.org\/licenses\/by-sa\/3.0)], via Wikimedia Commons<\/address>\n<address>\u00a0<\/address>\n<address>\u00a0<\/address>\n<address>\u00a0<\/address>\n<address>\u00a0<\/address>\n","protected":false},"excerpt":{"rendered":"<p>La loi d&rsquo;avenir de l&rsquo;agriculture a \u00e9t\u00e9 publi\u00e9e mardi au journal officiel, avec en particulier l&rsquo;article instituant la cr\u00e9ation de groupements d&rsquo;int\u00e9r\u00eat \u00e9conomique et environnemental (GIEE), valid\u00e9 par le Conseil constitutionnel qui avait \u00e9t\u00e9 saisi par les d\u00e9put\u00e9s UMP. Le &hellip; <a href=\"https:\/\/claire-jannot.com\/?p=5572\">Continuer la lecture <span class=\"meta-nav\">&rarr;<\/span><\/a><\/p>\n","protected":false},"author":1,"featured_media":0,"comment_status":"open","ping_status":"open","sticky":false,"template":"","format":"standard","meta":{"jetpack_post_was_ever_published":false,"_jetpack_newsletter_access":"","_jetpack_dont_email_post_to_subs":false,"_jetpack_newsletter_tier_id":0,"_jetpack_memberships_contains_paywalled_content":false,"_jetpack_memberships_contains_paid_content":false,"footnotes":"","jetpack_publicize_message":"","jetpack_publicize_feature_enabled":true,"jetpack_social_post_already_shared":true,"jetpack_social_options":{"image_generator_settings":{"template":"highway","default_image_id":0,"font":"","enabled":false},"version":2}},"categories":[1,2,47],"tags":[42,22,4,5],"class_list":["post-5572","post","type-post","status-publish","format-standard","hentry","category-alimentation","category-ecologie","category-societe","tag-agriculture","tag-biologique","tag-ecologie2","tag-environnement"],"jetpack_publicize_connections":[],"jetpack_featured_media_url":"","jetpack_sharing_enabled":true,"jetpack_shortlink":"https:\/\/wp.me\/p5jjt5-1rS","_links":{"self":[{"href":"https:\/\/claire-jannot.com\/index.php?rest_route=\/wp\/v2\/posts\/5572","targetHints":{"allow":["GET"]}}],"collection":[{"href":"https:\/\/claire-jannot.com\/index.php?rest_route=\/wp\/v2\/posts"}],"about":[{"href":"https:\/\/claire-jannot.com\/index.php?rest_route=\/wp\/v2\/types\/post"}],"author":[{"embeddable":true,"href":"https:\/\/claire-jannot.com\/index.php?rest_route=\/wp\/v2\/users\/1"}],"replies":[{"embeddable":true,"href":"https:\/\/claire-jannot.com\/index.php?rest_route=%2Fwp%2Fv2%2Fcomments&post=5572"}],"version-history":[{"count":4,"href":"https:\/\/claire-jannot.com\/index.php?rest_route=\/wp\/v2\/posts\/5572\/revisions"}],"predecessor-version":[{"id":5578,"href":"https:\/\/claire-jannot.com\/index.php?rest_route=\/wp\/v2\/posts\/5572\/revisions\/5578"}],"wp:attachment":[{"href":"https:\/\/claire-jannot.com\/index.php?rest_route=%2Fwp%2Fv2%2Fmedia&parent=5572"}],"wp:term":[{"taxonomy":"category","embeddable":true,"href":"https:\/\/claire-jannot.com\/index.php?rest_route=%2Fwp%2Fv2%2Fcategories&post=5572"},{"taxonomy":"post_tag","embeddable":true,"href":"https:\/\/claire-jannot.com\/index.php?rest_route=%2Fwp%2Fv2%2Ftags&post=5572"}],"curies":[{"name":"wp","href":"https:\/\/api.w.org\/{rel}","templated":true}]}}