{"id":5587,"date":"2014-11-07T15:20:49","date_gmt":"2014-11-07T14:20:49","guid":{"rendered":"http:\/\/www.grandesterresbio.com\/?p=5587"},"modified":"2014-11-07T15:20:49","modified_gmt":"2014-11-07T14:20:49","slug":"chine-le-ciel-devra-etre-bleu-pour-le-sommet-apec-asie-pacifique","status":"publish","type":"post","link":"https:\/\/claire-jannot.com\/?p=5587","title":{"rendered":"Chine : Le ciel devra \u00eatre bleu pour  le  sommet  APEC-Asie-Pacifique"},"content":{"rendered":"<h2><span style=\"color: #000000;\">Le \u00ab\u00a0socialisme aux couleurs de la Chine\u00a0\u00bb, formule-phare du r\u00e9gime communiste chinois, a fait na\u00eetre dans le ciel d\u00e9pollu\u00e9 de P\u00e9kin une nouvelle nuance, le \u00ab\u00a0bleu Apec\u00a0\u00bb, cible de commentaires ironiques des internautes.<\/span><\/h2>\n<p><span style=\"color: #000000;\"><a style=\"color: #000000;\" href=\"https:\/\/i0.wp.com\/www.grandesterresbio.com\/wp-content\/uploads\/2014\/11\/800px-Factory_in_China.jpg\"><img data-recalc-dims=\"1\" loading=\"lazy\" decoding=\"async\" class=\"alignleft wp-image-5588 \" src=\"https:\/\/i0.wp.com\/www.grandesterresbio.com\/wp-content\/uploads\/2014\/11\/800px-Factory_in_China-300x210.jpg?resize=369%2C258\" alt=\"usine en chine - www.grandesterresbio.com\" width=\"369\" height=\"258\" srcset=\"https:\/\/i0.wp.com\/claire-jannot.com\/wp-content\/uploads\/2014\/11\/800px-Factory_in_China.jpg?resize=300%2C210&amp;ssl=1 300w, https:\/\/i0.wp.com\/claire-jannot.com\/wp-content\/uploads\/2014\/11\/800px-Factory_in_China.jpg?w=800&amp;ssl=1 800w\" sizes=\"auto, (max-width: 369px) 100vw, 369px\" \/><\/a>La capitale chinoise, qui \u00e9touffe chroniquement sous les pics de pollution atmosph\u00e9rique, a pris des mesures draconiennes pour disperser ses brumes polluantes avant d&rsquo;accueillir lundi le sommet de l&rsquo;Asie-Pacifique (Apec), pr\u00e9c\u00e9d\u00e9 cette semaine de r\u00e9unions pr\u00e9paratoires.<\/span><\/p>\n<p><span style=\"color: #000000;\"> \u00a0\u00a0\u00a0\u00a0\u00a0 Apr\u00e8s l&rsquo;instauration de restrictions de la circulation automobile et la fermeture temporaire de plus de 2.000 usines, et avec l&rsquo;aide bienvenue d&rsquo;un coup de vent du nord, le ciel p\u00e9kinois a conserv\u00e9 jeudi un bleu profond, d&rsquo;une intensit\u00e9 rarement vue.<\/span><\/p>\n<p><span style=\"color: #000000;\"> \u00a0\u00a0\u00a0\u00a0\u00a0 <strong>La densit\u00e9 de particules de 2,5 microns de diam\u00e8tre (PM 2,5), les plus nocives, a m\u00eame atteint vers 14H00 un plancher de 3 microgrammes par m\u00e8tre cube, selon l&rsquo;ambassade am\u00e9ricaine, un niveau quasi-historique. Ce seuil avait fr\u00f4l\u00e9 les 500 en octobre, alors que l&rsquo;OMS recommande de ne pas d\u00e9passer 25.<\/strong><\/span><\/p>\n<p><span style=\"color: #000000;\"> \u00a0\u00a0\u00a0\u00a0\u00a0 Les P\u00e9kinois ont imm\u00e9diatement qualifi\u00e9 cette couleur du ciel in\u00e9dite de <strong>\u00ab\u00a0bleu Apec\u00a0\u00bb<\/strong>, en y voyant la preuve que la pollution de l&rsquo;air n&rsquo;\u00e9tait pas une fatalit\u00e9.<\/span><\/p>\n<p><span style=\"color: #000000;\"> \u00a0\u00a0\u00a0\u00a0\u00a0 \u00ab\u00a0Pour une question d&rsquo;amour-propre, le gouvernement n&rsquo;h\u00e9site pas \u00e0 fermer des industries polluantes\u00a0\u00bb, a comment\u00e9 un internaute dans un microblog. \u00ab\u00a0Le probl\u00e8me de la pollution atmosph\u00e9rique pourrait donc \u00eatre r\u00e9gl\u00e9. Mais, pour le gouvernement, la sant\u00e9 de la population compte moins que pr\u00e9server son image\u00a0\u00bb.<\/span><\/p>\n<p><span style=\"color: #000000;\"> \u00a0\u00a0\u00a0\u00a0\u00a0 L&rsquo;expression \u00ab\u00a0bleu Apec\u00a0\u00bb \u00e9tait reprise vendredi par la presse officielle, jusqu&rsquo;au tr\u00e8s institutionnel Quotidien du peuple.<\/span><\/p>\n<p><span style=\"color: #000000;\"> \u00a0\u00a0\u00a0\u00a0\u00a0 \u00ab\u00a0Le bleu Apec montre que si, de fa\u00e7on r\u00e9solue, nous prenons des mesures de pr\u00e9vention et de lutte, alors la pollution a\u00e9rienne peut \u00eatre jugul\u00e9e\u00a0\u00bb, a estim\u00e9 ce journal, organe officiel du Parti communiste chinois.<\/span><\/p>\n<p><span style=\"color: #000000;\"> \u00a0\u00a0\u00a0\u00a0\u00a0 Les r\u00e9seaux sociaux chinois ont \u00e9galement d\u00e9tourn\u00e9 avec humour l&rsquo;acronyme <strong>APEC, cens\u00e9 signifier \u00ab\u00a0Air Pollution Eventually Controlled\u00a0\u00bb<\/strong> (Pollution de l&rsquo;air enfin ma\u00eetris\u00e9e).<\/span><\/p>\n<p><span style=\"color: #000000;\"> \u00a0\u00a0\u00a0\u00a0\u00a0 Malgr\u00e9 les efforts des autorit\u00e9s, le maintien d&rsquo;un ciel bleu \u00e0 P\u00e9kin durant le sommet de l&rsquo;Apec est loin d&rsquo;\u00eatre acquis. Vendredi midi, le ciel tournait au gris et les microparticules \u00e9taient de retour, \u00e0 un niveau de 59 qualifi\u00e9 de \u00ab\u00a0mauvais pour la sant\u00e9\u00a0\u00bb par la chancellerie am\u00e9ricaine, qui fait autorit\u00e9 en la mati\u00e8re.<\/span><\/p>\n<address><span style=\"color: #000000;\">Source : P\u00c9KIN, 7 nov 2014 (AFP)<\/span><\/address>\n<address><span style=\"color: #000000;\">cr\u00e9dit : Par High Contrast (Travail personnel) [CC-BY-2.0-de (http:\/\/creativecommons.org\/licenses\/by\/2.0\/de\/deed.en)], via Wikimedia Commons<\/span><\/address>\n<address>\u00a0<\/address>\n<address>\u00a0<\/address>\n<address>\u00a0<\/address>\n","protected":false},"excerpt":{"rendered":"<p>Le \u00ab\u00a0socialisme aux couleurs de la Chine\u00a0\u00bb, formule-phare du r\u00e9gime communiste chinois, a fait na\u00eetre dans le ciel d\u00e9pollu\u00e9 de P\u00e9kin une nouvelle nuance, le \u00ab\u00a0bleu Apec\u00a0\u00bb, cible de commentaires ironiques des internautes. La capitale chinoise, qui \u00e9touffe chroniquement sous &hellip; <a href=\"https:\/\/claire-jannot.com\/?p=5587\">Continuer la lecture <span class=\"meta-nav\">&rarr;<\/span><\/a><\/p>\n","protected":false},"author":1,"featured_media":0,"comment_status":"open","ping_status":"open","sticky":false,"template":"","format":"standard","meta":{"jetpack_post_was_ever_published":false,"_jetpack_newsletter_access":"","_jetpack_dont_email_post_to_subs":false,"_jetpack_newsletter_tier_id":0,"_jetpack_memberships_contains_paywalled_content":false,"_jetpack_memberships_contains_paid_content":false,"footnotes":"","jetpack_publicize_message":"","jetpack_publicize_feature_enabled":true,"jetpack_social_post_already_shared":true,"jetpack_social_options":{"image_generator_settings":{"template":"highway","default_image_id":0,"font":"","enabled":false},"version":2}},"categories":[2],"tags":[5,36,10,11],"class_list":["post-5587","post","type-post","status-publish","format-standard","hentry","category-ecologie","tag-environnement","tag-pollution","tag-sante","tag-societe-2"],"jetpack_publicize_connections":[],"jetpack_featured_media_url":"","jetpack_sharing_enabled":true,"jetpack_shortlink":"https:\/\/wp.me\/p5jjt5-1s7","_links":{"self":[{"href":"https:\/\/claire-jannot.com\/index.php?rest_route=\/wp\/v2\/posts\/5587","targetHints":{"allow":["GET"]}}],"collection":[{"href":"https:\/\/claire-jannot.com\/index.php?rest_route=\/wp\/v2\/posts"}],"about":[{"href":"https:\/\/claire-jannot.com\/index.php?rest_route=\/wp\/v2\/types\/post"}],"author":[{"embeddable":true,"href":"https:\/\/claire-jannot.com\/index.php?rest_route=\/wp\/v2\/users\/1"}],"replies":[{"embeddable":true,"href":"https:\/\/claire-jannot.com\/index.php?rest_route=%2Fwp%2Fv2%2Fcomments&post=5587"}],"version-history":[{"count":5,"href":"https:\/\/claire-jannot.com\/index.php?rest_route=\/wp\/v2\/posts\/5587\/revisions"}],"predecessor-version":[{"id":5593,"href":"https:\/\/claire-jannot.com\/index.php?rest_route=\/wp\/v2\/posts\/5587\/revisions\/5593"}],"wp:attachment":[{"href":"https:\/\/claire-jannot.com\/index.php?rest_route=%2Fwp%2Fv2%2Fmedia&parent=5587"}],"wp:term":[{"taxonomy":"category","embeddable":true,"href":"https:\/\/claire-jannot.com\/index.php?rest_route=%2Fwp%2Fv2%2Fcategories&post=5587"},{"taxonomy":"post_tag","embeddable":true,"href":"https:\/\/claire-jannot.com\/index.php?rest_route=%2Fwp%2Fv2%2Ftags&post=5587"}],"curies":[{"name":"wp","href":"https:\/\/api.w.org\/{rel}","templated":true}]}}