{"id":5600,"date":"2014-11-07T15:42:26","date_gmt":"2014-11-07T14:42:26","guid":{"rendered":"http:\/\/www.grandesterresbio.com\/?p=5600"},"modified":"2014-11-29T15:09:46","modified_gmt":"2014-11-29T14:09:46","slug":"ragondins-la-fnsea-reconnait-une-connerie","status":"publish","type":"post","link":"https:\/\/claire-jannot.com\/?p=5600","title":{"rendered":"Ragondins : La FNSEA reconna\u00eet \u00ab\u00a0une connerie\u00a0\u00bb"},"content":{"rendered":"<h2><span style=\"color: #000000;\">Le pr\u00e9sident de la FNSEA, Xavier Beulin, a reconnu jeudi que la d\u00e9gradation d&rsquo;un local d&rsquo;EELV et des actes de maltraitance sur des ragondins lors des manifestations d&rsquo;agriculteurs mercredi \u00e9taient \u00ab\u00a0une connerie\u00a0\u00bb.<\/span><\/h2>\n<p><span style=\"color: #000000;\"><a href=\"https:\/\/i0.wp.com\/www.grandesterresbio.com\/wp-content\/uploads\/2014\/11\/496px-Ragondin.jpg\"><img data-recalc-dims=\"1\" loading=\"lazy\" decoding=\"async\" class=\"alignleft wp-image-5601 size-medium\" src=\"https:\/\/i0.wp.com\/www.grandesterresbio.com\/wp-content\/uploads\/2014\/11\/496px-Ragondin-248x300.jpg?resize=248%2C300\" alt=\"Ragondin-www.grandesterresbio.com\" width=\"248\" height=\"300\" srcset=\"https:\/\/i0.wp.com\/claire-jannot.com\/wp-content\/uploads\/2014\/11\/496px-Ragondin.jpg?resize=248%2C300&amp;ssl=1 248w, https:\/\/i0.wp.com\/claire-jannot.com\/wp-content\/uploads\/2014\/11\/496px-Ragondin.jpg?w=496&amp;ssl=1 496w\" sizes=\"auto, (max-width: 248px) 100vw, 248px\" \/><\/a>\u00ab\u00a0Je consid\u00e8re que c&rsquo;est une connerie et je ne cautionne pas ce type de d\u00e9rapage\u00a0\u00bb, a-t-il dit \u00e0 l&rsquo;AFP.<\/span> <span style=\"color: #000000;\">\u00ab\u00a0Les images ne sont pas agr\u00e9ables \u00e0 regarder et malheureusement elles risquent de masquer ce qui \u00e9tait cette journ\u00e9e\u00a0\u00bb et \u00ab\u00a0j&rsquo;avais moi-m\u00eame appel\u00e9 au respect des biens et des personnes\u00a0\u00bb, a ajout\u00e9 le responsable syndical.<\/span><br \/>\n<span style=\"color: #000000;\">Sur les propos des dirigeants \u00e9cologistes sur la FNSEA, <strong>Xavier Beulin<\/strong> s&rsquo;est refus\u00e9 \u00e0 tout commentaire, disant simplement \u00ab\u00a0\u00e7a va tr\u00e8s loin\u00a0\u00bb.<\/span><br \/>\n<span style=\"color: #000000;\">Revenant sur son expression de \u00ab\u00a0djihadistes verts\u00a0\u00bb, utilis\u00e9e la semaine derni\u00e8re pour qualifier les militants anti-barrage de Sivens, Xavier Beulin a redit qu&rsquo;il ne confondait par \u00ab\u00a0les \u00e9cologistes pacifistes\u00a0\u00bb et la \u00ab\u00a0quelque centaine d&rsquo;individus qui ont install\u00e9 un QG \u00e0 Notre-Dame-des-Landes et qui cherchent les affrontements\u00a0\u00bb.<\/span><\/p>\n<p><span style=\"color: #000000;\"> \u00a0\u00a0\u00a0\u00a0\u00a0 \u00ab\u00a0Je crois qu&rsquo;il faut que les choses reviennent dans l&rsquo;ordre\u00a0\u00bb, a-t-il plaid\u00e9 en redisant qu&rsquo;il esp\u00e9rait bien que le droit serait appliqu\u00e9 sur le site du barrage de Sivens.<\/span><br \/>\n<span style=\"color: #000000;\">Des agriculteurs ont maltrait\u00e9 des ragondins vivants, mercredi lors d&rsquo;un rassemblement de protestation \u00e0 Nantes, les jetant notamment de caddies, les aspergeant de peinture et leur donnant des coups de pieds. <strong>\u00ab\u00a0Les ragondins, c&rsquo;est comme S\u00e9gol\u00e8ne (Royal, ministre de l&rsquo;\u00c9cologie, NDLR), c&rsquo;est des nuisibles\u00a0\u00bb<\/strong>, avait d\u00e9clar\u00e9 l&rsquo;un des manifestants, sur une vid\u00e9o de T\u00e9l\u00e9nantes qui a film\u00e9 la sc\u00e8ne.<\/span><br \/>\n<span style=\"color: #000000;\"><strong>Le chef de file des s\u00e9nateurs Europe Ecologie-les Verts, Jean-Vincent Plac\u00e9<\/strong> a r\u00e9agi sur twitter jeudi \u00e9crivant: \u00ab\u00a0Ces pauvres types sadiques de la FNSEA qui torturent des ragondins. Les traiter de porcs serait diffamatoire vis-\u00e0-vis des animaux. Berk.\u00a0\u00bb<\/span><br \/>\n<span style=\"color: #000000;\">Mercredi, la num\u00e9ro un du parti Emmanuelle Cosse avait elle regrett\u00e9, sur Twitter \u00e9galement, que \u00ab\u00a0les barons de la mal-bouffe d\u00e9versent leur fumier sur la France: une insulte pour tous les paysans respectueux de la terre et des hommes\u00a0\u00bb, apr\u00e8s que le local EELV de Toulouse eut \u00e9t\u00e9 recouvert de fumier.<\/span><br \/>\n<span style=\"color: #000000;\">La plupart des autres manifestations se sont sinon d\u00e9roul\u00e9es dans le calme. La FNSEA a d\u00e9nombr\u00e9 92 actions et 36.500 agriculteurs dans les rues pour d\u00e9noncer les normes et les contraintes dont ils se disent victimes.<\/span><\/p>\n<address><span style=\"color: #000000;\">Source : PARIS, 6 nov 2014 (AFP)<\/span><\/address>\n<address><span style=\"color: #000000;\">Cr\u00e9dit photo : Par Nicolas Herrmann (J&rsquo;en suis l&rsquo;auteur) [GFDL (http:\/\/www.gnu.org\/copyleft\/fdl.html), CC-BY-SA-3.0 (http:\/\/creativecommons.org\/licenses\/by-sa\/3.0\/) ou CC-BY-2.5 (http:\/\/creativecommons.org\/licenses\/by\/2.5)], via Wikimedia Commons<\/span><\/address>\n<address>\u00a0<\/address>\n<address>\u00a0<\/address>\n<address>\u00a0<\/address>\n<address>\u00a0<\/address>\n<address>\u00a0<\/address>\n<address>\u00a0<\/address>\n<address>\u00a0<\/address>\n","protected":false},"excerpt":{"rendered":"<p>Le pr\u00e9sident de la FNSEA, Xavier Beulin, a reconnu jeudi que la d\u00e9gradation d&rsquo;un local d&rsquo;EELV et des actes de maltraitance sur des ragondins lors des manifestations d&rsquo;agriculteurs mercredi \u00e9taient \u00ab\u00a0une connerie\u00a0\u00bb. \u00ab\u00a0Je consid\u00e8re que c&rsquo;est une connerie et je &hellip; <a href=\"https:\/\/claire-jannot.com\/?p=5600\">Continuer la lecture <span class=\"meta-nav\">&rarr;<\/span><\/a><\/p>\n","protected":false},"author":1,"featured_media":0,"comment_status":"open","ping_status":"open","sticky":false,"template":"","format":"standard","meta":{"jetpack_post_was_ever_published":false,"_jetpack_newsletter_access":"","_jetpack_dont_email_post_to_subs":false,"_jetpack_newsletter_tier_id":0,"_jetpack_memberships_contains_paywalled_content":false,"_jetpack_memberships_contains_paid_content":false,"footnotes":"","jetpack_publicize_message":"","jetpack_publicize_feature_enabled":true,"jetpack_social_post_already_shared":true,"jetpack_social_options":{"image_generator_settings":{"template":"highway","default_image_id":0,"font":"","enabled":false},"version":2}},"categories":[2],"tags":[42,5,11,48],"class_list":["post-5600","post","type-post","status-publish","format-standard","hentry","category-ecologie","tag-agriculture","tag-environnement","tag-societe-2","tag-vie-animale"],"jetpack_publicize_connections":[],"jetpack_featured_media_url":"","jetpack_sharing_enabled":true,"jetpack_shortlink":"https:\/\/wp.me\/p5jjt5-1sk","_links":{"self":[{"href":"https:\/\/claire-jannot.com\/index.php?rest_route=\/wp\/v2\/posts\/5600","targetHints":{"allow":["GET"]}}],"collection":[{"href":"https:\/\/claire-jannot.com\/index.php?rest_route=\/wp\/v2\/posts"}],"about":[{"href":"https:\/\/claire-jannot.com\/index.php?rest_route=\/wp\/v2\/types\/post"}],"author":[{"embeddable":true,"href":"https:\/\/claire-jannot.com\/index.php?rest_route=\/wp\/v2\/users\/1"}],"replies":[{"embeddable":true,"href":"https:\/\/claire-jannot.com\/index.php?rest_route=%2Fwp%2Fv2%2Fcomments&post=5600"}],"version-history":[{"count":1,"href":"https:\/\/claire-jannot.com\/index.php?rest_route=\/wp\/v2\/posts\/5600\/revisions"}],"predecessor-version":[{"id":5602,"href":"https:\/\/claire-jannot.com\/index.php?rest_route=\/wp\/v2\/posts\/5600\/revisions\/5602"}],"wp:attachment":[{"href":"https:\/\/claire-jannot.com\/index.php?rest_route=%2Fwp%2Fv2%2Fmedia&parent=5600"}],"wp:term":[{"taxonomy":"category","embeddable":true,"href":"https:\/\/claire-jannot.com\/index.php?rest_route=%2Fwp%2Fv2%2Fcategories&post=5600"},{"taxonomy":"post_tag","embeddable":true,"href":"https:\/\/claire-jannot.com\/index.php?rest_route=%2Fwp%2Fv2%2Ftags&post=5600"}],"curies":[{"name":"wp","href":"https:\/\/api.w.org\/{rel}","templated":true}]}}