{"id":5603,"date":"2014-11-07T15:52:49","date_gmt":"2014-11-07T14:52:49","guid":{"rendered":"http:\/\/www.grandesterresbio.com\/?p=5603"},"modified":"2014-11-27T12:46:30","modified_gmt":"2014-11-27T11:46:30","slug":"recyclage-en-ile-de-france-le-bilan-compare","status":"publish","type":"post","link":"https:\/\/claire-jannot.com\/?p=5603","title":{"rendered":"Recyclage en \u00eele-de-France : Le bilan compar\u00e9"},"content":{"rendered":"<h2><span style=\"color: #000000;\">Homog\u00e9n\u00e9iser les consignes de tri, taxer davantage l&rsquo;enfouissement, multiplier les d\u00e9chetteries, d\u00e9velopper la collecte et la valorisation des d\u00e9chets organiques: l&rsquo;Ile-de-France a recens\u00e9 chez ses voisins europ\u00e9ens les bonnes pratiques pour am\u00e9liorer le recyclage des d\u00e9chets municipaux.<\/span><\/h2>\n<p><span style=\"color: #000000;\"><a style=\"color: #000000;\" href=\"https:\/\/i0.wp.com\/www.grandesterresbio.com\/wp-content\/uploads\/2014\/11\/782px-Renault_Premium_camion_poubelle_Paris.jpg\"><img data-recalc-dims=\"1\" loading=\"lazy\" decoding=\"async\" class=\"alignleft wp-image-5604 size-medium\" src=\"https:\/\/i0.wp.com\/www.grandesterresbio.com\/wp-content\/uploads\/2014\/11\/782px-Renault_Premium_camion_poubelle_Paris-300x230.jpg?resize=300%2C230\" alt=\"camionpoubelle-www.grandesterresbio.com\" width=\"300\" height=\"230\" srcset=\"https:\/\/i0.wp.com\/claire-jannot.com\/wp-content\/uploads\/2014\/11\/782px-Renault_Premium_camion_poubelle_Paris.jpg?resize=300%2C230&amp;ssl=1 300w, https:\/\/i0.wp.com\/claire-jannot.com\/wp-content\/uploads\/2014\/11\/782px-Renault_Premium_camion_poubelle_Paris.jpg?w=782&amp;ssl=1 782w\" sizes=\"auto, (max-width: 300px) 100vw, 300px\" \/><\/a>Le projet \u00ab\u00a0regions for recycling\u00a0\u00bb, dont les r\u00e9sultats ont \u00e9t\u00e9 pr\u00e9sent\u00e9s jeudi \u00e0 Paris, \u00ab\u00a0a consist\u00e9 \u00e0 <strong>identifier les bonnes pratiques aux quatre coins de l&rsquo;Europe<\/strong> et a impliqu\u00e9 13 partenaires\u00a0\u00bb, a expliqu\u00e9 \u00e0 l&rsquo;AFP Genevi\u00e8ve Wortham, pr\u00e9sident de l&rsquo;Observatoire r\u00e9gional des d\u00e9chets d&rsquo;Ile-de-France (Ordif), qui a pilot\u00e9 ce travail r\u00e9alis\u00e9 d&rsquo;avril 2012 \u00e0 fin 2014.<\/span><\/p>\n<p><span style=\"color: #000000;\"> \u00a0\u00a0\u00a0\u00a0\u00a0 En regardant les r\u00e9gions qui ont les meilleurs taux de recyclage, <strong>\u00ab\u00a0on voit qu&rsquo;elles ont des consignes de tri homog\u00e8nes, une taxation qui rend le recyclage plus avantageux que l&rsquo;enfouissement ou l&rsquo;incin\u00e9ration, un r\u00e9seau important de d\u00e9chetteries et une communication continue aupr\u00e8s des habitants\u00a0\u00bb<\/strong>, explique Genevi\u00e8ve Ortham. \u00ab\u00a0Le besoin de communication sur le tri des d\u00e9chets est permanent, ce n&rsquo;est jamais acquis\u00a0\u00bb, insiste la responsable.<\/span><\/p>\n<p><span style=\"color: #000000;\"> \u00a0\u00a0\u00a0\u00a0\u00a0 Selon les donn\u00e9es pr\u00e9sent\u00e9es jeudi, <strong>l&rsquo;Ile-de-France affiche un taux de recyclage des d\u00e9chets municipaux de 21%, mieux que la r\u00e9gion de Lisbonne (17%) ou d&rsquo;Ath\u00e8nes (10%), mais loin derri\u00e8re la Flandre (64%) et la Catalogne (38%). Ce qui n&rsquo;est pas recycl\u00e9 est enfoui ou incin\u00e9r\u00e9. A noter que la Flandre a quasiment \u00e9limin\u00e9 l&rsquo;enfouissement, tout comme les agglom\u00e9rations de Milan et Odense (Danemark).\u00a0<\/strong><\/span><\/p>\n<p><span style=\"color: #000000;\">\u00a0 L&rsquo;Ile-de-France augmente peu \u00e0 peu le nombre de ressourceries (pass\u00e9 de 3 en 2009 \u00e0 une vingtaine), o\u00f9 du mat\u00e9riel peut \u00eatre r\u00e9par\u00e9, soutient un plan de m\u00e9thanisation des d\u00e9chets organiques et d\u00e9veloppe le syst\u00e8me de d\u00e9chetteries mobiles pour les encombrants.<\/span><br \/>\n<span style=\"color: #000000;\"> Mais ces actions ne permettront probablement pas d&rsquo;arriver \u00e0 <strong>70% de d\u00e9chets municipaux recycl\u00e9s en 2030, comme le pr\u00e9voit une directive europ\u00e9enne.<\/strong><\/span><br \/>\n<span style=\"color: #000000;\"> D&rsquo;o\u00f9 la n\u00e9cessit\u00e9 de trouver de nouveaux leviers, notamment en zone urbaine dense, comme Paris et sa petite couronne, o\u00f9 les taux de recyclage sont encore moins bons (15%). La ville de Berlin affiche 48%, Milan 37% et Londres 30%. <\/span><br \/>\n<span style=\"color: #000000;\"> \u00ab\u00a0Une mosa\u00efque de gouvernances et de m\u00e9thodes de tri et de collecte n&rsquo;aident pas \u00e0 atteindre de bons r\u00e9sultats\u00a0\u00bb, estime Corinne Rufet, vice-pr\u00e9sidente de la r\u00e9gion Ile-de-France, en soulignant que les villes ou r\u00e9gions \u00ab\u00a0les mieux plac\u00e9es ont une autonomie fiscale et des outils l\u00e9gaux et r\u00e8glementaires\u00a0\u00bb.<\/span><\/p>\n<p><span style=\"color: #000000;\"> \u00a0\u00a0\u00a0\u00a0\u00a0 \u00ab\u00a0Ce n&rsquo;est pas normal que la tonne de d\u00e9chets recycl\u00e9s soit fiscalis\u00e9e de la m\u00eame mani\u00e8re que les d\u00e9chets enfouis ou incin\u00e9r\u00e9s\u00a0\u00bb, ajoute l&rsquo;\u00e9lue \u00e9cologiste.<\/span><\/p>\n<address><span style=\"color: #000000;\">Source : PARIS, 6 nov 2014 (AFP) <\/span><\/address>\n<address><span style=\"color: #000000;\">cr\u00e9dit photo : Par Kevin.B (Travail personnel) [CC-BY-SA-3.0 (http:\/\/creativecommons.org\/licenses\/by-sa\/3.0)], via Wikimedia Commons<\/span><\/address>\n<address>\u00a0<\/address>\n<address>\u00a0<\/address>\n<address>\u00a0<\/address>\n<address>\u00a0<\/address>\n","protected":false},"excerpt":{"rendered":"<p>Homog\u00e9n\u00e9iser les consignes de tri, taxer davantage l&rsquo;enfouissement, multiplier les d\u00e9chetteries, d\u00e9velopper la collecte et la valorisation des d\u00e9chets organiques: l&rsquo;Ile-de-France a recens\u00e9 chez ses voisins europ\u00e9ens les bonnes pratiques pour am\u00e9liorer le recyclage des d\u00e9chets municipaux. Le projet \u00ab\u00a0regions &hellip; <a href=\"https:\/\/claire-jannot.com\/?p=5603\">Continuer la lecture <span class=\"meta-nav\">&rarr;<\/span><\/a><\/p>\n","protected":false},"author":1,"featured_media":0,"comment_status":"open","ping_status":"open","sticky":false,"template":"","format":"standard","meta":{"jetpack_post_was_ever_published":false,"_jetpack_newsletter_access":"","_jetpack_dont_email_post_to_subs":false,"_jetpack_newsletter_tier_id":0,"_jetpack_memberships_contains_paywalled_content":false,"_jetpack_memberships_contains_paid_content":false,"footnotes":"","jetpack_publicize_message":"","jetpack_publicize_feature_enabled":true,"jetpack_social_post_already_shared":true,"jetpack_social_options":{"image_generator_settings":{"template":"highway","default_image_id":0,"font":"","enabled":false},"version":2}},"categories":[2,47],"tags":[39,5,36,19,11,20],"class_list":["post-5603","post","type-post","status-publish","format-standard","hentry","category-ecologie","category-societe","tag-eau","tag-environnement","tag-pollution","tag-recyclage","tag-societe-2","tag-tri"],"jetpack_publicize_connections":[],"jetpack_featured_media_url":"","jetpack_sharing_enabled":true,"jetpack_shortlink":"https:\/\/wp.me\/p5jjt5-1sn","_links":{"self":[{"href":"https:\/\/claire-jannot.com\/index.php?rest_route=\/wp\/v2\/posts\/5603","targetHints":{"allow":["GET"]}}],"collection":[{"href":"https:\/\/claire-jannot.com\/index.php?rest_route=\/wp\/v2\/posts"}],"about":[{"href":"https:\/\/claire-jannot.com\/index.php?rest_route=\/wp\/v2\/types\/post"}],"author":[{"embeddable":true,"href":"https:\/\/claire-jannot.com\/index.php?rest_route=\/wp\/v2\/users\/1"}],"replies":[{"embeddable":true,"href":"https:\/\/claire-jannot.com\/index.php?rest_route=%2Fwp%2Fv2%2Fcomments&post=5603"}],"version-history":[{"count":2,"href":"https:\/\/claire-jannot.com\/index.php?rest_route=\/wp\/v2\/posts\/5603\/revisions"}],"predecessor-version":[{"id":5606,"href":"https:\/\/claire-jannot.com\/index.php?rest_route=\/wp\/v2\/posts\/5603\/revisions\/5606"}],"wp:attachment":[{"href":"https:\/\/claire-jannot.com\/index.php?rest_route=%2Fwp%2Fv2%2Fmedia&parent=5603"}],"wp:term":[{"taxonomy":"category","embeddable":true,"href":"https:\/\/claire-jannot.com\/index.php?rest_route=%2Fwp%2Fv2%2Fcategories&post=5603"},{"taxonomy":"post_tag","embeddable":true,"href":"https:\/\/claire-jannot.com\/index.php?rest_route=%2Fwp%2Fv2%2Ftags&post=5603"}],"curies":[{"name":"wp","href":"https:\/\/api.w.org\/{rel}","templated":true}]}}