{"id":5610,"date":"2014-11-07T16:23:02","date_gmt":"2014-11-07T15:23:02","guid":{"rendered":"http:\/\/www.grandesterresbio.com\/?p=5610"},"modified":"2015-03-18T14:09:24","modified_gmt":"2015-03-18T13:09:24","slug":"bretagne-lusine-des-1000-truies-finalement-autorisee","status":"publish","type":"post","link":"https:\/\/claire-jannot.com\/?p=5610","title":{"rendered":"Bretagne : L&rsquo;usine des \u00ab\u00a01000 truies\u00a0\u00bb finalement autoris\u00e9e"},"content":{"rendered":"<h2><span style=\"color: #000000;\">La maternit\u00e9 porcine Ker Anna de Tr\u00e9brivan (C\u00f4tes d&rsquo;Armor), baptis\u00e9e par ses opposants \u00ab\u00a0l&rsquo;usine des 1.000 truies\u00a0\u00bb en r\u00e9f\u00e9rence au projet controvers\u00e9 de \u00ab\u00a0ferme des 1.000 vaches\u00a0\u00bb dans la Somme, pourra continuer \u00e0 fonctionner, selon un arr\u00eat\u00e9 de la Pr\u00e9fecture.<\/span><\/h2>\n<p><span style=\"color: #000000;\"><a href=\"https:\/\/i0.wp.com\/www.grandesterresbio.com\/wp-content\/uploads\/2014\/11\/800px-Truie_avec_ses_porcelets.jpg\"><img data-recalc-dims=\"1\" loading=\"lazy\" decoding=\"async\" class=\"alignleft wp-image-5611 \" src=\"https:\/\/i0.wp.com\/www.grandesterresbio.com\/wp-content\/uploads\/2014\/11\/800px-Truie_avec_ses_porcelets.jpg?resize=419%2C184\" alt=\"Truieetporcelets-www.grandesterresbio.com\" width=\"419\" height=\"184\" srcset=\"https:\/\/i0.wp.com\/claire-jannot.com\/wp-content\/uploads\/2014\/11\/800px-Truie_avec_ses_porcelets.jpg?w=689&amp;ssl=1 689w, https:\/\/i0.wp.com\/claire-jannot.com\/wp-content\/uploads\/2014\/11\/800px-Truie_avec_ses_porcelets.jpg?resize=300%2C131&amp;ssl=1 300w\" sizes=\"auto, (max-width: 419px) 100vw, 419px\" \/><\/a>Le Pr\u00e9fet des C\u00f4tes d&rsquo;Armor a pris le 7 octobre un arr\u00eat\u00e9 <strong>autorisant \u00e0 nouveau l&rsquo;exploitation de cette m\u00e9ga porcherie industrielle, qui produit chaque ann\u00e9e 23.000 porcelets.<\/strong><\/span><\/p>\n<p><span style=\"color: #000000;\"> \u00a0\u00a0\u00a0\u00a0\u00a0 Le pr\u00e9c\u00e9dent arr\u00eat\u00e9, datant de 2010, avait \u00e9t\u00e9 cass\u00e9 par le tribunal administratif de Rennes en juillet 2012, apr\u00e8s un recours d&rsquo;associations \u00e9cologistes inqui\u00e8tes notamment du risque de pollution des cours d&rsquo;eau proches de l&rsquo;exploitation.<\/span><br \/>\n<span style=\"color: #000000;\">Le tribunal avait alors expliqu\u00e9 sa d\u00e9cision par \u00ab\u00a0l&rsquo;insuffisance substantielle\u00a0\u00bb de l&rsquo;\u00e9tude d&rsquo;impact <strong>\u00ab\u00a0au regard de l&rsquo;enjeu majeur que constitue la qualit\u00e9 de l&rsquo;eau\u00a0\u00bb<\/strong> et l&rsquo;absence d&rsquo;information n\u00e9cessaire du public sur \u00ab\u00a0les dangers et inconv\u00e9nients du projet\u00a0\u00bb.<\/span><br \/>\n<span style=\"color: #000000;\">Ce jugement avait \u00e9t\u00e9 confirm\u00e9 par la Cour administrative d&rsquo;appel de Nantes le 26 septembre dernier.<\/span><br \/>\n<span style=\"color: #000000;\">L&rsquo;\u00e9levage porcin avait toutefois pu continuer \u00e0 fonctionner gr\u00e2ce \u00e0 une d\u00e9rogation pr\u00e9fectorale.<\/span><br \/>\n<span style=\"color: #000000;\">Dans son nouvel arr\u00eat\u00e9, qui s&rsquo;appuie sur un avis favorable rendu par le conseil d\u00e9partemental des risques sanitaires et technologiques, le pr\u00e9fet des C\u00f4tes d&rsquo;Armor consid\u00e8re que \u00ab\u00a0les mesures retenues par l&rsquo;exploitant (&#8230;) sont de nature \u00e0 satisfaire aux prescriptions r\u00e9glementaires applicables \u00e0 l&rsquo;\u00e9levage au titre du code de l&rsquo;environnement\u00a0\u00bb, notamment en mati\u00e8re d&rsquo;\u00e9missions gazeuses d&rsquo;ammoniac et d&rsquo;\u00e9pandage.<\/span><\/p>\n<p><span style=\"color: #000000;\">Entr\u00e9e en service en 2011, \u00e0 l&rsquo;initiative de cinq \u00e9leveurs associ\u00e9s dans le projet, la maternit\u00e9 porcine de Ker Anna Cr\u00e9\u00e9e peut accueillir plus de 1.000 truies qui donnent naissance \u00e0 23.000 porcelets par an, produit quelque <strong>5.000 m3 de lisier et rejette 7.000 kg d&rsquo;ammoniac.<\/strong><\/span><\/p>\n<p><span style=\"color: #000000;\">Pour l&rsquo;association <strong>\u00ab\u00a0sous le vent, les pieds sur terre\u00a0\u00bb<\/strong> qui bataille depuis 2008 contre le projet aux c\u00f4t\u00e9s d&rsquo;autres organisations locales de d\u00e9fense de l&rsquo;environnement (Eaux et rivi\u00e8res de Bretagne, Nature et environnement) et de la Conf\u00e9d\u00e9ration paysanne, le r\u00e9cent arr\u00eat\u00e9 pr\u00e9fectoral est une nouvelle illustration du <strong>\u00ab\u00a0laxisme ordinaire de l&rsquo;Etat fran\u00e7ais en Bretagne en mati\u00e8re de protection de l&rsquo;environnement et de concentration animale\u00a0\u00bb.<\/strong><\/span><\/p>\n<p><span style=\"color: #000000;\">Pour Erwann Chotat, secr\u00e9taire de l&rsquo;association, le sc\u00e9nario pr\u00e9vu par l&rsquo;arr\u00eat\u00e9 \u00ab\u00a0serait m\u00eame pire que les pr\u00e9c\u00e9dents: il n&rsquo;y a plus de ma\u00eetrise des rejets d&rsquo;ammoniac, le plan d&rsquo;\u00e9pandage est encore plus pr\u00e9caire et la qualit\u00e9 des eaux toujours ignor\u00e9e\u00a0\u00bb.<\/span><br \/>\n<span style=\"color: #000000;\">M. Chotat souligne notamment les risques hydrologiques, dans cette r\u00e9gion du Centre-Bretagne d\u00e9j\u00e0 fragilis\u00e9e, v\u00e9ritable ch\u00e2teau d&rsquo;eau de la Bretagne avec les bassins de l&rsquo;Hy\u00e8res, de l&rsquo;Aulne et du Blavet, avec d&rsquo;importantes eaux de ruissellement.\u00a0<\/span><\/p>\n<p><strong><span style=\"color: #000000;\">L&rsquo;\u00e9levage intensif, notamment porcin, a \u00e9t\u00e9 reconnu comme l&rsquo;un des facteurs \u00e0 l&rsquo;origine de la prolif\u00e9ration des algues vertes sur les c\u00f4tes, particuli\u00e8rement dans le d\u00e9partement.<\/span><\/strong><\/p>\n<address><span style=\"color: #000000;\">Source : RENNES,\u00a025 oct 2014 (AFP) <\/span><\/address>\n<address><span style=\"color: #000000;\">Cr\u00e9dit photo : Par Manonoc (Travail personnel) [CC-BY-SA-3.0 (http:\/\/creativecommons.org\/licenses\/by-sa\/3.0)], via Wikimedia Commons<\/span><\/address>\n<address>\u00a0<\/address>\n<address>\u00a0<\/address>\n<address>\u00a0<\/address>\n<address>\u00a0<\/address>\n<address>\u00a0<\/address>\n<address>\u00a0<\/address>\n","protected":false},"excerpt":{"rendered":"<p>La maternit\u00e9 porcine Ker Anna de Tr\u00e9brivan (C\u00f4tes d&rsquo;Armor), baptis\u00e9e par ses opposants \u00ab\u00a0l&rsquo;usine des 1.000 truies\u00a0\u00bb en r\u00e9f\u00e9rence au projet controvers\u00e9 de \u00ab\u00a0ferme des 1.000 vaches\u00a0\u00bb dans la Somme, pourra continuer \u00e0 fonctionner, selon un arr\u00eat\u00e9 de la Pr\u00e9fecture. &hellip; <a href=\"https:\/\/claire-jannot.com\/?p=5610\">Continuer la lecture <span class=\"meta-nav\">&rarr;<\/span><\/a><\/p>\n","protected":false},"author":1,"featured_media":0,"comment_status":"open","ping_status":"open","sticky":false,"template":"","format":"standard","meta":{"jetpack_post_was_ever_published":false,"_jetpack_newsletter_access":"","_jetpack_dont_email_post_to_subs":false,"_jetpack_newsletter_tier_id":0,"_jetpack_memberships_contains_paywalled_content":false,"_jetpack_memberships_contains_paid_content":false,"footnotes":"","jetpack_publicize_message":"","jetpack_publicize_feature_enabled":true,"jetpack_social_post_already_shared":true,"jetpack_social_options":{"image_generator_settings":{"template":"highway","default_image_id":0,"font":"","enabled":false},"version":2}},"categories":[1,2],"tags":[42,58,3,4,5,36,10,11],"class_list":["post-5610","post","type-post","status-publish","format-standard","hentry","category-alimentation","category-ecologie","tag-agriculture","tag-alimentation-2","tag-consommation","tag-ecologie2","tag-environnement","tag-pollution","tag-sante","tag-societe-2"],"jetpack_publicize_connections":[],"jetpack_featured_media_url":"","jetpack_sharing_enabled":true,"jetpack_shortlink":"https:\/\/wp.me\/p5jjt5-1su","_links":{"self":[{"href":"https:\/\/claire-jannot.com\/index.php?rest_route=\/wp\/v2\/posts\/5610","targetHints":{"allow":["GET"]}}],"collection":[{"href":"https:\/\/claire-jannot.com\/index.php?rest_route=\/wp\/v2\/posts"}],"about":[{"href":"https:\/\/claire-jannot.com\/index.php?rest_route=\/wp\/v2\/types\/post"}],"author":[{"embeddable":true,"href":"https:\/\/claire-jannot.com\/index.php?rest_route=\/wp\/v2\/users\/1"}],"replies":[{"embeddable":true,"href":"https:\/\/claire-jannot.com\/index.php?rest_route=%2Fwp%2Fv2%2Fcomments&post=5610"}],"version-history":[{"count":2,"href":"https:\/\/claire-jannot.com\/index.php?rest_route=\/wp\/v2\/posts\/5610\/revisions"}],"predecessor-version":[{"id":5613,"href":"https:\/\/claire-jannot.com\/index.php?rest_route=\/wp\/v2\/posts\/5610\/revisions\/5613"}],"wp:attachment":[{"href":"https:\/\/claire-jannot.com\/index.php?rest_route=%2Fwp%2Fv2%2Fmedia&parent=5610"}],"wp:term":[{"taxonomy":"category","embeddable":true,"href":"https:\/\/claire-jannot.com\/index.php?rest_route=%2Fwp%2Fv2%2Fcategories&post=5610"},{"taxonomy":"post_tag","embeddable":true,"href":"https:\/\/claire-jannot.com\/index.php?rest_route=%2Fwp%2Fv2%2Ftags&post=5610"}],"curies":[{"name":"wp","href":"https:\/\/api.w.org\/{rel}","templated":true}]}}