{"id":5614,"date":"2014-11-07T16:34:07","date_gmt":"2014-11-07T15:34:07","guid":{"rendered":"http:\/\/www.grandesterresbio.com\/?p=5614"},"modified":"2014-11-07T16:35:06","modified_gmt":"2014-11-07T15:35:06","slug":"je-peux-maintenant-calculer-mon-empreinte-foret","status":"publish","type":"post","link":"https:\/\/claire-jannot.com\/?p=5614","title":{"rendered":"Je peux maintenant calculer mon \u00ab\u00a0empreinte for\u00eat\u00a0\u00bb"},"content":{"rendered":"<h2><span style=\"color: #000000;\">Consommation de cuir, de th\u00e9, de papier&#8230; tout un chacun pourra mesurer son \u00ab\u00a0empreinte for\u00eat\u00a0\u00bb, via un calculateur en ligne lanc\u00e9 mardi par l&rsquo;ONG Envol Vert, un outil permettant de mesurer l&rsquo;impact de nos habitudes quotidiennes sur les for\u00eats.<\/span><\/h2>\n<p><span style=\"color: #000000;\"><a href=\"https:\/\/i0.wp.com\/www.grandesterresbio.com\/wp-content\/uploads\/2014\/11\/400px-Sac_Bombay_en_cuir_orange.jpg\"><img data-recalc-dims=\"1\" loading=\"lazy\" decoding=\"async\" class=\"alignleft wp-image-5615 \" src=\"https:\/\/i0.wp.com\/www.grandesterresbio.com\/wp-content\/uploads\/2014\/11\/400px-Sac_Bombay_en_cuir_orange.jpg?resize=197%2C296\" alt=\"SacBombayencuirorange-www.grandesterresbio.com\" width=\"197\" height=\"296\" srcset=\"https:\/\/i0.wp.com\/claire-jannot.com\/wp-content\/uploads\/2014\/11\/400px-Sac_Bombay_en_cuir_orange.jpg?w=400&amp;ssl=1 400w, https:\/\/i0.wp.com\/claire-jannot.com\/wp-content\/uploads\/2014\/11\/400px-Sac_Bombay_en_cuir_orange.jpg?resize=200%2C300&amp;ssl=1 200w\" sizes=\"auto, (max-width: 197px) 100vw, 197px\" \/><\/a><strong>Combien de paires de chaussures, de sacs \u00e0 main achet\u00e9es chaque ann\u00e9e? Combien d\u2019\u0153ufs consomm\u00e9s chaque semaine? Quel budget consacr\u00e9 aux produits cosm\u00e9tiques? Treize groupes de questions permettent d&rsquo;\u00e9valuer son empreinte, faible, mod\u00e9r\u00e9e ou importante<\/strong> http:\/\/empreinte-foret.org\/quizz\/<br \/>\n<\/span><\/p>\n<p><span style=\"color: #000000;\">\u00a0 Entre les questions, sont ins\u00e9r\u00e9s des informations (\u00ab\u00a0l&rsquo;\u00e9levage bovin avec le cuir et la viande est le principal responsable de la d\u00e9forestation en Am\u00e9rique du sud\u00a0\u00bb, <strong>\u00ab\u00a0les Fran\u00e7ais sont les plus gros consommateurs europ\u00e9ens de chaussures en cuir<\/strong> avec 6 paires par an\u00a0\u00bb etc&#8230;) et des conseils pour agir.<\/span><br \/>\n<span style=\"color: #000000;\">\u00ab\u00a0Le calculateur permet de mesurer l&rsquo;impact de notre consommation sur les for\u00eats, principale cause de la d\u00e9forestation mondiale. Et nous souhaitions montrer qu&rsquo;il n&rsquo;y a pas que le papier \u00e0 prendre en compte\u00a0\u00bb, expliquent les responsables de l&rsquo;ONG.<\/span><br \/>\n<span style=\"color: #000000;\">Sont ainsi cibl\u00e9es les mati\u00e8res premi\u00e8res au c\u0153ur des processus de d\u00e9forestation: b\u0153uf, soja, caf\u00e9, produits ligneux, huile de palme&#8230;<\/span><\/p>\n<p><span style=\"color: #000000;\">\u00ab\u00a0Il nous semble indispensable de sensibiliser les consommateurs. Le questionnaire est un outil concret, simple et ludique de mesure de leur propre <strong>\u00ab\u00a0empreinte for\u00eat\u00a0\u00bb<\/strong>, indique Daisy Tarrier, pr\u00e9sidente d&rsquo;<strong>Envol Vert<\/strong>, qui s&rsquo;engage \u00e0 planter <strong>un arbre pour quatre quizz remplis (et vise 20.000 r\u00e9ponses).<\/strong> \u00ab\u00a0Si les consommateurs deviennent conscients de leur \u00ab\u00a0empreinte for\u00eat\u00a0\u00bb \u00e0 travers toutes les mati\u00e8res premi\u00e8res qu&rsquo;ils consomment, le principal levier pour arriver \u00e0 0 d\u00e9forestation sera enclench\u00e9\u00a0\u00bb.<\/span><\/p>\n<p><span style=\"color: #000000;\">\u00a0Au-del\u00e0 de ce quizz grand public, l&rsquo;ONG, cr\u00e9\u00e9e en 2011 et intervenant notamment sur les questions de d\u00e9forestation en Am\u00e9rique latine, est en train de d\u00e9velopper avec des chercheurs un calculateur \u00ab\u00a0empreinte for\u00eat\u00a0\u00bb pour les entreprises. Est ainsi en cours de finalisation <strong>un outil pilote sur le cuir<\/strong> (permettant aux entreprises de mesurer l&rsquo;impact de leurs approvisionnements dans cette mati\u00e8re, \u00e0 la tra\u00e7abilit\u00e9 souvent difficile \u00e0 \u00e9tablir).<\/span><\/p>\n<p>&nbsp;<\/p>\n<address><span style=\"color: #000000;\">Source : PARIS,\u00a021 oct 2014 (AFP)<\/span><\/address>\n<address><span style=\"color: #000000;\">Cr\u00e9dit photo : Par Pifdrenel (Pinel&amp;Pinel) [GFDL (http:\/\/www.gnu.org\/copyleft\/fdl.html) ou CC-BY-SA-3.0-2.5-2.0-1.0 (http:\/\/creativecommons.org\/licenses\/by-sa\/3.0)], via Wikimedia Commons<\/span><\/address>\n<address>\u00a0<\/address>\n<address>\u00a0<\/address>\n","protected":false},"excerpt":{"rendered":"<p>Consommation de cuir, de th\u00e9, de papier&#8230; tout un chacun pourra mesurer son \u00ab\u00a0empreinte for\u00eat\u00a0\u00bb, via un calculateur en ligne lanc\u00e9 mardi par l&rsquo;ONG Envol Vert, un outil permettant de mesurer l&rsquo;impact de nos habitudes quotidiennes sur les for\u00eats. Combien &hellip; <a href=\"https:\/\/claire-jannot.com\/?p=5614\">Continuer la lecture <span class=\"meta-nav\">&rarr;<\/span><\/a><\/p>\n","protected":false},"author":1,"featured_media":0,"comment_status":"open","ping_status":"open","sticky":false,"template":"","format":"standard","meta":{"jetpack_post_was_ever_published":false,"_jetpack_newsletter_access":"","_jetpack_dont_email_post_to_subs":false,"_jetpack_newsletter_tier_id":0,"_jetpack_memberships_contains_paywalled_content":false,"_jetpack_memberships_contains_paid_content":false,"footnotes":"","jetpack_publicize_message":"","jetpack_publicize_feature_enabled":true,"jetpack_social_post_already_shared":true,"jetpack_social_options":{"image_generator_settings":{"template":"highway","default_image_id":0,"font":"","enabled":false},"version":2}},"categories":[2],"tags":[3,4,5,11],"class_list":["post-5614","post","type-post","status-publish","format-standard","hentry","category-ecologie","tag-consommation","tag-ecologie2","tag-environnement","tag-societe-2"],"jetpack_publicize_connections":[],"jetpack_featured_media_url":"","jetpack_sharing_enabled":true,"jetpack_shortlink":"https:\/\/wp.me\/p5jjt5-1sy","_links":{"self":[{"href":"https:\/\/claire-jannot.com\/index.php?rest_route=\/wp\/v2\/posts\/5614","targetHints":{"allow":["GET"]}}],"collection":[{"href":"https:\/\/claire-jannot.com\/index.php?rest_route=\/wp\/v2\/posts"}],"about":[{"href":"https:\/\/claire-jannot.com\/index.php?rest_route=\/wp\/v2\/types\/post"}],"author":[{"embeddable":true,"href":"https:\/\/claire-jannot.com\/index.php?rest_route=\/wp\/v2\/users\/1"}],"replies":[{"embeddable":true,"href":"https:\/\/claire-jannot.com\/index.php?rest_route=%2Fwp%2Fv2%2Fcomments&post=5614"}],"version-history":[{"count":2,"href":"https:\/\/claire-jannot.com\/index.php?rest_route=\/wp\/v2\/posts\/5614\/revisions"}],"predecessor-version":[{"id":5617,"href":"https:\/\/claire-jannot.com\/index.php?rest_route=\/wp\/v2\/posts\/5614\/revisions\/5617"}],"wp:attachment":[{"href":"https:\/\/claire-jannot.com\/index.php?rest_route=%2Fwp%2Fv2%2Fmedia&parent=5614"}],"wp:term":[{"taxonomy":"category","embeddable":true,"href":"https:\/\/claire-jannot.com\/index.php?rest_route=%2Fwp%2Fv2%2Fcategories&post=5614"},{"taxonomy":"post_tag","embeddable":true,"href":"https:\/\/claire-jannot.com\/index.php?rest_route=%2Fwp%2Fv2%2Ftags&post=5614"}],"curies":[{"name":"wp","href":"https:\/\/api.w.org\/{rel}","templated":true}]}}