{"id":5622,"date":"2014-11-08T14:48:10","date_gmt":"2014-11-08T13:48:10","guid":{"rendered":"http:\/\/www.grandesterresbio.com\/?p=5622"},"modified":"2014-11-08T14:48:10","modified_gmt":"2014-11-08T13:48:10","slug":"lassociation-picardie-nature-remet-a-la-mer-six-jeunes-phoques","status":"publish","type":"post","link":"https:\/\/claire-jannot.com\/?p=5622","title":{"rendered":"L&rsquo;association Picardie Nature remet \u00e0 la mer six jeunes phoques"},"content":{"rendered":"<h2><span style=\"color: #000000;\">Une foule record d&rsquo;adultes ravis et d&rsquo;enfants \u00e9merveill\u00e9s a assist\u00e9 le 26 octobre \u00e0 la remise \u00e0 l&rsquo;eau r\u00e9ussie de six jeunes phoques rescap\u00e9s, \u00e0 la pointe sud de la Baie de Somme, au hameau du Hourdel, pr\u00e8s de Cayeux-sur-Mer, a constat\u00e9 un journaliste de l&rsquo;AFP.<\/span><\/h2>\n<p><span style=\"color: #000000;\"><a style=\"color: #000000;\" href=\"https:\/\/i0.wp.com\/www.grandesterresbio.com\/wp-content\/uploads\/2014\/11\/800px-Phoque_Veau_marin.jpg\"><img data-recalc-dims=\"1\" loading=\"lazy\" decoding=\"async\" class=\"alignleft wp-image-5623 \" src=\"https:\/\/i0.wp.com\/www.grandesterresbio.com\/wp-content\/uploads\/2014\/11\/800px-Phoque_Veau_marin.jpg?resize=355%2C266\" alt=\"Phoque-www.grandesterresbio.com\" width=\"355\" height=\"266\" srcset=\"https:\/\/i0.wp.com\/claire-jannot.com\/wp-content\/uploads\/2014\/11\/800px-Phoque_Veau_marin.jpg?w=800&amp;ssl=1 800w, https:\/\/i0.wp.com\/claire-jannot.com\/wp-content\/uploads\/2014\/11\/800px-Phoque_Veau_marin.jpg?resize=300%2C225&amp;ssl=1 300w\" sizes=\"auto, (max-width: 355px) 100vw, 355px\" \/><\/a>\u00ab\u00a0Il y avait au moins 2.000 personnes\u00a0\u00bb, s&rsquo;est f\u00e9licit\u00e9 le pr\u00e9sident de <strong>Picardie Nature Patrick Thiery<\/strong>, association qui rendait \u00e0 la vie naturelle, pour la dixi\u00e8me ann\u00e9e cons\u00e9cutive en public, de jeunes veaux marins retrouv\u00e9s depuis juin \u00e9chou\u00e9s, sans leur m\u00e8re, avant d&rsquo;\u00eatre sevr\u00e9s. <\/span><\/p>\n<p><span style=\"color: #000000;\">\u00a0Vers midi, une assistance nombreuse, dont de nombreux enfants, s&rsquo;est rassembl\u00e9e sur une gr\u00e8ve de galets, plusieurs m\u00e8tres en arri\u00e8re, et sur les c\u00f4t\u00e9s des six caisses contenant les animaux. Tous ont respect\u00e9 la <strong>consigne de silence<\/strong> donn\u00e9 par les responsables de Picardie Nature, afin de ne pas effrayer les jeunes veaux marins. Seuls quelques petits enfants ont fait entendre leur babillement ou leurs interrogations, sous un beau soleil automnal, face \u00e0 une mer laiteuse.<\/span><\/p>\n<p><span style=\"color: #000000;\">Des six pinnip\u00e8des, c&rsquo;est \u00ab\u00a0Tana\u00a0\u00bb, la seule femelle, qui a eu le moins peur d&rsquo;affronter la mar\u00e9e, se jetant sans h\u00e9siter \u00e0 l&rsquo;eau, sous les regards de l&rsquo;assembl\u00e9e. Les cinq autres phoques, des m\u00e2les portant aussi des noms de rivi\u00e8re (Mississippi, L\u00e9na, Nil, Garonne et Authie) ont ralli\u00e9 plus prudemment leur milieu d&rsquo;origine, sous le contr\u00f4le d&rsquo;un canot pneumatique de Picardie Nature, plac\u00e9 \u00e0 une centaine de m\u00e8tres du rivage.<\/span><\/p>\n<p><span style=\"color: #000000;\">Un carr\u00e9 blanc, appel\u00e9 \u00ab\u00a0rep\u00e8re visuel\u00a0\u00bb par Picardie Nature, a \u00e9t\u00e9 plac\u00e9 comiquement sur le cr\u00e2ne des phoques, afin de pouvoir plus facilement les surveiller. Il devrait tenir six mois. <\/span><\/p>\n<p><span style=\"color: #000000;\">S\u00e9par\u00e9s accidentellement de leurs m\u00e8res, par les intemp\u00e9ries ou l&rsquo;intrusion des humains dans leur voisinage, ou encore parce qu&rsquo;ils \u00e9taient atteints d&rsquo;une maladie, les phoques, sevr\u00e9s d\u00e8s leur arriv\u00e9e au centre de soins de la r\u00e9serve de la Baie de Somme, ont suivi un r\u00e9gime alimentaire \u00e0 base de bouillie de poisson. Il permet de les fortifier, mais ne leur donne pas une croissance aussi rapide que le riche lait maternel. <\/span><\/p>\n<p><span style=\"color: #000000;\">\u00ab\u00a0Ils ont mis trois mois \u00e0 atteindre ce poids de <strong>trente kilos<\/strong>, qui est un poids qui a \u00e9t\u00e9 d\u00e9termin\u00e9 comme le poids minimal pour pouvoir ensuite survivre dans la nature\u00a0\u00bb, a expliqu\u00e9 M. Thiery.<\/span><\/p>\n<p><span style=\"color: #000000;\">Selon celle qui a supervis\u00e9 avec passion leur remise en forme, <strong>Laetitia Dupuis<\/strong>, \u00ab\u00a0ces jeunes veaux marins n&rsquo;auront aucun mal \u00e0 s&rsquo;int\u00e9grer aux groupes qui les attendent au large. Il n&rsquo;y a <strong>pas de notion de territoire chez les adultes<\/strong>, qui les accueilleront volontiers\u00a0\u00bb.<\/span><br \/>\n<span style=\"color: #000000;\">Quelque 80 naissances de veaux marins ont \u00e9t\u00e9 recens\u00e9es cette ann\u00e9e en Baie de Somme, et une en Baie d&rsquo;Authie, soit 81, contre 58 en 2013, 55 en 2012 et 52 en 2011.\u00a0 <\/span><\/p>\n<p><span style=\"color: #000000;\">Malgr\u00e9 cette progression, le nombre de veaux marins a tendance \u00e0 se stabiliser dans les deux baies: il a atteint un pic annuel de 394 en ao\u00fbt, et peut baisser au minimum \u00e0 100 \u00e0 150 les autres saisons, selon Picardie nature. Les phoques gris sont, eux, estim\u00e9s \u00e0 149, selon cette source. <\/span><\/p>\n<p><span style=\"color: #000000;\">Sur les 81 nouveaux-n\u00e9s, 21 sont morts depuis, et 13 ont \u00e9t\u00e9 recueillis par le centre, situ\u00e9 non loin du Hourdel. Douze au total ont \u00e9t\u00e9 rel\u00e2ch\u00e9s (six autres ayant \u00e9t\u00e9 pr\u00e9c\u00e9demment rel\u00e2ch\u00e9s en mer sans public) et un seul, retrouv\u00e9 en septembre avec une maladie buccale, reste encore soign\u00e9 au centre.<\/span><\/p>\n<p><span style=\"color: #000000;\">A force d&rsquo;\u00eatre chass\u00e9es pour leur graisse, leur chair et leur peau, le phoque gris et le veau marin avaient pratiquement disparu des rivages picards et flamands au d\u00e9but du 20e si\u00e8cle. <strong>La chasse ayant \u00e9t\u00e9 interdite en 1972, leur retour dans les ann\u00e9es 1990 n&rsquo;a pas fait plaisir \u00e0 tout le monde.<\/strong><\/span><br \/>\n<span style=\"color: #000000;\">Une pol\u00e9mique a \u00e9clat\u00e9 sur la C\u00f4te d&rsquo;Opale au sujet des d\u00e9g\u00e2ts aux mat\u00e9riels de p\u00eache imput\u00e9s aux phoques, ou de leur pr\u00e9l\u00e8vement sur les stocks de poissons, certains p\u00eacheurs r\u00e9clamant que la population soit r\u00e9gul\u00e9e&#8230;<\/span><\/p>\n<address><span style=\"color: #000000;\">Source :CAYEUX-SUR-MER (France),\u00a026 oct 2014 (AFP)<\/span><\/address>\n<address><span style=\"color: #000000;\">Cr\u00e9dit photo : Par Martin Yan (Travail personnel) [CC-BY-SA-3.0 (http:\/\/creativecommons.org\/licenses\/by-sa\/3.0)], via Wikimedia Commons<\/span><\/address>\n<address>\u00a0<\/address>\n<address>\u00a0<\/address>\n<address>\u00a0<\/address>\n<address>\u00a0<\/address>\n<address>\u00a0<\/address>\n","protected":false},"excerpt":{"rendered":"<p>Une foule record d&rsquo;adultes ravis et d&rsquo;enfants \u00e9merveill\u00e9s a assist\u00e9 le 26 octobre \u00e0 la remise \u00e0 l&rsquo;eau r\u00e9ussie de six jeunes phoques rescap\u00e9s, \u00e0 la pointe sud de la Baie de Somme, au hameau du Hourdel, pr\u00e8s de Cayeux-sur-Mer, &hellip; <a href=\"https:\/\/claire-jannot.com\/?p=5622\">Continuer la lecture <span class=\"meta-nav\">&rarr;<\/span><\/a><\/p>\n","protected":false},"author":1,"featured_media":0,"comment_status":"open","ping_status":"open","sticky":false,"template":"","format":"standard","meta":{"jetpack_post_was_ever_published":false,"_jetpack_newsletter_access":"","_jetpack_dont_email_post_to_subs":false,"_jetpack_newsletter_tier_id":0,"_jetpack_memberships_contains_paywalled_content":false,"_jetpack_memberships_contains_paid_content":false,"footnotes":"","jetpack_publicize_message":"","jetpack_publicize_feature_enabled":true,"jetpack_social_post_already_shared":true,"jetpack_social_options":{"image_generator_settings":{"template":"highway","default_image_id":0,"font":"","enabled":false},"version":2}},"categories":[2],"tags":[4,5,11],"class_list":["post-5622","post","type-post","status-publish","format-standard","hentry","category-ecologie","tag-ecologie2","tag-environnement","tag-societe-2"],"jetpack_publicize_connections":[],"jetpack_featured_media_url":"","jetpack_sharing_enabled":true,"jetpack_shortlink":"https:\/\/wp.me\/p5jjt5-1sG","_links":{"self":[{"href":"https:\/\/claire-jannot.com\/index.php?rest_route=\/wp\/v2\/posts\/5622","targetHints":{"allow":["GET"]}}],"collection":[{"href":"https:\/\/claire-jannot.com\/index.php?rest_route=\/wp\/v2\/posts"}],"about":[{"href":"https:\/\/claire-jannot.com\/index.php?rest_route=\/wp\/v2\/types\/post"}],"author":[{"embeddable":true,"href":"https:\/\/claire-jannot.com\/index.php?rest_route=\/wp\/v2\/users\/1"}],"replies":[{"embeddable":true,"href":"https:\/\/claire-jannot.com\/index.php?rest_route=%2Fwp%2Fv2%2Fcomments&post=5622"}],"version-history":[{"count":2,"href":"https:\/\/claire-jannot.com\/index.php?rest_route=\/wp\/v2\/posts\/5622\/revisions"}],"predecessor-version":[{"id":5625,"href":"https:\/\/claire-jannot.com\/index.php?rest_route=\/wp\/v2\/posts\/5622\/revisions\/5625"}],"wp:attachment":[{"href":"https:\/\/claire-jannot.com\/index.php?rest_route=%2Fwp%2Fv2%2Fmedia&parent=5622"}],"wp:term":[{"taxonomy":"category","embeddable":true,"href":"https:\/\/claire-jannot.com\/index.php?rest_route=%2Fwp%2Fv2%2Fcategories&post=5622"},{"taxonomy":"post_tag","embeddable":true,"href":"https:\/\/claire-jannot.com\/index.php?rest_route=%2Fwp%2Fv2%2Ftags&post=5622"}],"curies":[{"name":"wp","href":"https:\/\/api.w.org\/{rel}","templated":true}]}}