{"id":5633,"date":"2014-11-08T18:52:01","date_gmt":"2014-11-08T17:52:01","guid":{"rendered":"http:\/\/www.grandesterresbio.com\/?p=5633"},"modified":"2014-11-15T19:20:14","modified_gmt":"2014-11-15T18:20:14","slug":"haut-rhin-le-gouffre-de-stocamine-nen-fini-pas-de-polluer","status":"publish","type":"post","link":"https:\/\/claire-jannot.com\/?p=5633","title":{"rendered":"Haut-Rhin : Le gouffre de Stocamine n&rsquo;en finit pas de polluer"},"content":{"rendered":"<h2><span style=\"color: #000000;\">Quelque 250 manifestants ont r\u00e9clam\u00e9\u00a0 \u00e0 Wittelsheim (Haut-Rhin) le d\u00e9stockage total des d\u00e9chets industriels du centre souterrain Stocamine, quelques jours avant le d\u00e9but du retrait partiel d\u00e9cid\u00e9 par le gouvernement, a constat\u00e9 un correspondant de l&rsquo;AFP.<\/span><\/h2>\n<p><span style=\"color: #000000;\">\u00a0<a href=\"https:\/\/i0.wp.com\/www.grandesterresbio.com\/wp-content\/uploads\/2014\/11\/800px-Wittelsheim_Mairie.jpg\"><img data-recalc-dims=\"1\" loading=\"lazy\" decoding=\"async\" class=\"alignleft wp-image-5634 \" src=\"https:\/\/i0.wp.com\/www.grandesterresbio.com\/wp-content\/uploads\/2014\/11\/800px-Wittelsheim_Mairie.jpg?resize=391%2C221\" alt=\"WittelsheimMairie-www.grandesterresbio.com\" width=\"391\" height=\"221\" srcset=\"https:\/\/i0.wp.com\/claire-jannot.com\/wp-content\/uploads\/2014\/11\/800px-Wittelsheim_Mairie.jpg?w=800&amp;ssl=1 800w, https:\/\/i0.wp.com\/claire-jannot.com\/wp-content\/uploads\/2014\/11\/800px-Wittelsheim_Mairie.jpg?resize=300%2C169&amp;ssl=1 300w\" sizes=\"auto, (max-width: 391px) 100vw, 391px\" \/><\/a>\u00ab\u00a0Nous demandons une fois de plus le d\u00e9stockage total, seule solution pour pr\u00e9server <strong>la nappe phr\u00e9atique d&rsquo;Alsace, la plus importante d&rsquo;Europe<\/strong>\u00ab\u00a0, a d\u00e9clar\u00e9 <strong>Yann Flory<\/strong>, porte-parole des associations locales et syndicats d&rsquo;anciens mineurs \u00e0 l&rsquo;origine du rassemblement sur le site <strong>Stocamine<\/strong>.<\/span> <span style=\"color: #000000;\">Cette position \u00ab\u00a0a \u00e9t\u00e9 exprim\u00e9e par la quasi-totalit\u00e9 de la population et des \u00e9lus\u00a0\u00bb, a fait valoir le porte-parole de ce collectif baptis\u00e9 <strong>D\u00e9stocamine.<\/strong><\/span><br \/>\n<span style=\"color: #000000;\">Le gouvernement a retenu en ao\u00fbt la solution d&rsquo;un retrait partiel, centr\u00e9 sur les d\u00e9chets les plus dangereux contenant du mercure. L&rsquo;op\u00e9ration commencera d&rsquo;ici \u00e0 la fin du mois, a pr\u00e9cis\u00e9 la direction du site.<\/span><br \/>\n<span style=\"color: #000000;\">Les d\u00e9chets ainsi extraits seront restock\u00e9s dans une ancienne mine en Allemagne, adapt\u00e9e \u00e0 leur accueil.<\/span><\/p>\n<p><span style=\"color: #000000;\">Ouvert en 1999 \u00e0 550 m\u00e8tres sous terre dans une ancienne mine de potasse, Stocamine a stopp\u00e9 son activit\u00e9 seulement trois ans apr\u00e8s en raison d&rsquo;un incendie. Il a ensuite fallu attendre dix ans pour que l&rsquo;Etat se prononce sur le sort des <strong>44.000 tonnes de d\u00e9chets enfouis.<\/strong><\/span><br \/>\n<span style=\"color: #000000;\">En 2012, un premier scenario retenu par l&rsquo;Etat avait provoqu\u00e9 une lev\u00e9e de boucliers dans la r\u00e9gion. Il pr\u00e9voyait une fermeture du site avec un enfouissement d\u00e9finitif des d\u00e9chets, apr\u00e8s un retrait pr\u00e9alable des d\u00e9chets les plus dangereux.<\/span><br \/>\n<span style=\"color: #000000;\"><strong>S\u00e9gol\u00e8ne Royal<\/strong>, apr\u00e8s une nouvelle concertation, avait ainsi tranch\u00e9 il y a quelques semaines en faveur d&rsquo;un sc\u00e9nario pr\u00e9voyant d\u00e9sormais le retrait de 93% du mercure, au lieu de 56%.<\/span><br \/>\n<span style=\"color: #000000;\">Pour <strong>D\u00e9stocamine,<\/strong> c&rsquo;est un \u00ab\u00a0premier pas positif\u00a0\u00bb mais insuffisant. Le collectif estime que ce sc\u00e9nario aboutit \u00e0 confiner sur place environ 36.000 tonnes de d\u00e9chets par des barrages de b\u00e9ton et d&rsquo;argile et n&#8217;emp\u00eachera pas \u00e0 tr\u00e8s long terme la pollution de la nappe phr\u00e9atique voisine.<\/span><\/p>\n<p><span style=\"color: #000000;\">\u00a0\u00ab\u00a0On va d\u00e9penser <strong>55 millions d&rsquo;euros pour des barri\u00e8res qui ne serviront qu&rsquo;\u00e0 retarder l&rsquo;in\u00e9luctable, c&rsquo;est du gaspillage d&rsquo;argent public\u00a0\u00bb<\/strong>, a estim\u00e9 Etienne Chamik, porte-parole des anciens mineurs.<\/span><\/p>\n<p><span style=\"color: #000000;\">\u00a0En juin, la Cour des comptes avait d\u00e9plor\u00e9 les atermoiements de l&rsquo;Etat dans ce dossier, estimant que l&rsquo;absence de prise de d\u00e9cision avait d\u00e9j\u00e0 co\u00fbt\u00e9 <strong>45 millions d&rsquo;euros au contribuable et qu&rsquo;elle co\u00fbtait 5,5 millions de plus chaque ann\u00e9e.<\/strong><\/span><\/p>\n<address><span style=\"color: #000000;\">Source : WITTELSHEIM (France),\u00a018 oct 2014 (AFP) <\/span><\/address>\n<address><span style=\"color: #000000;\">Cr\u00e9dit photo : Par Rauenstein (Travail personnel (own photograph)) [CC-BY-SA-3.0-2.5-2.0-1.0 (http:\/\/creativecommons.org\/licenses\/by-sa\/3.0)], via Wikimedia Commons<\/span><\/address>\n<address>\u00a0<\/address>\n<address>\u00a0<\/address>\n<address>\u00a0<\/address>\n<address>\u00a0<\/address>\n<address>\u00a0<\/address>\n","protected":false},"excerpt":{"rendered":"<p>Quelque 250 manifestants ont r\u00e9clam\u00e9\u00a0 \u00e0 Wittelsheim (Haut-Rhin) le d\u00e9stockage total des d\u00e9chets industriels du centre souterrain Stocamine, quelques jours avant le d\u00e9but du retrait partiel d\u00e9cid\u00e9 par le gouvernement, a constat\u00e9 un correspondant de l&rsquo;AFP. \u00a0\u00ab\u00a0Nous demandons une fois &hellip; <a href=\"https:\/\/claire-jannot.com\/?p=5633\">Continuer la lecture <span class=\"meta-nav\">&rarr;<\/span><\/a><\/p>\n","protected":false},"author":1,"featured_media":0,"comment_status":"open","ping_status":"open","sticky":false,"template":"","format":"standard","meta":{"jetpack_post_was_ever_published":false,"_jetpack_newsletter_access":"","_jetpack_dont_email_post_to_subs":false,"_jetpack_newsletter_tier_id":0,"_jetpack_memberships_contains_paywalled_content":false,"_jetpack_memberships_contains_paid_content":false,"footnotes":"","jetpack_publicize_message":"","jetpack_publicize_feature_enabled":true,"jetpack_social_post_already_shared":true,"jetpack_social_options":{"image_generator_settings":{"template":"highway","default_image_id":0,"font":"","enabled":false},"version":2}},"categories":[2],"tags":[39,4,5,36,19,10,11,20],"class_list":["post-5633","post","type-post","status-publish","format-standard","hentry","category-ecologie","tag-eau","tag-ecologie2","tag-environnement","tag-pollution","tag-recyclage","tag-sante","tag-societe-2","tag-tri"],"jetpack_publicize_connections":[],"jetpack_featured_media_url":"","jetpack_sharing_enabled":true,"jetpack_shortlink":"https:\/\/wp.me\/p5jjt5-1sR","_links":{"self":[{"href":"https:\/\/claire-jannot.com\/index.php?rest_route=\/wp\/v2\/posts\/5633","targetHints":{"allow":["GET"]}}],"collection":[{"href":"https:\/\/claire-jannot.com\/index.php?rest_route=\/wp\/v2\/posts"}],"about":[{"href":"https:\/\/claire-jannot.com\/index.php?rest_route=\/wp\/v2\/types\/post"}],"author":[{"embeddable":true,"href":"https:\/\/claire-jannot.com\/index.php?rest_route=\/wp\/v2\/users\/1"}],"replies":[{"embeddable":true,"href":"https:\/\/claire-jannot.com\/index.php?rest_route=%2Fwp%2Fv2%2Fcomments&post=5633"}],"version-history":[{"count":2,"href":"https:\/\/claire-jannot.com\/index.php?rest_route=\/wp\/v2\/posts\/5633\/revisions"}],"predecessor-version":[{"id":5695,"href":"https:\/\/claire-jannot.com\/index.php?rest_route=\/wp\/v2\/posts\/5633\/revisions\/5695"}],"wp:attachment":[{"href":"https:\/\/claire-jannot.com\/index.php?rest_route=%2Fwp%2Fv2%2Fmedia&parent=5633"}],"wp:term":[{"taxonomy":"category","embeddable":true,"href":"https:\/\/claire-jannot.com\/index.php?rest_route=%2Fwp%2Fv2%2Fcategories&post=5633"},{"taxonomy":"post_tag","embeddable":true,"href":"https:\/\/claire-jannot.com\/index.php?rest_route=%2Fwp%2Fv2%2Ftags&post=5633"}],"curies":[{"name":"wp","href":"https:\/\/api.w.org\/{rel}","templated":true}]}}