{"id":5647,"date":"2014-11-15T11:30:10","date_gmt":"2014-11-15T10:30:10","guid":{"rendered":"http:\/\/www.grandesterresbio.com\/?p=5647"},"modified":"2014-11-15T11:30:10","modified_gmt":"2014-11-15T10:30:10","slug":"ogm-les-etats-de-lu-e-vont-devoir-decider","status":"publish","type":"post","link":"https:\/\/claire-jannot.com\/?p=5647","title":{"rendered":"OGM : Les Etats de l&rsquo;U.E. vont devoir d\u00e9cider"},"content":{"rendered":"<h2><span style=\"color: #000000;\">\u00a0Les Etats membres de l&rsquo;Union europ\u00e9enne (UE) devraient d\u00e9cider en dernier ressort s&rsquo;ils autorisent ou non la culture des organismes g\u00e9n\u00e9tiquement modifi\u00e9s (OGM), selon le vote mardi d&rsquo;une commission du Parlement europ\u00e9en sur cette question qui divise les 28 depuis des ann\u00e9es.<\/span><\/h2>\n<div id=\"attachment_5648\" style=\"width: 318px\" class=\"wp-caption alignleft\"><a style=\"color: #000000;\" href=\"https:\/\/i0.wp.com\/www.grandesterresbio.com\/wp-content\/uploads\/2014\/11\/437px-Trophee.jpg\"><img data-recalc-dims=\"1\" loading=\"lazy\" decoding=\"async\" aria-describedby=\"caption-attachment-5648\" class=\"wp-image-5648 \" src=\"https:\/\/i0.wp.com\/www.grandesterresbio.com\/wp-content\/uploads\/2014\/11\/437px-Trophee.jpg?resize=308%2C422\" alt=\"Le 25 juillet 2004, plant de ma\u00efs OGM arrach\u00e9 par un membre fran\u00e7ais de l'organisation &quot;les faucheurs volontaires&quot;\" width=\"308\" height=\"422\" srcset=\"https:\/\/i0.wp.com\/claire-jannot.com\/wp-content\/uploads\/2014\/11\/437px-Trophee.jpg?w=437&amp;ssl=1 437w, https:\/\/i0.wp.com\/claire-jannot.com\/wp-content\/uploads\/2014\/11\/437px-Trophee.jpg?resize=218%2C300&amp;ssl=1 218w\" sizes=\"auto, (max-width: 308px) 100vw, 308px\" \/><\/a><p id=\"caption-attachment-5648\" class=\"wp-caption-text\"><\/span> <span style=\"color: #000000;\">Le 25 juillet 2004, plant de ma\u00efs OGM arrach\u00e9 par un membre fran\u00e7ais de l&rsquo;organisation \u00ab\u00a0les faucheurs volontaires\u00a0\u00bb<\/span><\/p><\/div>\n<p><span style=\"color: #000000;\"><strong>La France s&rsquo;oppose \u00e0 la culture des OGM<\/strong> alors que la Grande-Bretagne affirme que l&rsquo;Europe ne peut pas ignorer les nouvelles technologies si elle veut tenir sa place dans le monde.<\/span><\/p>\n<p><span style=\"color: #000000;\">\u00a0En juin, les responsables de l&rsquo;UE avaient trouv\u00e9 un compromis: <strong>remettre aux Etats le pouvoir de d\u00e9cision finale, m\u00eame si un produit OGM a \u00e9t\u00e9 approuv\u00e9 au niveau de l&rsquo;UE<\/strong>. Cette d\u00e9cision a \u00e9t\u00e9 approuv\u00e9e par <strong>53 votes contre 11<\/strong> mardi par la commission environnement du Parlement europ\u00e9en.<\/span><\/p>\n<p><span style=\"color: #000000;\"> \u00a0 Celle-ci n&rsquo;a pas repris \u00e0 son compte la d\u00e9cision d&rsquo;autoriser les firmes qui fabriquent des OGM \u00e0 n\u00e9gocier directement avec les Etats membres.<\/span><\/p>\n<p><span style=\"color: #000000;\">\u00a0 \u00ab\u00a0Les mesures approuv\u00e9es garantissent de la flexibilit\u00e9 pour les Etats membres qui veulent restreindre et interdire la culture des OGM\u00a0\u00bb, a comment\u00e9 l&rsquo;euro-d\u00e9put\u00e9e <strong>Fr\u00e9d\u00e9rique Ries<\/strong>, de l&rsquo;Alliance lib\u00e9rale et d\u00e9mocratique.<\/span><\/p>\n<p><span style=\"color: #000000;\">\u00a0Les euro-d\u00e9put\u00e9s \u00ab\u00a0ont am\u00e9lior\u00e9 le texte adopt\u00e9 en juin, qui \u00e9tait fortement influenc\u00e9 par les positions pro-OGM du gouvernement britannique\u00a0\u00bb, s&rsquo;est f\u00e9licit\u00e9 l&rsquo;association de d\u00e9fense de l&rsquo;environnement <strong>Greenpeace.<\/strong><\/span><br \/>\n<strong><span style=\"color: #000000;\">\u00ab\u00a0Le vote d&rsquo;aujourd&rsquo;hui donnera aux pays europ\u00e9ens une base l\u00e9gale solide pour interdire la culture des OGM sur leur territoire, en compliquant la t\u00e2che des industries de biotechnologies qui voudraient contester cette interdiction devant les tribunaux\u00a0\u00bb, ajoute Greenpeace.<\/span><\/strong><br \/>\n<span style=\"color: #000000;\">Plusieurs semences OGM ont obtenu le feu vert de l&rsquo;UE, mais seul <strong>le ma\u00efs Montsanto MON810<\/strong> est toujours cultiv\u00e9 apr\u00e8s avoir \u00e9t\u00e9 autoris\u00e9 en 1998.<\/span><\/p>\n<p><span style=\"color: #000000;\">L&rsquo;ann\u00e9e derni\u00e8re, ce g\u00e9ant am\u00e9ricain des biotechnologies a d\u00e9clar\u00e9 qu&rsquo;<strong>il ne solliciterait plus d&rsquo;autorisations commerciales pour introduire de nouveaux produits OGM dans l&rsquo;Union europ\u00e9enne.<\/strong><\/span><br \/>\n<span style=\"color: #000000;\">La culture des OGM a suscit\u00e9 des soup\u00e7ons dans l&rsquo;UE sur leur impact n\u00e9gatif pour la sant\u00e9 et l&rsquo;environnement. Il reste que les semences ont obtenu \u00e0 plusieurs reprises le feu vert sanitaire et sont import\u00e9es dans l&rsquo;Union en grande quantit\u00e9 pour l&rsquo;alimentation des animaux.<\/span><br \/>\n<span style=\"color: #000000;\">Les mesures approuv\u00e9es mardi seront soumises aux Etats membres avant de revenir plus tard devant le Parlement europ\u00e9en pour leur adoption d\u00e9finitive.<\/span><\/p>\n<p>&nbsp;<\/p>\n<address><span style=\"color: #000000;\">Source :BRUXELLES,\u00a011 nov 2014 (AFP)<\/span><\/address>\n<address><span style=\"color: #000000;\">Cr\u00e9dit photo : By Jean-Marc Desfilhes (myself) (Own work) [CC-BY-SA-1.0 (http:\/\/creativecommons.org\/licenses\/by-sa\/1.0)], via Wikimedia Commons<\/span><\/address>\n<address>\u00a0<\/address>\n<address>\u00a0<\/address>\n<address>\u00a0<\/address>\n<address>\u00a0<\/address>\n<address>\u00a0<\/address>\n<address>\u00a0<\/address>\n<address>\u00a0<\/address>\n<address>\u00a0<\/address>\n<address>\u00a0<\/address>\n<address>\u00a0<\/address>\n<address>\u00a0<\/address>\n<address>\u00a0<\/address>\n","protected":false},"excerpt":{"rendered":"<p>\u00a0Les Etats membres de l&rsquo;Union europ\u00e9enne (UE) devraient d\u00e9cider en dernier ressort s&rsquo;ils autorisent ou non la culture des organismes g\u00e9n\u00e9tiquement modifi\u00e9s (OGM), selon le vote mardi d&rsquo;une commission du Parlement europ\u00e9en sur cette question qui divise les 28 depuis &hellip; <a href=\"https:\/\/claire-jannot.com\/?p=5647\">Continuer la lecture <span class=\"meta-nav\">&rarr;<\/span><\/a><\/p>\n","protected":false},"author":1,"featured_media":0,"comment_status":"open","ping_status":"open","sticky":false,"template":"","format":"standard","meta":{"jetpack_post_was_ever_published":false,"_jetpack_newsletter_access":"","_jetpack_dont_email_post_to_subs":false,"_jetpack_newsletter_tier_id":0,"_jetpack_memberships_contains_paywalled_content":false,"_jetpack_memberships_contains_paid_content":false,"footnotes":"","jetpack_publicize_message":"","jetpack_publicize_feature_enabled":true,"jetpack_social_post_already_shared":true,"jetpack_social_options":{"image_generator_settings":{"template":"highway","default_image_id":0,"font":"","enabled":false},"version":2}},"categories":[1,2],"tags":[42,3,5,9,36,10,11],"class_list":["post-5647","post","type-post","status-publish","format-standard","hentry","category-alimentation","category-ecologie","tag-agriculture","tag-consommation","tag-environnement","tag-ogm","tag-pollution","tag-sante","tag-societe-2"],"jetpack_publicize_connections":[],"jetpack_featured_media_url":"","jetpack_sharing_enabled":true,"jetpack_shortlink":"https:\/\/wp.me\/p5jjt5-1t5","_links":{"self":[{"href":"https:\/\/claire-jannot.com\/index.php?rest_route=\/wp\/v2\/posts\/5647","targetHints":{"allow":["GET"]}}],"collection":[{"href":"https:\/\/claire-jannot.com\/index.php?rest_route=\/wp\/v2\/posts"}],"about":[{"href":"https:\/\/claire-jannot.com\/index.php?rest_route=\/wp\/v2\/types\/post"}],"author":[{"embeddable":true,"href":"https:\/\/claire-jannot.com\/index.php?rest_route=\/wp\/v2\/users\/1"}],"replies":[{"embeddable":true,"href":"https:\/\/claire-jannot.com\/index.php?rest_route=%2Fwp%2Fv2%2Fcomments&post=5647"}],"version-history":[{"count":1,"href":"https:\/\/claire-jannot.com\/index.php?rest_route=\/wp\/v2\/posts\/5647\/revisions"}],"predecessor-version":[{"id":5649,"href":"https:\/\/claire-jannot.com\/index.php?rest_route=\/wp\/v2\/posts\/5647\/revisions\/5649"}],"wp:attachment":[{"href":"https:\/\/claire-jannot.com\/index.php?rest_route=%2Fwp%2Fv2%2Fmedia&parent=5647"}],"wp:term":[{"taxonomy":"category","embeddable":true,"href":"https:\/\/claire-jannot.com\/index.php?rest_route=%2Fwp%2Fv2%2Fcategories&post=5647"},{"taxonomy":"post_tag","embeddable":true,"href":"https:\/\/claire-jannot.com\/index.php?rest_route=%2Fwp%2Fv2%2Ftags&post=5647"}],"curies":[{"name":"wp","href":"https:\/\/api.w.org\/{rel}","templated":true}]}}