{"id":5690,"date":"2014-11-15T18:56:31","date_gmt":"2014-11-15T17:56:31","guid":{"rendered":"http:\/\/www.grandesterresbio.com\/?p=5690"},"modified":"2014-11-29T15:09:26","modified_gmt":"2014-11-29T14:09:26","slug":"cote-dor-poulailler-communal-le-bilan","status":"publish","type":"post","link":"https:\/\/claire-jannot.com\/?p=5690","title":{"rendered":"C\u00f4te d&rsquo;Or : Poulailler communal, le bilan"},"content":{"rendered":"<h2><span style=\"color: #000000;\">Des poules en guise de d\u00e9chetterie, un moyen tout \u00e0 fait simple, peu on\u00e9reux et totalement naturel, de r\u00e9duire le poids des d\u00e9chets d\u2019un village tout entier.<\/span><\/h2>\n<h3><span style=\"color: #000000;\"><a href=\"https:\/\/i0.wp.com\/www.grandesterresbio.com\/wp-content\/uploads\/2014\/11\/800px-Poule_et_coq_%C3%A0_Grez-Doiceau_001.jpg\"><img data-recalc-dims=\"1\" loading=\"lazy\" decoding=\"async\" class=\"alignleft wp-image-5691 \" src=\"https:\/\/i0.wp.com\/www.grandesterresbio.com\/wp-content\/uploads\/2014\/11\/800px-Poule_et_coq_%C3%A0_Grez-Doiceau_001.jpg?resize=375%2C281\" alt=\"Pouleetcoq-www.grandesterresbio.com\" width=\"375\" height=\"281\" srcset=\"https:\/\/i0.wp.com\/claire-jannot.com\/wp-content\/uploads\/2014\/11\/800px-Poule_et_coq_%C3%A0_Grez-Doiceau_001.jpg?w=800&amp;ssl=1 800w, https:\/\/i0.wp.com\/claire-jannot.com\/wp-content\/uploads\/2014\/11\/800px-Poule_et_coq_%C3%A0_Grez-Doiceau_001.jpg?resize=300%2C225&amp;ssl=1 300w\" sizes=\"auto, (max-width: 375px) 100vw, 375px\" \/><\/a><\/span><span style=\"color: #000000;\">La commune de <strong>Viller les Pots (C\u00f4te d\u2019or)<\/strong>, a mis en place un poulailler communal pour ses <strong>1050 habitants.<\/strong> En accord avec les \u00e9lus ainsi que l\u2019\u00e9cole et les parents, une dizaine de poules a alors pris logement sur un terrain pr\u00eat\u00e9 par la commune. Ce sont les enfants qui, \u00e0 tour de r\u00f4le s\u2019occupent de l\u2019entretien du poulailler et les parents eux, rapportent chaque jour, leurs d\u00e9chets aux gallinac\u00e9s. <\/span><\/h3>\n<h3><span style=\"color: #000000;\">Ce poulailler communal est le fruit d\u2019une initiative partag\u00e9e, entre les enfants de la commune, les parents et les \u00e9lus. Il a \u00e9t\u00e9 inaugur\u00e9 en mai 2013 sur un <strong>terrain pr\u00eat\u00e9 par la commune.<\/strong> <strong>Cette derni\u00e8re a financ\u00e9 une partie du mat\u00e9riel n\u00e9cessaire \u00e0 sa construction, le reste ayant \u00e9t\u00e9 r\u00e9uni et donn\u00e9 par les habitants du village,qui ont pr\u00eat\u00e9 main forte \u00e0 l\u2019employ\u00e9 communal pour la construction.<\/strong><\/span><\/h3>\n<p><span style=\"color: #000000;\">\u00a0<\/span><span style=\"color: #000000;\">Les avantages \u00e0 installer un poulailler communal : Plus d&rsquo;un an apr\u00e8s,<strong> le bilan reste tr\u00e8s positif.<\/strong> Les enfants sont extr\u00eamement investis par leurs t\u00e2ches (d\u2019autant que les 3 responsables chaque semaine, se partagent les \u0153ufs pour leur famille) et les parents continuent de nourrir les poules avec les restes alimentaires (essentiellement du pain). Moins de g\u00e2chis et surtout, un syst\u00e8me totalement naturel pour y faire face. Autres points positifs \u00e0 un tel projet\u00a0:<\/span><\/p>\n<ul>\n<li><span style=\"color: #000000;\">les poules repoussent les serpents et autres animaux ind\u00e9sirables<\/span><\/li>\n<li><span style=\"color: #000000;\">elles procurent un \u00e0 deux \u0153ufs frais par poule et par jour<\/span><\/li>\n<li><span style=\"color: #000000;\">leur fumier est 100% naturel, gratuit et tr\u00e8s riche en azote pour les sols des particuliers (et des agriculteurs)<\/span><\/li>\n<li><span style=\"color: #000000;\">elles mangent les mauvaises herbes<\/span><\/li>\n<li><span style=\"color: #000000;\">consomment \u00e0 peu pr\u00e8s tous les d\u00e9chets alimentaires (sauf la pomme de terre crue)<\/span><\/li>\n<li><span style=\"color: #000000;\">apportent vie et animation dans un quartier, un village\u2026<\/span><\/li>\n<li><span style=\"color: #000000;\">elles peuvent \u00eatre un excellent moyen de responsabiliser les enfants, tant sur le plan \u00e9cologique, que sur le plan personnel.<\/span><\/li>\n<\/ul>\n<address><span style=\"color: #000000;\">Source : greenetvert.fr<\/span><\/address>\n<address><span style=\"color: #000000;\">Cr\u00e9dit photo : Par VerboseDreamer (Travail personnel) [CC-BY-SA-3.0 (http:\/\/creativecommons.org\/licenses\/by-sa\/3.0)], via Wikimedia Commons<\/span><\/address>\n<address>\u00a0<\/address>\n<address>\u00a0<\/address>\n<address>\u00a0<\/address>\n<address>\u00a0<\/address>\n<address>\u00a0<\/address>\n<address>\u00a0<\/address>\n","protected":false},"excerpt":{"rendered":"<p>Des poules en guise de d\u00e9chetterie, un moyen tout \u00e0 fait simple, peu on\u00e9reux et totalement naturel, de r\u00e9duire le poids des d\u00e9chets d\u2019un village tout entier. La commune de Viller les Pots (C\u00f4te d\u2019or), a mis en place un &hellip; <a href=\"https:\/\/claire-jannot.com\/?p=5690\">Continuer la lecture <span class=\"meta-nav\">&rarr;<\/span><\/a><\/p>\n","protected":false},"author":1,"featured_media":0,"comment_status":"open","ping_status":"open","sticky":false,"template":"","format":"standard","meta":{"jetpack_post_was_ever_published":false,"_jetpack_newsletter_access":"","_jetpack_dont_email_post_to_subs":false,"_jetpack_newsletter_tier_id":0,"_jetpack_memberships_contains_paywalled_content":false,"_jetpack_memberships_contains_paid_content":false,"footnotes":"","jetpack_publicize_message":"","jetpack_publicize_feature_enabled":true,"jetpack_social_post_already_shared":true,"jetpack_social_options":{"image_generator_settings":{"template":"highway","default_image_id":0,"font":"","enabled":false},"version":2}},"categories":[2],"tags":[22,4,21,19,11,20,48],"class_list":["post-5690","post","type-post","status-publish","format-standard","hentry","category-ecologie","tag-biologique","tag-ecologie2","tag-jardin","tag-recyclage","tag-societe-2","tag-tri","tag-vie-animale"],"jetpack_publicize_connections":[],"jetpack_featured_media_url":"","jetpack_sharing_enabled":true,"jetpack_shortlink":"https:\/\/wp.me\/p5jjt5-1tM","_links":{"self":[{"href":"https:\/\/claire-jannot.com\/index.php?rest_route=\/wp\/v2\/posts\/5690","targetHints":{"allow":["GET"]}}],"collection":[{"href":"https:\/\/claire-jannot.com\/index.php?rest_route=\/wp\/v2\/posts"}],"about":[{"href":"https:\/\/claire-jannot.com\/index.php?rest_route=\/wp\/v2\/types\/post"}],"author":[{"embeddable":true,"href":"https:\/\/claire-jannot.com\/index.php?rest_route=\/wp\/v2\/users\/1"}],"replies":[{"embeddable":true,"href":"https:\/\/claire-jannot.com\/index.php?rest_route=%2Fwp%2Fv2%2Fcomments&post=5690"}],"version-history":[{"count":2,"href":"https:\/\/claire-jannot.com\/index.php?rest_route=\/wp\/v2\/posts\/5690\/revisions"}],"predecessor-version":[{"id":5693,"href":"https:\/\/claire-jannot.com\/index.php?rest_route=\/wp\/v2\/posts\/5690\/revisions\/5693"}],"wp:attachment":[{"href":"https:\/\/claire-jannot.com\/index.php?rest_route=%2Fwp%2Fv2%2Fmedia&parent=5690"}],"wp:term":[{"taxonomy":"category","embeddable":true,"href":"https:\/\/claire-jannot.com\/index.php?rest_route=%2Fwp%2Fv2%2Fcategories&post=5690"},{"taxonomy":"post_tag","embeddable":true,"href":"https:\/\/claire-jannot.com\/index.php?rest_route=%2Fwp%2Fv2%2Ftags&post=5690"}],"curies":[{"name":"wp","href":"https:\/\/api.w.org\/{rel}","templated":true}]}}