{"id":5702,"date":"2014-11-25T15:31:37","date_gmt":"2014-11-25T14:31:37","guid":{"rendered":"http:\/\/www.grandesterresbio.com\/?p=5702"},"modified":"2015-01-06T21:06:25","modified_gmt":"2015-01-06T20:06:25","slug":"declin-des-abeilles-le-bilan","status":"publish","type":"post","link":"https:\/\/claire-jannot.com\/?p=5702","title":{"rendered":"D\u00e9clin des abeilles : le bilan"},"content":{"rendered":"<h2><span style=\"color: #000000;\">Le d\u00e9clin des populations d&rsquo;abeilles, pr\u00e9occupant pour la pollinisation d&rsquo;importantes cultures, para\u00eet surtout r\u00e9sulter de la rar\u00e9faction, ces derni\u00e8res d\u00e9cennies, de plantes sur lesquelles ces insectes pr\u00e9f\u00e8rent butiner, ont conclu des scientifiques dans une \u00e9tude parue lundi.<\/span><\/h2>\n<p><span style=\"color: #000000;\"><a href=\"https:\/\/i0.wp.com\/www.grandesterresbio.com\/wp-content\/uploads\/2014\/11\/CSIRO_ScienceImage_3822_Bee_collecting_pollen-1.jpg\"><img data-recalc-dims=\"1\" loading=\"lazy\" decoding=\"async\" class=\"alignleft wp-image-5703 \" src=\"https:\/\/i0.wp.com\/www.grandesterresbio.com\/wp-content\/uploads\/2014\/11\/CSIRO_ScienceImage_3822_Bee_collecting_pollen-1.jpg?resize=395%2C263\" alt=\"abeille-www.grandesterresbio.com\" width=\"395\" height=\"263\" srcset=\"https:\/\/i0.wp.com\/claire-jannot.com\/wp-content\/uploads\/2014\/11\/CSIRO_ScienceImage_3822_Bee_collecting_pollen-1.jpg?w=800&amp;ssl=1 800w, https:\/\/i0.wp.com\/claire-jannot.com\/wp-content\/uploads\/2014\/11\/CSIRO_ScienceImage_3822_Bee_collecting_pollen-1.jpg?resize=300%2C199&amp;ssl=1 300w\" sizes=\"auto, (max-width: 395px) 100vw, 395px\" \/><\/a>En analysant le pollen contenu dans des sp\u00e9cimens de <strong>57 diff\u00e9rentes esp\u00e8ces d&rsquo;abeilles datant d&rsquo;avant 1950<\/strong> qui se trouvent dans des mus\u00e9es d&rsquo;histoire naturelle aux Pays-Bas, ces chercheurs ont pu d\u00e9terminer que ces insectes avaient des plantes pr\u00e9f\u00e9r\u00e9es pour butiner.<\/span><\/p>\n<p><span style=\"color: #000000;\">Ils ont pu ensuite \u00e9tablir un lien entre la disparition dans certaines r\u00e9gions des Pays-Bas des plantes favorites des abeilles et l&rsquo;important d\u00e9clin de leurs populations pendant la m\u00eame p\u00e9riode.<\/span><br \/>\n<span style=\"color: #000000;\">\u00ab\u00a0Nous avons montr\u00e9 que le <strong>d\u00e9clin des vari\u00e9t\u00e9s de plantes pr\u00e9f\u00e9r\u00e9es pour butiner \u00e9tait l&rsquo;un des deux principaux facteurs du d\u00e9p\u00e9rissement des abeilles<\/strong>\u00ab\u00a0, explique <strong>Jeroen Scheper<\/strong>, chercheur \u00e0 l&rsquo;Institut n\u00e9erlandais <strong>Alterra<\/strong> de recherche sp\u00e9cialis\u00e9 dans l&rsquo;environnement, l&rsquo;un des auteurs de ces travaux parus dans les Comptes rendus de l&rsquo;acad\u00e9mie am\u00e9ricaine des sciences (PNAS).<\/span><\/p>\n<p><span style=\"color: #000000;\"><strong>La taille du corps des abeilles est l&rsquo;autre principal facteur de la forte diminution de leur nombre<\/strong>, car les esp\u00e8ces les plus grosses ont besoin de plus grandes quantit\u00e9s de pollen, devenu moins abondant, explique le scientifique.<\/span><\/p>\n<p><span style=\"color: #000000;\">Selon ces chercheurs, les autres facteurs n\u00e9fastes potentiels, comme <strong>l&rsquo;allongement de la dur\u00e9e du vol des abeilles pour aller chercher du pollen ou la sensibilit\u00e9 au changement climatique<\/strong>, ont \u00e9t\u00e9 comparativement moins importants pour expliquer le d\u00e9clin des populations d&rsquo;abeilles sauvages dans le monde au 20e si\u00e8cle.<\/span><\/p>\n<p><span style=\"color: #000000;\"><strong>La perte d&rsquo;espaces naturels dans la plupart des r\u00e9gions du globe, comme les prairies de plus en plus rares qui c\u00e8dent le pas \u00e0 une agriculture intensive faible en biodiversit\u00e9, ont fortement appauvri les sources d&rsquo;alimentation des abeilles.<\/strong><\/span><\/p>\n<p><span style=\"color: #000000;\">Un autre ph\u00e9nom\u00e8ne appel\u00e9 <strong>\u00ab\u00a0syndrome d&rsquo;effondrement soudain des colonies\u00a0\u00bb<\/strong> frappe depuis le d\u00e9but des ann\u00e9es 2000 de nombreuses ruches surtout en Europe et aux Etats-Unis,\u00a0avec dans ce pays des pertes de populations de 30% \u00e0 90%. <\/span><br \/>\n<span style=\"color: #000000;\">Les abeilles domestiques et sauvages ainsi que les autres pollinisateurs, qui permettent d&rsquo;assurer la reproduction de 70 \u00e0 80% des plantes \u00e0 fleurs, sont essentiels pour l&rsquo;alimentation humaine.\u00a0<\/span><strong><span style=\"color: #000000;\">Plus de 70% des cultures, dont quasiment tous les fruits, l\u00e9gumes, ol\u00e9agineux et prot\u00e9agineux, \u00e9pices, caf\u00e9 et cacao, en d\u00e9pendent tr\u00e8s fortement.<\/span><\/strong><br \/>\n<span style=\"color: #000000;\">Les pesticides agricoles sont bien entendu \u00e9galement point\u00e9s du doigt :\u00a0<\/span><span style=\"color: #000000;\">La Maison Blanche avait ordonn\u00e9 en juin aux agences f\u00e9d\u00e9rales de r\u00e9examiner les effets des agents chimiques sur les abeilles et les autres pollinisateurs.<\/span><br \/>\n<span style=\"color: #000000;\">Ce d\u00e9cret pr\u00e9sidentiel appelait aussi \u00e0 la mise en oeuvre d&rsquo;une <strong>strat\u00e9gie inter-gouvernementale<\/strong> pour <strong>prot\u00e9ger les pollinisateurs en am\u00e9liorant leur habitat<\/strong>, en plantant par exemple des fleurs le long des autoroutes ou en \u00e9tendant l&rsquo;habitat dans des zones de conservation.<\/span><\/p>\n<address><span style=\"color: #000000;\">Source :\u00a0WASHINGTON,\u00a024 nov 2014 (AFP)<\/span><\/address>\n<address>Cr\u00e9dit :\u00a0CSIRO [CC-BY-3.0 (http:\/\/creativecommons.org\/licenses\/by\/3.0)], via Wikimedia Commons<\/address>\n<address>\u00a0<\/address>\n<address>\u00a0<\/address>\n<address>\u00a0<\/address>\n<address>\u00a0<\/address>\n<address>\u00a0<\/address>\n<address>\u00a0<\/address>\n<address>\u00a0<\/address>\n","protected":false},"excerpt":{"rendered":"<p>Le d\u00e9clin des populations d&rsquo;abeilles, pr\u00e9occupant pour la pollinisation d&rsquo;importantes cultures, para\u00eet surtout r\u00e9sulter de la rar\u00e9faction, ces derni\u00e8res d\u00e9cennies, de plantes sur lesquelles ces insectes pr\u00e9f\u00e8rent butiner, ont conclu des scientifiques dans une \u00e9tude parue lundi. En analysant le &hellip; <a href=\"https:\/\/claire-jannot.com\/?p=5702\">Continuer la lecture <span class=\"meta-nav\">&rarr;<\/span><\/a><\/p>\n","protected":false},"author":1,"featured_media":0,"comment_status":"open","ping_status":"open","sticky":false,"template":"","format":"standard","meta":{"jetpack_post_was_ever_published":false,"_jetpack_newsletter_access":"","_jetpack_dont_email_post_to_subs":false,"_jetpack_newsletter_tier_id":0,"_jetpack_memberships_contains_paywalled_content":false,"_jetpack_memberships_contains_paid_content":false,"footnotes":"","jetpack_publicize_message":"","jetpack_publicize_feature_enabled":true,"jetpack_social_post_already_shared":true,"jetpack_social_options":{"image_generator_settings":{"template":"highway","default_image_id":0,"font":"","enabled":false},"version":2}},"categories":[1,2],"tags":[42,22,51,3,4,5,21,36,10,48],"class_list":["post-5702","post","type-post","status-publish","format-standard","hentry","category-alimentation","category-ecologie","tag-agriculture","tag-biologique","tag-climat","tag-consommation","tag-ecologie2","tag-environnement","tag-jardin","tag-pollution","tag-sante","tag-vie-animale"],"jetpack_publicize_connections":[],"jetpack_featured_media_url":"","jetpack_sharing_enabled":true,"jetpack_shortlink":"https:\/\/wp.me\/p5jjt5-1tY","_links":{"self":[{"href":"https:\/\/claire-jannot.com\/index.php?rest_route=\/wp\/v2\/posts\/5702","targetHints":{"allow":["GET"]}}],"collection":[{"href":"https:\/\/claire-jannot.com\/index.php?rest_route=\/wp\/v2\/posts"}],"about":[{"href":"https:\/\/claire-jannot.com\/index.php?rest_route=\/wp\/v2\/types\/post"}],"author":[{"embeddable":true,"href":"https:\/\/claire-jannot.com\/index.php?rest_route=\/wp\/v2\/users\/1"}],"replies":[{"embeddable":true,"href":"https:\/\/claire-jannot.com\/index.php?rest_route=%2Fwp%2Fv2%2Fcomments&post=5702"}],"version-history":[{"count":1,"href":"https:\/\/claire-jannot.com\/index.php?rest_route=\/wp\/v2\/posts\/5702\/revisions"}],"predecessor-version":[{"id":5704,"href":"https:\/\/claire-jannot.com\/index.php?rest_route=\/wp\/v2\/posts\/5702\/revisions\/5704"}],"wp:attachment":[{"href":"https:\/\/claire-jannot.com\/index.php?rest_route=%2Fwp%2Fv2%2Fmedia&parent=5702"}],"wp:term":[{"taxonomy":"category","embeddable":true,"href":"https:\/\/claire-jannot.com\/index.php?rest_route=%2Fwp%2Fv2%2Fcategories&post=5702"},{"taxonomy":"post_tag","embeddable":true,"href":"https:\/\/claire-jannot.com\/index.php?rest_route=%2Fwp%2Fv2%2Ftags&post=5702"}],"curies":[{"name":"wp","href":"https:\/\/api.w.org\/{rel}","templated":true}]}}