{"id":5716,"date":"2014-11-27T16:38:11","date_gmt":"2014-11-27T15:38:11","guid":{"rendered":"http:\/\/www.grandesterresbio.com\/?p=5716"},"modified":"2014-11-27T16:38:11","modified_gmt":"2014-11-27T15:38:11","slug":"recyclage-du-plastique-on-fait-le-point","status":"publish","type":"post","link":"https:\/\/claire-jannot.com\/?p=5716","title":{"rendered":"Recyclage du plastique : on fait le point"},"content":{"rendered":"<h2><span style=\"color: #000000;\">Il est possible de doubler le taux de recyclage des emballages plastique d&rsquo;ici \u00e0 2030, mais cela suppose des centres de tri modernis\u00e9s et moiti\u00e9 moins nombreux, ont soulign\u00e9 lundi des responsables de l&rsquo;organisme Eco-Emballages.<\/span><\/h2>\n<p><span style=\"color: #000000;\"><a href=\"https:\/\/i0.wp.com\/www.grandesterresbio.com\/wp-content\/uploads\/2014\/11\/Stuff_for_recycling.jpg\"><img data-recalc-dims=\"1\" loading=\"lazy\" decoding=\"async\" class=\"alignleft wp-image-5717 \" src=\"https:\/\/i0.wp.com\/www.grandesterresbio.com\/wp-content\/uploads\/2014\/11\/Stuff_for_recycling.jpg?resize=396%2C239\" alt=\"Recyclage-www.grandesterresbio.com\" width=\"396\" height=\"239\" srcset=\"https:\/\/i0.wp.com\/claire-jannot.com\/wp-content\/uploads\/2014\/11\/Stuff_for_recycling.jpg?w=1024&amp;ssl=1 1024w, https:\/\/i0.wp.com\/claire-jannot.com\/wp-content\/uploads\/2014\/11\/Stuff_for_recycling.jpg?resize=300%2C181&amp;ssl=1 300w\" sizes=\"auto, (max-width: 396px) 100vw, 396px\" \/><\/a>Chaque ann\u00e9e en France, des emballages m\u00e9nagers en plastique d&rsquo;un poids total d&rsquo;<strong>un million de tonnes\u00a0sont mis sur le march\u00e9<\/strong>, mais <strong>23 %<\/strong> seulement sont recycl\u00e9s, a rappel\u00e9 au cours d&rsquo;une conf\u00e9rence de presse <strong>Eric Brac de La Perri\u00e8re<\/strong>, directeur g\u00e9n\u00e9ral de cette soci\u00e9t\u00e9 priv\u00e9e charg\u00e9e de piloter le dispositif national de tri et de recyclage des emballages m\u00e9nagers : <strong>Eco-Emballages.<\/strong><\/span><br \/>\n<span style=\"color: #000000;\">Le taux de recyclage atteint <strong>57% pour les bouteilles et les flacons<\/strong>, qui repr\u00e9sentent 40% des emballages plastique.<\/span><br \/>\n<span style=\"color: #000000;\">\u00ab\u00a0Nous sommes capables de <strong>doubler ces taux d&rsquo;ici \u00e0 2030<\/strong>\u00ab\u00a0, a affirm\u00e9 M. Brac de La Perri\u00e8re. Eco-Emballages s&rsquo;est fix\u00e9 pour objectif de faire grimper \u00e0 56 % le taux pour l&rsquo;ensemble des emballages plastique, et \u00e0 82% celui des bouteilles et flacons.<\/span><br \/>\n<span style=\"color: #000000;\"><strong>Les films plastiques, quasiment pas recycl\u00e9s actuellement (1%) car \u00ab\u00a0l&rsquo;outil industriel n&rsquo;est pas adapt\u00e9\u00a0\u00bb, devraient voir leur taux de recyclage progresser \u00e0 23% d&rsquo;ici \u00e0 2030<\/strong>, a-t-il ajout\u00e9.<\/span><br \/>\n<span style=\"color: #000000;\">Et plus de la moiti\u00e9 des pots et barquettes (<strong>55%<\/strong>) devraient \u00eatre recycl\u00e9s d&rsquo;ici \u00e0 cette date (1% aujourd&rsquo;hui).<\/span><\/p>\n<p><span style=\"color: #000000;\">L&rsquo;extension du recyclage du plastique implique une modernisation du parc des centres de tri, \u00ab\u00a0aujourd&rsquo;hui obsol\u00e8te et incapable de prendre en charge le recyclage de nouveaux flux de plastique \u00e0 un co\u00fbt ma\u00eetris\u00e9\u00a0\u00bb, estime Eco-Emballages.<\/span><br \/>\n<span style=\"color: #000000;\">La plupart des centres actuels ont \u00e9t\u00e9 cr\u00e9\u00e9s il y a 20 ans pour ne traiter que les bouteilles et flacons. <strong>Seuls 15% d&rsquo;entre eux sont en mesure de trier tous les emballages en plastique.<\/strong><\/span><br \/>\n<span style=\"color: #000000;\">Par ailleurs, leur maillage territorial doit \u00eatre revu, souligne Eco-Emballages. <\/span><\/p>\n<p><span style=\"color: #000000;\">Aujourd&rsquo;hui, la France compte <strong>237 centres de tri d&rsquo;une capacit\u00e9 moyenne de 12.000 tonnes par an<\/strong>, soit l&rsquo;\u00e9quivalent pour chacun des d\u00e9chets produits par 250.000 habitants. Ils emploient <strong>7.000 personnes.<\/strong><\/span><\/p>\n<p><span style=\"color: #000000;\">Dans des pays europ\u00e9ens comme l&rsquo;Espagne, le Portugal, la Belgique, l&rsquo;Allemagne, <strong>\u00ab\u00a0on a beaucoup moins de centres, des centres de plus grande taille, mieux \u00e9quip\u00e9s.<\/strong> C&rsquo;est \u00e0 l&rsquo;\u00e9vidence une \u00e9volution que devra conna\u00eetre la France\u00a0\u00bb, a soulign\u00e9 Carlos De los LLanos, directeur du d\u00e9partement recyclage d&rsquo;Eco-Emballages.<\/span><\/p>\n<p><span style=\"color: #000000;\">Selon lui, \u00e0 terme, le nombre de centres de tri <strong>\u00ab\u00a0devra \u00eatre divis\u00e9 par deux\u00a0\u00bb<\/strong>, avec des tailles adapt\u00e9es aux bassins de populations.<\/span><br \/>\n<span style=\"color: #000000;\">Dans le cadre de son plan pour d\u00e9velopper le recyclage des plastiques, Eco-Emballages a annonc\u00e9 sa d\u00e9cision d&rsquo;\u00e9tendre l&rsquo;exp\u00e9rimentation de collecte de tous les emballages plastique (y compris pots, barquettes, films) men\u00e9e depuis 2012 aupr\u00e8s de 51 collectivit\u00e9s et 3,7 millions de Fran\u00e7ais, \u00e0 une population de 8 \u00e0 10 millions d&rsquo;habitants (une centaine de communes) \u00e0 l&rsquo;horizon 2016.<\/span><\/p>\n<address><span style=\"color: #000000;\">Source : \u00a0\u00a0\u00a0\u00a0PARIS\u00a0(France),\u00a024 nov 2014 (AFP)\u00a0<\/span><\/address>\n<address><span style=\"color: #000000;\">Cr\u00e9dit photo :\u00a0Par ProjectManhattan (Travail personnel) [CC-BY-SA-3.0 (http:\/\/creativecommons.org\/licenses\/by-sa\/3.0)], via Wikimedia Commons<\/span><\/address>\n<address>\u00a0<\/address>\n<address>\u00a0<\/address>\n<address>\u00a0<\/address>\n<address>\u00a0<\/address>\n<address>\u00a0<\/address>\n<address>\u00a0<\/address>\n<address>\u00a0<\/address>\n<address>\u00a0<\/address>\n<address>\u00a0<\/address>\n","protected":false},"excerpt":{"rendered":"<p>Il est possible de doubler le taux de recyclage des emballages plastique d&rsquo;ici \u00e0 2030, mais cela suppose des centres de tri modernis\u00e9s et moiti\u00e9 moins nombreux, ont soulign\u00e9 lundi des responsables de l&rsquo;organisme Eco-Emballages. Chaque ann\u00e9e en France, des &hellip; <a href=\"https:\/\/claire-jannot.com\/?p=5716\">Continuer la lecture <span class=\"meta-nav\">&rarr;<\/span><\/a><\/p>\n","protected":false},"author":1,"featured_media":0,"comment_status":"open","ping_status":"open","sticky":false,"template":"","format":"standard","meta":{"jetpack_post_was_ever_published":false,"_jetpack_newsletter_access":"","_jetpack_dont_email_post_to_subs":false,"_jetpack_newsletter_tier_id":0,"_jetpack_memberships_contains_paywalled_content":false,"_jetpack_memberships_contains_paid_content":false,"footnotes":"","jetpack_publicize_message":"","jetpack_publicize_feature_enabled":true,"jetpack_social_post_already_shared":true,"jetpack_social_options":{"image_generator_settings":{"template":"highway","default_image_id":0,"font":"","enabled":false},"version":2}},"categories":[2,47],"tags":[4,5,19,11,20],"class_list":["post-5716","post","type-post","status-publish","format-standard","hentry","category-ecologie","category-societe","tag-ecologie2","tag-environnement","tag-recyclage","tag-societe-2","tag-tri"],"jetpack_publicize_connections":[],"jetpack_featured_media_url":"","jetpack_sharing_enabled":true,"jetpack_shortlink":"https:\/\/wp.me\/p5jjt5-1uc","_links":{"self":[{"href":"https:\/\/claire-jannot.com\/index.php?rest_route=\/wp\/v2\/posts\/5716","targetHints":{"allow":["GET"]}}],"collection":[{"href":"https:\/\/claire-jannot.com\/index.php?rest_route=\/wp\/v2\/posts"}],"about":[{"href":"https:\/\/claire-jannot.com\/index.php?rest_route=\/wp\/v2\/types\/post"}],"author":[{"embeddable":true,"href":"https:\/\/claire-jannot.com\/index.php?rest_route=\/wp\/v2\/users\/1"}],"replies":[{"embeddable":true,"href":"https:\/\/claire-jannot.com\/index.php?rest_route=%2Fwp%2Fv2%2Fcomments&post=5716"}],"version-history":[{"count":1,"href":"https:\/\/claire-jannot.com\/index.php?rest_route=\/wp\/v2\/posts\/5716\/revisions"}],"predecessor-version":[{"id":5718,"href":"https:\/\/claire-jannot.com\/index.php?rest_route=\/wp\/v2\/posts\/5716\/revisions\/5718"}],"wp:attachment":[{"href":"https:\/\/claire-jannot.com\/index.php?rest_route=%2Fwp%2Fv2%2Fmedia&parent=5716"}],"wp:term":[{"taxonomy":"category","embeddable":true,"href":"https:\/\/claire-jannot.com\/index.php?rest_route=%2Fwp%2Fv2%2Fcategories&post=5716"},{"taxonomy":"post_tag","embeddable":true,"href":"https:\/\/claire-jannot.com\/index.php?rest_route=%2Fwp%2Fv2%2Ftags&post=5716"}],"curies":[{"name":"wp","href":"https:\/\/api.w.org\/{rel}","templated":true}]}}