{"id":5719,"date":"2014-11-29T14:29:58","date_gmt":"2014-11-29T13:29:58","guid":{"rendered":"http:\/\/www.grandesterresbio.com\/?p=5719"},"modified":"2014-11-29T15:09:00","modified_gmt":"2014-11-29T14:09:00","slug":"pyrenees-auberta-loursonne-est-morte","status":"publish","type":"post","link":"https:\/\/claire-jannot.com\/?p=5719","title":{"rendered":"Pyr\u00e9n\u00e9es : Auberta l&rsquo;oursonne est morte"},"content":{"rendered":"<h2><span style=\"color: #000000;\">L&rsquo;oursonne Auberta, symbole de la lutte pour la sauvegarde de l&rsquo;ours dans les Pyr\u00e9n\u00e9es, a \u00e9t\u00e9 retrouv\u00e9e morte du c\u00f4t\u00e9 espagnol de la cha\u00eene montagneuse, apr\u00e8s avoir apparemment succomb\u00e9 \u00e0 une blessure, ont annonc\u00e9 lundi les autorit\u00e9s locales espagnoles.<\/span><\/h2>\n<p><span style=\"color: #000000;\"><a href=\"https:\/\/i0.wp.com\/www.grandesterresbio.com\/wp-content\/uploads\/2014\/11\/Ours_brun_parcanimalierpyrenees_4.jpg\"><img data-recalc-dims=\"1\" loading=\"lazy\" decoding=\"async\" class=\"alignleft wp-image-5720 \" src=\"https:\/\/i0.wp.com\/www.grandesterresbio.com\/wp-content\/uploads\/2014\/11\/Ours_brun_parcanimalierpyrenees_4.jpg?resize=345%2C291\" alt=\"Oursbrunpyrenees-www.grandesterresbio.com\" width=\"345\" height=\"291\" srcset=\"https:\/\/i0.wp.com\/claire-jannot.com\/wp-content\/uploads\/2014\/11\/Ours_brun_parcanimalierpyrenees_4.jpg?w=600&amp;ssl=1 600w, https:\/\/i0.wp.com\/claire-jannot.com\/wp-content\/uploads\/2014\/11\/Ours_brun_parcanimalierpyrenees_4.jpg?resize=300%2C253&amp;ssl=1 300w\" sizes=\"auto, (max-width: 345px) 100vw, 345px\" \/><\/a>Ag\u00e9e d&rsquo;environ dix mois, l&rsquo;oursonne a \u00e9t\u00e9 retrouv\u00e9e vendredi dans un enclos sauvage de quelque 5.000 m\u00e8tres carr\u00e9s o\u00f9 elle avait \u00e9t\u00e9 plac\u00e9e apr\u00e8s avoir \u00e9t\u00e9 d\u00e9couverte en avril, seule et d\u00e9sorient\u00e9e, dans le village d&rsquo;Aubert.<\/span><\/p>\n<p><span style=\"color: #000000;\">S\u00e9par\u00e9e de sa m\u00e8re et de sa port\u00e9e, elle avait alors gratt\u00e9 \u00e0 la porte d&rsquo;une maison, a expliqu\u00e9 <strong>Ivan Afonso<\/strong>, responsable de l&rsquo;Environnement au Conseil du <strong>Val d&rsquo;Aran, vall\u00e9e semi-autonome du nord de l&rsquo;Espagne<\/strong> proche de la fronti\u00e8re fran\u00e7aise.<\/span><br \/>\n<span style=\"color: #000000;\">Auberta devait rejoindre cet hiver la trentaine d&rsquo;ours vivant dans les Pyr\u00e9n\u00e9es.<\/span><br \/>\n<span style=\"color: #000000;\">\u00ab\u00a0Selon les premi\u00e8res constations, l&rsquo;oursonne se serait rouvert une <strong>cicatrice abdominale li\u00e9e \u00e0 (une) intervention\u00a0\u00bb men\u00e9e le 9 novembre pour lui implanter un \u00e9metteur<\/strong>, \u00ab\u00a0probablement en escaladant un arbre, et aurait succomb\u00e9 \u00e0 cette blessure\u00a0\u00bb, a pr\u00e9cis\u00e9, de son c\u00f4t\u00e9, dans un communiqu\u00e9 le <strong>Parc animalier des Pyr\u00e9n\u00e9es<\/strong>, organisme fran\u00e7ais qui finan\u00e7ait \u00e0 travers une fondation sa r\u00e9introduction. <\/span><\/p>\n<p><span style=\"color: #000000;\">Les ours bruns ont longtemps peupl\u00e9 <strong>l&rsquo;Europe, l&rsquo;Asie, les montagnes d&rsquo;Afrique du nord et l&rsquo;Am\u00e9rique du Nord jusqu&rsquo;au Mexique.<\/strong> Mais chass\u00e9s pour leur fourrure et priv\u00e9s de leurs territoires par l&rsquo;expansion de la pr\u00e9sence humaine, ils ne sont plus pr\u00e9sents que sur 2% de leur habitat originel dans le monde. <\/span><br \/>\n<span style=\"color: #000000;\">\u00ab\u00a0L&rsquo;oursonne grimpait toujours aux arbres, elle s&rsquo;y sentait tr\u00e8s s\u00fbre\u00a0\u00bb, a ajout\u00e9 Ivan Afonso, soulignant, comme le Parc animalier, qu&rsquo;apr\u00e8s son op\u00e9ration, Auberta, film\u00e9e r\u00e9guli\u00e8rement pendant huit jours, avait sembl\u00e9 bien se remettre. <\/span><br \/>\n<span style=\"color: #000000;\">Des associations \u00e9cologistes ont, eux, d\u00e9nonc\u00e9 publiquement une <strong>\u00ab\u00a0n\u00e9gligence v\u00e9t\u00e9rinaire\u00a0\u00bb<\/strong>, affirmant que la cicatrice avait \u00e9t\u00e9 mal recousue. <\/span><\/p>\n<p><span style=\"color: #000000;\">\u00a0\u00a0<\/span><span style=\"color: #000000;\">L&rsquo;\u00e9metteur avait \u00e9t\u00e9 implant\u00e9 pour suivre ses mouvements une fois dans la nature. \u00ab\u00a0C&rsquo;est presque un deuil pour tous ceux\u00a0\u00bb qui ont \u0153uvr\u00e9 en faveur de son retour \u00e0 la vie sauvage, a t\u00e9moign\u00e9 Ivan Afonso.<\/span><\/p>\n<address><span style=\"color: #000000;\">Source :\u00a0MADRID,\u00a024 nov 2014 (AFP)\u00a0<\/span><\/address>\n<address><span style=\"color: #000000;\">Cr\u00e9dit photo :\u00a0Par Jean-no\u00ebl Lafargue (Travail personnel) [FAL], via Wikimedia Commons<\/span><\/address>\n<address>\u00a0<\/address>\n<address>\u00a0<\/address>\n<address>\u00a0<\/address>\n<address>\u00a0<\/address>\n<address>\u00a0<\/address>\n<address>\u00a0<\/address>\n<address>\u00a0<\/address>\n","protected":false},"excerpt":{"rendered":"<p>L&rsquo;oursonne Auberta, symbole de la lutte pour la sauvegarde de l&rsquo;ours dans les Pyr\u00e9n\u00e9es, a \u00e9t\u00e9 retrouv\u00e9e morte du c\u00f4t\u00e9 espagnol de la cha\u00eene montagneuse, apr\u00e8s avoir apparemment succomb\u00e9 \u00e0 une blessure, ont annonc\u00e9 lundi les autorit\u00e9s locales espagnoles. Ag\u00e9e &hellip; <a href=\"https:\/\/claire-jannot.com\/?p=5719\">Continuer la lecture <span class=\"meta-nav\">&rarr;<\/span><\/a><\/p>\n","protected":false},"author":1,"featured_media":0,"comment_status":"open","ping_status":"open","sticky":false,"template":"","format":"standard","meta":{"jetpack_post_was_ever_published":false,"_jetpack_newsletter_access":"","_jetpack_dont_email_post_to_subs":false,"_jetpack_newsletter_tier_id":0,"_jetpack_memberships_contains_paywalled_content":false,"_jetpack_memberships_contains_paid_content":false,"footnotes":"","jetpack_publicize_message":"","jetpack_publicize_feature_enabled":true,"jetpack_social_post_already_shared":true,"jetpack_social_options":{"image_generator_settings":{"template":"highway","default_image_id":0,"font":"","enabled":false},"version":2}},"categories":[2,47],"tags":[4,5,11,48],"class_list":["post-5719","post","type-post","status-publish","format-standard","hentry","category-ecologie","category-societe","tag-ecologie2","tag-environnement","tag-societe-2","tag-vie-animale"],"jetpack_publicize_connections":[],"jetpack_featured_media_url":"","jetpack_sharing_enabled":true,"jetpack_shortlink":"https:\/\/wp.me\/p5jjt5-1uf","_links":{"self":[{"href":"https:\/\/claire-jannot.com\/index.php?rest_route=\/wp\/v2\/posts\/5719","targetHints":{"allow":["GET"]}}],"collection":[{"href":"https:\/\/claire-jannot.com\/index.php?rest_route=\/wp\/v2\/posts"}],"about":[{"href":"https:\/\/claire-jannot.com\/index.php?rest_route=\/wp\/v2\/types\/post"}],"author":[{"embeddable":true,"href":"https:\/\/claire-jannot.com\/index.php?rest_route=\/wp\/v2\/users\/1"}],"replies":[{"embeddable":true,"href":"https:\/\/claire-jannot.com\/index.php?rest_route=%2Fwp%2Fv2%2Fcomments&post=5719"}],"version-history":[{"count":1,"href":"https:\/\/claire-jannot.com\/index.php?rest_route=\/wp\/v2\/posts\/5719\/revisions"}],"predecessor-version":[{"id":5721,"href":"https:\/\/claire-jannot.com\/index.php?rest_route=\/wp\/v2\/posts\/5719\/revisions\/5721"}],"wp:attachment":[{"href":"https:\/\/claire-jannot.com\/index.php?rest_route=%2Fwp%2Fv2%2Fmedia&parent=5719"}],"wp:term":[{"taxonomy":"category","embeddable":true,"href":"https:\/\/claire-jannot.com\/index.php?rest_route=%2Fwp%2Fv2%2Fcategories&post=5719"},{"taxonomy":"post_tag","embeddable":true,"href":"https:\/\/claire-jannot.com\/index.php?rest_route=%2Fwp%2Fv2%2Ftags&post=5719"}],"curies":[{"name":"wp","href":"https:\/\/api.w.org\/{rel}","templated":true}]}}