{"id":5722,"date":"2014-11-29T14:43:58","date_gmt":"2014-11-29T13:43:58","guid":{"rendered":"http:\/\/www.grandesterresbio.com\/?p=5722"},"modified":"2014-11-29T14:43:58","modified_gmt":"2014-11-29T13:43:58","slug":"sommes-nous-concernes-par-la-transition-energetique","status":"publish","type":"post","link":"https:\/\/claire-jannot.com\/?p=5722","title":{"rendered":"Sommes-nous concern\u00e9s par la transition \u00e9nerg\u00e9tique ?"},"content":{"rendered":"<h2><span style=\"color: #000000;\">Oui, \u00e0 soixante-quatorze pour cent, les Fran\u00e7ais se sentent concern\u00e9s par la transition \u00e9nerg\u00e9tique mais, paradoxalement, seulement 38% savent assez bien de quoi il s&rsquo;agit, selon un sondage IFOP publi\u00e9 lundi.<\/span><\/h2>\n<p><span style=\"color: #000000;\"><a href=\"https:\/\/i0.wp.com\/www.grandesterresbio.com\/wp-content\/uploads\/2014\/11\/800px-Eaucourt-sur-Somme_Moulin_Eolienne_Maison_2008.jpg\"><img data-recalc-dims=\"1\" loading=\"lazy\" decoding=\"async\" class=\"alignleft wp-image-5723 \" src=\"https:\/\/i0.wp.com\/www.grandesterresbio.com\/wp-content\/uploads\/2014\/11\/800px-Eaucourt-sur-Somme_Moulin_Eolienne_Maison_2008.jpg?resize=390%2C238\" alt=\"SommeEolienne-www.grandesterresbio.com\" width=\"390\" height=\"238\" srcset=\"https:\/\/i0.wp.com\/claire-jannot.com\/wp-content\/uploads\/2014\/11\/800px-Eaucourt-sur-Somme_Moulin_Eolienne_Maison_2008.jpg?w=626&amp;ssl=1 626w, https:\/\/i0.wp.com\/claire-jannot.com\/wp-content\/uploads\/2014\/11\/800px-Eaucourt-sur-Somme_Moulin_Eolienne_Maison_2008.jpg?resize=300%2C183&amp;ssl=1 300w\" sizes=\"auto, (max-width: 390px) 100vw, 390px\" \/><\/a><strong>\u00ab\u00a074% des Fran\u00e7ais se d\u00e9clarent personnellement concern\u00e9s par la transition \u00e9nerg\u00e9tique\u00a0\u00bb, mais avec des diff\u00e9rences marqu\u00e9es selon les r\u00e9gions<\/strong>, selon ce sondage. Ils sont ainsi <strong>81% \u00e0 se sentir concern\u00e9s dans le Sud-Ouest, mais seulement 66% dans le Nord-Est.<\/strong><\/span><\/p>\n<p><span style=\"color: #000000;\">Pourtant, le contenu de la transition \u00e9nerg\u00e9tique reste flou pour la plupart des Fran\u00e7ais: seulement <strong>38% d\u00e9clarent \u00ab\u00a0savoir assez bien de quoi il s&rsquo;agit\u00a0\u00bb<\/strong>.<\/span><br \/>\n<span style=\"color: #000000;\">Quand on leur demande s&rsquo;ils ont d\u00e9j\u00e0 entendu parler de la transition \u00e9nerg\u00e9tique, <strong>78% des Fran\u00e7ais r\u00e9pondent \u00ab\u00a0oui\u00a0\u00bb.\u00a0<\/strong><\/span><br \/>\n<span style=\"color: #000000;\">Mais dans le\u00a0Nord-Est, \u00ab\u00a0pratiquement un Fran\u00e7ais sur trois n&rsquo;en a jamais entendu parler\u00a0\u00bb, pr\u00e9cisent <strong>Energie Perspective et La Fabrique des Territoires Innovants<\/strong>, commanditaires du sondage, dans un communiqu\u00e9.<\/span><br \/>\n<span style=\"color: #000000;\">A l&rsquo;\u00e9chelon local, <strong>72% des Fran\u00e7ais disent ne jamais avoir entendu parler d&rsquo;\u00e9conomies d&rsquo;\u00e9nergie par leur collectivit\u00e9.<\/strong> <\/span><\/p>\n<p><span style=\"color: #000000;\">\u00ab\u00a0Pire: <strong>73% ignorent les primes et subventions<\/strong> propos\u00e9es en local en cas de travaux de r\u00e9novation \u00e9nerg\u00e9tique\u00a0\u00bb, selon la m\u00eame source.<\/span><br \/>\n<span style=\"color: #000000;\">Ils sont malgr\u00e9 tout <strong>61% \u00e0 se d\u00e9clarer \u00ab\u00a0confiants quant \u00e0 l&rsquo;action globale de leur collectivit\u00e9\u00a0\u00bb<\/strong>, et m\u00eame <strong>\u00ab\u00a052% \u00e0 penser qu&rsquo;elle est l\u00e9gitime pour les orienter sur les questions de travaux d&rsquo;\u00e9conomie d&rsquo;\u00e9nergie (contre 30% d&rsquo;avis n\u00e9gatifs)\u00a0\u00bb<\/strong>.<\/span><\/p>\n<address>\u00a0<\/address>\n<address>\u00a0<\/address>\n<address><span style=\"color: #000000;\">Cette enqu\u00eate a \u00e9t\u00e9 r\u00e9alis\u00e9e du 28 au 29 octobre par internet aupr\u00e8s d&rsquo;un \u00e9chantillon de 1.502 personnes repr\u00e9sentatif de la population fran\u00e7aise \u00e2g\u00e9e de 18 ans et plus.<\/span><\/address>\n<address><span style=\"color: #000000;\">Source :\u00a0PARIS,\u00a024 nov 2014 (AFP)<\/span><\/address>\n<address><span style=\"color: #000000;\">Cr\u00e9dit photo :\u00a0Par Nonidentifie (Travail personnel) [Public domain], via Wikimedia Commons<\/span><\/address>\n<address>\u00a0<\/address>\n<address>\u00a0<\/address>\n<address>\u00a0<\/address>\n<address>\u00a0<\/address>\n<address>\u00a0<\/address>\n<address>\u00a0<\/address>\n<address>\u00a0<\/address>\n","protected":false},"excerpt":{"rendered":"<p>Oui, \u00e0 soixante-quatorze pour cent, les Fran\u00e7ais se sentent concern\u00e9s par la transition \u00e9nerg\u00e9tique mais, paradoxalement, seulement 38% savent assez bien de quoi il s&rsquo;agit, selon un sondage IFOP publi\u00e9 lundi. \u00ab\u00a074% des Fran\u00e7ais se d\u00e9clarent personnellement concern\u00e9s par la &hellip; <a href=\"https:\/\/claire-jannot.com\/?p=5722\">Continuer la lecture <span class=\"meta-nav\">&rarr;<\/span><\/a><\/p>\n","protected":false},"author":1,"featured_media":0,"comment_status":"open","ping_status":"open","sticky":false,"template":"","format":"standard","meta":{"jetpack_post_was_ever_published":false,"_jetpack_newsletter_access":"","_jetpack_dont_email_post_to_subs":false,"_jetpack_newsletter_tier_id":0,"_jetpack_memberships_contains_paywalled_content":false,"_jetpack_memberships_contains_paid_content":false,"footnotes":"","jetpack_publicize_message":"","jetpack_publicize_feature_enabled":true,"jetpack_social_post_already_shared":true,"jetpack_social_options":{"image_generator_settings":{"template":"highway","default_image_id":0,"font":"","enabled":false},"version":2}},"categories":[2,47],"tags":[44,5,6,11],"class_list":["post-5722","post","type-post","status-publish","format-standard","hentry","category-ecologie","category-societe","tag-energie","tag-environnement","tag-nucleaire","tag-societe-2"],"jetpack_publicize_connections":[],"jetpack_featured_media_url":"","jetpack_sharing_enabled":true,"jetpack_shortlink":"https:\/\/wp.me\/p5jjt5-1ui","_links":{"self":[{"href":"https:\/\/claire-jannot.com\/index.php?rest_route=\/wp\/v2\/posts\/5722","targetHints":{"allow":["GET"]}}],"collection":[{"href":"https:\/\/claire-jannot.com\/index.php?rest_route=\/wp\/v2\/posts"}],"about":[{"href":"https:\/\/claire-jannot.com\/index.php?rest_route=\/wp\/v2\/types\/post"}],"author":[{"embeddable":true,"href":"https:\/\/claire-jannot.com\/index.php?rest_route=\/wp\/v2\/users\/1"}],"replies":[{"embeddable":true,"href":"https:\/\/claire-jannot.com\/index.php?rest_route=%2Fwp%2Fv2%2Fcomments&post=5722"}],"version-history":[{"count":1,"href":"https:\/\/claire-jannot.com\/index.php?rest_route=\/wp\/v2\/posts\/5722\/revisions"}],"predecessor-version":[{"id":5724,"href":"https:\/\/claire-jannot.com\/index.php?rest_route=\/wp\/v2\/posts\/5722\/revisions\/5724"}],"wp:attachment":[{"href":"https:\/\/claire-jannot.com\/index.php?rest_route=%2Fwp%2Fv2%2Fmedia&parent=5722"}],"wp:term":[{"taxonomy":"category","embeddable":true,"href":"https:\/\/claire-jannot.com\/index.php?rest_route=%2Fwp%2Fv2%2Fcategories&post=5722"},{"taxonomy":"post_tag","embeddable":true,"href":"https:\/\/claire-jannot.com\/index.php?rest_route=%2Fwp%2Fv2%2Ftags&post=5722"}],"curies":[{"name":"wp","href":"https:\/\/api.w.org\/{rel}","templated":true}]}}