{"id":5745,"date":"2014-11-29T15:38:05","date_gmt":"2014-11-29T14:38:05","guid":{"rendered":"http:\/\/www.grandesterresbio.com\/?p=5745"},"modified":"2014-11-29T15:38:05","modified_gmt":"2014-11-29T14:38:05","slug":"haut-rhin-debut-de-destockage-pour-le-gouffre-de-stocamine","status":"publish","type":"post","link":"https:\/\/claire-jannot.com\/?p=5745","title":{"rendered":"Haut-Rhin : D\u00e9but de d\u00e9stockage pour le gouffre de Stocamine"},"content":{"rendered":"<h2><span style=\"color: #000000;\">Des d\u00e9chets tr\u00e8s toxiques ont quitt\u00e9 lundi, pour la premi\u00e8re fois, Stocamine dans le Haut-Rhin, plus de dix ans apr\u00e8s la d\u00e9cision de fermer ce site de stockage contest\u00e9. Ils vont \u00eatre restock\u00e9s en Allemagne, dans une mine pourtant similaire.<\/span><\/h2>\n<p><span style=\"color: #000000;\"><a href=\"https:\/\/i0.wp.com\/www.grandesterresbio.com\/wp-content\/uploads\/2014\/11\/800px-Zufuhrkammer_zu_8a_mittelaktiver_abfall.jpg\"><img data-recalc-dims=\"1\" loading=\"lazy\" decoding=\"async\" class=\"alignleft wp-image-5747 \" src=\"https:\/\/i0.wp.com\/www.grandesterresbio.com\/wp-content\/uploads\/2014\/11\/800px-Zufuhrkammer_zu_8a_mittelaktiver_abfall.jpg?resize=385%2C256\" alt=\"Stockagedechets-www.grandesterresbio.com\" width=\"385\" height=\"256\" srcset=\"https:\/\/i0.wp.com\/claire-jannot.com\/wp-content\/uploads\/2014\/11\/800px-Zufuhrkammer_zu_8a_mittelaktiver_abfall.jpg?w=800&amp;ssl=1 800w, https:\/\/i0.wp.com\/claire-jannot.com\/wp-content\/uploads\/2014\/11\/800px-Zufuhrkammer_zu_8a_mittelaktiver_abfall.jpg?resize=300%2C199&amp;ssl=1 300w\" sizes=\"auto, (max-width: 385px) 100vw, 385px\" \/><\/a>Les quelques <strong>18 tonnes de d\u00e9chets industriels ultimes de \u00ab\u00a0classe 0\u00a0\u00bb<\/strong>, les plus toxiques dans la classification officielle, ont \u00e9t\u00e9 charg\u00e9es d\u00e9licatement dans un semi-remorque, prot\u00e9g\u00e9es par des conteneurs et des surf\u00fbts m\u00e9talliques.<\/span><\/p>\n<p><span style=\"color: #000000;\">D\u00e9stock\u00e9s ces derni\u00e8res semaines, <strong>ces d\u00e9chets avaient pass\u00e9 plus de dix ans \u00e0 plus de 500 m\u00e8tres sous terre<\/strong> dans des galeries creus\u00e9es dans le sel, sous un ancien gisement de potasse \u00e0 <strong>Wittelsheim<\/strong>.<\/span><\/p>\n<p><span style=\"color: #000000;\">Ils \u00ab\u00a0contiennent des produits classifi\u00e9s <strong>ars\u00e9ni\u00e9s, des polluants majeurs<\/strong>\u00ab\u00a0, a expliqu\u00e9 <strong>Alain Rollet<\/strong>, liquidateur amiable des mines de potasse d&rsquo;Alsace (MDPA), qui pilote la fermeture de ce site unique en France.<\/span><\/p>\n<p><span style=\"color: #000000;\">L&rsquo;\u00e9tape de lundi n&rsquo;est que le d\u00e9but des op\u00e9rations: <strong>la ministre de l&rsquo;Ecologie, S\u00e9gol\u00e8ne Royal, a demand\u00e9 cet \u00e9t\u00e9 \u00e0 l&rsquo;exploitant de retirer \u00ab\u00a0un maximum de d\u00e9chets mercuriels et arseni\u00e9s, soit jusqu&rsquo;\u00e0 93% du mercure contenu\u00a0\u00bb<\/strong>. Ce qui correspond \u00e0 environ <strong>20%<\/strong> des 44.000 tonnes de d\u00e9chets stock\u00e9s \u00e0 Stocamine entre 1999 et 2002.<\/span><\/p>\n<p><span style=\"color: #000000;\">Le sc\u00e9nario choisi va plus loin que celui retenu fin 2012, qui demandait un retrait d&rsquo;au moins 56% du mercure. Le gouvernement a en effet voulu tenir compte de la lev\u00e9e de boucliers d&rsquo;\u00e9lus locaux et de la population locale, qui d\u00e9noncent <strong>un risque de contamination de la nappe phr\u00e9atique.\u00a0<\/strong>Ce cap d\u00e9sormais fix\u00e9 semble marquer la fin d&rsquo;une d\u00e9cennie d&rsquo;atermoiements autour de <strong>Stocamine.<\/strong> La Cour des comptes a rappel\u00e9 en juin que <strong>l&rsquo;absence de prise de d\u00e9cision avait d\u00e9j\u00e0 co\u00fbt\u00e9 45 millions d&rsquo;euros aux contribuables.<\/strong><\/span><\/p>\n<p><span style=\"color: #000000;\">Ouvert en <strong>1999<\/strong>, Stocamine a \u00e9t\u00e9 le seul site en France o\u00f9 pouvaient \u00eatre enfouis des d\u00e9chets de \u00ab\u00a0classe 0\u00a0\u00bb. Il aurait d\u00fb contenir \u00e0 terme <strong>320.000 tonnes de d\u00e9chets<\/strong>, mais un incendie en <strong>2002 a mis fin \u00e0 son activit\u00e9, de toute mani\u00e8re pas rentable.<\/strong><\/span><\/p>\n<p><span style=\"color: #000000;\">Restait depuis \u00e0 d\u00e9cider que faire des d\u00e9chets entrepos\u00e9s dans les galeries de sel gemme, dont des d\u00e9chets de \u00ab\u00a0classe 1\u00a0\u00bb (r\u00e9sidus d&rsquo;incin\u00e9ration et d\u00e9chets amiant\u00e9s), et ceux donc, de \u00ab\u00a0classe 0\u00a0\u00bb.\u00a0Si le gouvernement a tent\u00e9 de concilier les diff\u00e9rents points de vue, le d\u00e9stockage partiel ne fait pas l&rsquo;unanimit\u00e9.\u00a0<strong>\u00ab\u00a0Le point positif, c&rsquo;est que cela montre qu&rsquo;il est possible de d\u00e9stocker des d\u00e9chets<\/strong>, mais cette histoire est un \u00e9norme g\u00e2chis\u00a0\u00bb, estime <strong>Yann Flory<\/strong>, porte-parole de Destocamine, collectif compos\u00e9 d&rsquo;associations et de syndicats d&rsquo;anciens mineurs.<\/span><\/p>\n<p><span style=\"color: #000000;\">Une quinzaine de ses membres ont salu\u00e9 lundi le premier d\u00e9part de d\u00e9chets, en brandissant des pancartes appelant au d\u00e9stockage total. <strong>\u00ab\u00a0Aucun expert n&rsquo;est capable de dire ce que deviendront ces d\u00e9chets sous terre \u00e0 long terme\u00a0\u00bb<\/strong>, plaide M. Flory.<\/span><\/p>\n<p><span style=\"color: #000000;\">Quant \u00e0 M. Rollet, ancien dirigeant des Charbonnages de France, il n&rsquo;a jamais cach\u00e9 sa pr\u00e9f\u00e9rence pour un <strong>confinement total<\/strong>. \u00ab\u00a0C&rsquo;\u00e9tait de loin le sc\u00e9nario le moins dangereux\u00a0\u00bb, dit-il, en rappelant les risques courus par les personnels lors du d\u00e9stockage.\u00a0<\/span><strong>Les deux parties semblent se rejoindre sur un point: envoyer ces d\u00e9chets vers la mine de sel de Sondershausen dans le Land de Thuringe, \u00e0 600 km de l\u00e0, peut sembler paradoxal.<\/strong><\/p>\n<p><span style=\"color: #000000;\">\u00ab\u00a0C&rsquo;est une aberration\u00a0\u00bb, estime M. Flory, \u00ab\u00a0m\u00eame si cela rel\u00e8ve du choix des autorit\u00e9s allemandes\u00a0\u00bb.<\/span><\/p>\n<p><span style=\"color: #000000;\"><strong>Sondershausen<\/strong> \u00ab\u00a0est une mine de sel \u00e0 500 m\u00e8tres de profondeur. C&rsquo;est <strong>le m\u00eame type de conditions qu&rsquo;ici et il y a une nappe phr\u00e9atique l\u00e0-bas aussi<\/strong>\u00ab\u00a0, selon M. Rollet.<\/span><\/p>\n<p><span style=\"color: #000000;\">Un responsable du site allemand, pr\u00e9sent lundi \u00e0 Wittelsheim, n&rsquo;a pas souhait\u00e9 faire de comparaison entre les deux sites. \u00ab\u00a0Des \u00e9tudes ont montr\u00e9 que c&rsquo;\u00e9tait une bonne solution de stockage et la population chez nous n&rsquo;exprime pas de craintes\u00a0\u00bb, a dit \u00e0 l&rsquo;AFP<strong> Thomas Kiessling.<\/strong><\/span><\/p>\n<p><span style=\"color: #000000;\">Au rythme actuel, le <strong>d\u00e9stockage partiel de Stocamine pourrait s&rsquo;\u00e9taler jusqu&rsquo;en 2020<\/strong>. Apr\u00e8s ces op\u00e9rations de d\u00e9stockage, il faudra confiner les 80% de d\u00e9chets restants, gr\u00e2ce \u00e0 des barrages \u00e9tanches et en coulant du b\u00e9ton dans les galeries vides.<\/span><\/p>\n<address><span style=\"color: #000000;\">Source :\u00a0WITTELSHEIM (France),\u00a024 nov 2014 (AFP)\u00a0<\/span><\/address>\n<address><span style=\"color: #000000;\">Cr\u00e9dit photo :\u00a0Par Stefan Brix.Stefan.brix at de.wikipedia [Public domain], de Wikimedia Commons<\/span><\/address>\n<address>\u00a0<\/address>\n<address>\u00a0<\/address>\n<address>\u00a0<\/address>\n<address>\u00a0<\/address>\n<address>\u00a0<\/address>\n<address>\u00a0<\/address>\n<address>\u00a0<\/address>\n<address>\u00a0<\/address>\n<address>\u00a0<\/address>\n<address>\u00a0<\/address>\n","protected":false},"excerpt":{"rendered":"<p>Des d\u00e9chets tr\u00e8s toxiques ont quitt\u00e9 lundi, pour la premi\u00e8re fois, Stocamine dans le Haut-Rhin, plus de dix ans apr\u00e8s la d\u00e9cision de fermer ce site de stockage contest\u00e9. Ils vont \u00eatre restock\u00e9s en Allemagne, dans une mine pourtant similaire. &hellip; <a href=\"https:\/\/claire-jannot.com\/?p=5745\">Continuer la lecture <span class=\"meta-nav\">&rarr;<\/span><\/a><\/p>\n","protected":false},"author":1,"featured_media":0,"comment_status":"open","ping_status":"open","sticky":false,"template":"","format":"standard","meta":{"jetpack_post_was_ever_published":false,"_jetpack_newsletter_access":"","_jetpack_dont_email_post_to_subs":false,"_jetpack_newsletter_tier_id":0,"_jetpack_memberships_contains_paywalled_content":false,"_jetpack_memberships_contains_paid_content":false,"footnotes":"","jetpack_publicize_message":"","jetpack_publicize_feature_enabled":true,"jetpack_social_post_already_shared":true,"jetpack_social_options":{"image_generator_settings":{"template":"highway","default_image_id":0,"font":"","enabled":false},"version":2}},"categories":[2,47],"tags":[39,4,5,36,19,10,11],"class_list":["post-5745","post","type-post","status-publish","format-standard","hentry","category-ecologie","category-societe","tag-eau","tag-ecologie2","tag-environnement","tag-pollution","tag-recyclage","tag-sante","tag-societe-2"],"jetpack_publicize_connections":[],"jetpack_featured_media_url":"","jetpack_sharing_enabled":true,"jetpack_shortlink":"https:\/\/wp.me\/p5jjt5-1uF","_links":{"self":[{"href":"https:\/\/claire-jannot.com\/index.php?rest_route=\/wp\/v2\/posts\/5745","targetHints":{"allow":["GET"]}}],"collection":[{"href":"https:\/\/claire-jannot.com\/index.php?rest_route=\/wp\/v2\/posts"}],"about":[{"href":"https:\/\/claire-jannot.com\/index.php?rest_route=\/wp\/v2\/types\/post"}],"author":[{"embeddable":true,"href":"https:\/\/claire-jannot.com\/index.php?rest_route=\/wp\/v2\/users\/1"}],"replies":[{"embeddable":true,"href":"https:\/\/claire-jannot.com\/index.php?rest_route=%2Fwp%2Fv2%2Fcomments&post=5745"}],"version-history":[{"count":2,"href":"https:\/\/claire-jannot.com\/index.php?rest_route=\/wp\/v2\/posts\/5745\/revisions"}],"predecessor-version":[{"id":5748,"href":"https:\/\/claire-jannot.com\/index.php?rest_route=\/wp\/v2\/posts\/5745\/revisions\/5748"}],"wp:attachment":[{"href":"https:\/\/claire-jannot.com\/index.php?rest_route=%2Fwp%2Fv2%2Fmedia&parent=5745"}],"wp:term":[{"taxonomy":"category","embeddable":true,"href":"https:\/\/claire-jannot.com\/index.php?rest_route=%2Fwp%2Fv2%2Fcategories&post=5745"},{"taxonomy":"post_tag","embeddable":true,"href":"https:\/\/claire-jannot.com\/index.php?rest_route=%2Fwp%2Fv2%2Ftags&post=5745"}],"curies":[{"name":"wp","href":"https:\/\/api.w.org\/{rel}","templated":true}]}}