{"id":5753,"date":"2014-11-29T16:22:15","date_gmt":"2014-11-29T15:22:15","guid":{"rendered":"http:\/\/www.grandesterresbio.com\/?p=5753"},"modified":"2014-11-29T16:22:15","modified_gmt":"2014-11-29T15:22:15","slug":"union-europeenne-la-conseillere-scientifique-en-chef-est-evincee","status":"publish","type":"post","link":"https:\/\/claire-jannot.com\/?p=5753","title":{"rendered":"Union Europ\u00e9enne : La conseill\u00e8re scientifique en chef est \u00e9vinc\u00e9e"},"content":{"rendered":"<div id=\"articleBody\" class=\"contenu_article js_article_body\">\n<h2 class=\"illustration_haut\"><span style=\"color: #000000;\">L\u2019affaire est pass\u00e9e un peu inaper\u00e7ue, noy\u00e9e dans les suites du LuxLeaks et les r\u00e9v\u00e9lations sur les privil\u00e8ges fiscaux exorbitants octroy\u00e9s par le grand-duch\u00e9 de Luxembourg aux multinationales. L\u2019\u00e9viction d\u2019Anne Glover, 57 ans, biologiste mol\u00e9culaire et conseill\u00e8re scientifique en chef du pr\u00e9sident de la Commission europ\u00e9enne, est pourtant un \u00e9v\u00e9nement de taille.<\/span><\/h2>\n<div id=\"attachment_5754\" style=\"width: 387px\" class=\"wp-caption alignleft\"><a style=\"color: #000000;\" href=\"https:\/\/i0.wp.com\/www.grandesterresbio.com\/wp-content\/uploads\/2014\/11\/800px-Chief_Scientific_Adviser_to_the_European_Commission_Anne_Glover_visits_ESO%E2%80%99s_Paranal_Observatory.jpg\"><img data-recalc-dims=\"1\" loading=\"lazy\" decoding=\"async\" aria-describedby=\"caption-attachment-5754\" class=\"wp-image-5754 \" src=\"https:\/\/i0.wp.com\/www.grandesterresbio.com\/wp-content\/uploads\/2014\/11\/800px-Chief_Scientific_Adviser_to_the_European_Commission_Anne_Glover_visits_ESO%E2%80%99s_Paranal_Observatory.jpg?resize=377%2C266\" alt=\"AnneGlover-www.grandesterresbio.com\" width=\"377\" height=\"266\" srcset=\"https:\/\/i0.wp.com\/claire-jannot.com\/wp-content\/uploads\/2014\/11\/800px-Chief_Scientific_Adviser_to_the_European_Commission_Anne_Glover_visits_ESO%E2%80%99s_Paranal_Observatory.jpg?w=513&amp;ssl=1 513w, https:\/\/i0.wp.com\/claire-jannot.com\/wp-content\/uploads\/2014\/11\/800px-Chief_Scientific_Adviser_to_the_European_Commission_Anne_Glover_visits_ESO%E2%80%99s_Paranal_Observatory.jpg?resize=300%2C211&amp;ssl=1 300w\" sizes=\"auto, (max-width: 377px) 100vw, 377px\" \/><\/a><p id=\"caption-attachment-5754\" class=\"wp-caption-text\"><\/span> <span style=\"color: #000000;\">Anne Glover ( ici au centre )<\/span><\/p><\/div>\n<p><span style=\"color: #000000;\">En ao\u00fbt, <strong>une vingtaine d\u2019organisations non gouvernementales (ONG) \u2013 Greenpeace, l\u2019Alliance pour la pr\u00e9vention du cancer britannique ou, en France, le R\u00e9seau environnement sant\u00e9, etc. \u2013 avait demand\u00e9 la suppression du poste de conseiller scientifique en chef.<\/strong> Dans une lettre adress\u00e9e \u00e0 <strong>Jean-Claude Juncker<\/strong>, les ONG estimaient que ce poste posait <strong>\u00ab\u00a0un probl\u00e8me fondamental car il est trop d\u00e9pendant d\u2019une seule et m\u00eame personne\u00a0\u00bb<\/strong>. Or, ajoutaient-elles, <strong>\u00ab\u00a0les lobbyistes de l\u2019industrie ont compris depuis longtemps que plus l\u2019avis scientifique est concentr\u00e9 dans les mains d\u2019une seule personne et plus il est facile de le contr\u00f4ler\u00a0\u00bb<\/strong>.<\/span><\/p>\n<p><span style=\"color: #000000;\">Entre <strong>M<sup>me<\/sup> Glover<\/strong> et les associations environnementales, les sujets de contentieux ne manquent pas. <strong>La scientifique \u00e9cossaise avait qualifi\u00e9 le refus des cultures g\u00e9n\u00e9tiquement modifi\u00e9es (OGM) de \u00ab\u00a0sorte de folie\u00a0\u00bb.<\/strong> Elle avait \u00e9galement d\u00e9clar\u00e9 en avril\u00a02013, \u00e0 propos du <strong>gaz de schiste, qu\u2019il ne faudrait pas que l\u2019Europe, en refusant son exploitation, entre \u00ab\u00a0dans une phase de d\u00e9ni\u00a0\u00bb.<\/strong> Une position en contradiction avec la r\u00e9serve exprim\u00e9e sur le sujet par <strong>Connie Hedegaard<\/strong>, alors commissaire \u00e0 l\u2019action climatique.<\/span><\/p>\n<address><span style=\"color: #000000;\">Source : Lemonde.fr &#8211;\u00a0<time datetime=\"2014-11-17T10:57:46+01:00\">11.2014\u00a0<\/time><\/span><\/address>\n<address><span style=\"color: #000000;\">Cr\u00e9dit photo :\u00a0Par ESO (http:\/\/www.eso.org\/public\/images\/ann13029a\/) [CC-BY-4.0 (http:\/\/creativecommons.org\/licenses\/by\/4.0)], via Wikimedia Commons<\/span><\/address>\n<p id=\"articleBody\" class=\"contenu_article js_article_body\"><span style=\"color: #000000;\">\u00a0<\/span><\/p>\n<\/div>\n","protected":false},"excerpt":{"rendered":"<p>L\u2019affaire est pass\u00e9e un peu inaper\u00e7ue, noy\u00e9e dans les suites du LuxLeaks et les r\u00e9v\u00e9lations sur les privil\u00e8ges fiscaux exorbitants octroy\u00e9s par le grand-duch\u00e9 de Luxembourg aux multinationales. L\u2019\u00e9viction d\u2019Anne Glover, 57 ans, biologiste mol\u00e9culaire et conseill\u00e8re scientifique en chef &hellip; <a href=\"https:\/\/claire-jannot.com\/?p=5753\">Continuer la lecture <span class=\"meta-nav\">&rarr;<\/span><\/a><\/p>\n","protected":false},"author":1,"featured_media":0,"comment_status":"open","ping_status":"open","sticky":false,"template":"","format":"standard","meta":{"jetpack_post_was_ever_published":false,"_jetpack_newsletter_access":"","_jetpack_dont_email_post_to_subs":false,"_jetpack_newsletter_tier_id":0,"_jetpack_memberships_contains_paywalled_content":false,"_jetpack_memberships_contains_paid_content":false,"footnotes":"","jetpack_publicize_message":"","jetpack_publicize_feature_enabled":true,"jetpack_social_post_already_shared":true,"jetpack_social_options":{"image_generator_settings":{"template":"highway","default_image_id":0,"font":"","enabled":false},"version":2}},"categories":[2,47],"tags":[4,5,11],"class_list":["post-5753","post","type-post","status-publish","format-standard","hentry","category-ecologie","category-societe","tag-ecologie2","tag-environnement","tag-societe-2"],"jetpack_publicize_connections":[],"jetpack_featured_media_url":"","jetpack_sharing_enabled":true,"jetpack_shortlink":"https:\/\/wp.me\/p5jjt5-1uN","_links":{"self":[{"href":"https:\/\/claire-jannot.com\/index.php?rest_route=\/wp\/v2\/posts\/5753","targetHints":{"allow":["GET"]}}],"collection":[{"href":"https:\/\/claire-jannot.com\/index.php?rest_route=\/wp\/v2\/posts"}],"about":[{"href":"https:\/\/claire-jannot.com\/index.php?rest_route=\/wp\/v2\/types\/post"}],"author":[{"embeddable":true,"href":"https:\/\/claire-jannot.com\/index.php?rest_route=\/wp\/v2\/users\/1"}],"replies":[{"embeddable":true,"href":"https:\/\/claire-jannot.com\/index.php?rest_route=%2Fwp%2Fv2%2Fcomments&post=5753"}],"version-history":[{"count":2,"href":"https:\/\/claire-jannot.com\/index.php?rest_route=\/wp\/v2\/posts\/5753\/revisions"}],"predecessor-version":[{"id":5756,"href":"https:\/\/claire-jannot.com\/index.php?rest_route=\/wp\/v2\/posts\/5753\/revisions\/5756"}],"wp:attachment":[{"href":"https:\/\/claire-jannot.com\/index.php?rest_route=%2Fwp%2Fv2%2Fmedia&parent=5753"}],"wp:term":[{"taxonomy":"category","embeddable":true,"href":"https:\/\/claire-jannot.com\/index.php?rest_route=%2Fwp%2Fv2%2Fcategories&post=5753"},{"taxonomy":"post_tag","embeddable":true,"href":"https:\/\/claire-jannot.com\/index.php?rest_route=%2Fwp%2Fv2%2Ftags&post=5753"}],"curies":[{"name":"wp","href":"https:\/\/api.w.org\/{rel}","templated":true}]}}