{"id":5757,"date":"2014-11-29T16:36:03","date_gmt":"2014-11-29T15:36:03","guid":{"rendered":"http:\/\/www.grandesterresbio.com\/?p=5757"},"modified":"2015-01-06T21:05:49","modified_gmt":"2015-01-06T20:05:49","slug":"niveau-des-nappes-phreatiques-en-france","status":"publish","type":"post","link":"https:\/\/claire-jannot.com\/?p=5757","title":{"rendered":"Le niveau des nappes phr\u00e9atiques en France"},"content":{"rendered":"<h2 class=\"entry-title\"><span style=\"color: #000000;\">On ne manquera pas d\u2019eau en France. Les nappes phr\u00e9atiques ont \u00e9t\u00e9 en grande partie recharg\u00e9es \u00e0 la fin du mois d\u2019octobre dernier, suite aux fortes pr\u00e9cipitations qui ont touch\u00e9 la France.<\/span><\/h2>\n<p>&nbsp;<\/p>\n<p><span style=\"color: #000000;\"><a href=\"https:\/\/i0.wp.com\/www.grandesterresbio.com\/wp-content\/uploads\/2014\/11\/22_Regen_ubt.jpeg\"><img data-recalc-dims=\"1\" loading=\"lazy\" decoding=\"async\" class=\"alignleft wp-image-5758 \" src=\"https:\/\/i0.wp.com\/www.grandesterresbio.com\/wp-content\/uploads\/2014\/11\/22_Regen_ubt.jpeg?resize=411%2C308\" alt=\"pluie-grandesterresbio.com\" width=\"411\" height=\"308\" srcset=\"https:\/\/i0.wp.com\/claire-jannot.com\/wp-content\/uploads\/2014\/11\/22_Regen_ubt.jpeg?w=1024&amp;ssl=1 1024w, https:\/\/i0.wp.com\/claire-jannot.com\/wp-content\/uploads\/2014\/11\/22_Regen_ubt.jpeg?resize=300%2C225&amp;ssl=1 300w\" sizes=\"auto, (max-width: 411px) 100vw, 411px\" \/><\/a><strong>Un niveau sup\u00e9rieur \u00e0 la normale<\/strong> :\u00a0De l\u2019eau ! Cette exclamation ne provient pas d\u2019un pays sec, en manque de ce fameux or bleu, mais de la France. <strong>La situation des nappes phr\u00e9atiques fran\u00e7aise est loin d\u2019\u00eatre mauvaise. Mieux, elles sont pleines.<\/strong> Et cela depuis la <strong>fin du mois d\u2019octobre dernier<\/strong>, comme le rappelle le <strong>Bureau de recherches g\u00e9ologiques et mini\u00e8res (BRGM)<\/strong>. Dans son bilan mensuel, ce bureau pr\u00e9cise que ces nappes affichent <strong>\u00ab\u00a0un niveau normal \u00e0 sup\u00e9rieur \u00e0 la normale\u00a0\u00bb, soit 83 %.<\/strong><\/span><\/p>\n<p><span style=\"color: #000000;\">Des conditions favorables pour aborder l\u2019hiver :\u00a0\u00ab\u00a0On se situe ainsi, globalement, dans des conditions normales, voire <strong>favorables<\/strong>, pour aborder la p\u00e9riode de recharge hivernale, <strong>sauf pour la Corse et pour quelques aquif\u00e8res au bassin Adour-Garonne<\/strong> pour lesquels la situation est encore d\u00e9licate\u00a0\u00bb pr\u00e9cise le bureau. Dans le d\u00e9tail, les niveaux des nappes phr\u00e9atiques sont en hausse pour 30 % de certaines nappes, en baisse pour 38 %\u00a0 et stables pour 32 % fin octobre.<\/span><\/p>\n<p><span style=\"color: #000000;\">2014, l\u2019une des ann\u00e9es les plus chaudes pour la France :\u00a0G\u00e9ographiquement, <strong>la pluviom\u00e9trie a \u00e9t\u00e9 plus importante que la normale<\/strong> dans le Poitou jusqu\u2019au Centre, dans le nord du Massif central jusqu\u2019\u00e0 la Champagne-Ardenne et la Meuse, et du nord de l\u2019H\u00e9rault jusqu\u2019au sud du Rh\u00f4ne. Ind\u00e9pendamment de cela, il faut noter que <strong>l\u2019ann\u00e9e 2014 a \u00e9t\u00e9 l\u2019une des ann\u00e9es les plus chaudes qu\u2019a connues la France.<\/strong><\/span><\/p>\n<address><span style=\"color: #000000;\">Source : greenetvert &#8211;\u00a0<time datetime=\"2014-11-28\">28.11.2014<\/time>\u00a0<\/span><\/address>\n<address><span style=\"color: #000000;\">Cr\u00e9dit photo :\u00a0Tomasz Sienicki [GFDL (http:\/\/www.gnu.org\/copyleft\/fdl.html) or CC-BY-3.0 (http:\/\/creativecommons.org\/licenses\/by\/3.0)], via Wikimedia Commons<\/span><\/address>\n<address>\u00a0<\/address>\n<address>\u00a0<\/address>\n<address>\u00a0<\/address>\n<address>\u00a0<\/address>\n<address>\u00a0<\/address>\n<address>\u00a0<\/address>\n","protected":false},"excerpt":{"rendered":"<p>On ne manquera pas d\u2019eau en France. Les nappes phr\u00e9atiques ont \u00e9t\u00e9 en grande partie recharg\u00e9es \u00e0 la fin du mois d\u2019octobre dernier, suite aux fortes pr\u00e9cipitations qui ont touch\u00e9 la France. &nbsp; Un niveau sup\u00e9rieur \u00e0 la normale :\u00a0De &hellip; <a href=\"https:\/\/claire-jannot.com\/?p=5757\">Continuer la lecture <span class=\"meta-nav\">&rarr;<\/span><\/a><\/p>\n","protected":false},"author":1,"featured_media":0,"comment_status":"open","ping_status":"open","sticky":false,"template":"","format":"standard","meta":{"jetpack_post_was_ever_published":false,"_jetpack_newsletter_access":"","_jetpack_dont_email_post_to_subs":false,"_jetpack_newsletter_tier_id":0,"_jetpack_memberships_contains_paywalled_content":false,"_jetpack_memberships_contains_paid_content":false,"footnotes":"","jetpack_publicize_message":"","jetpack_publicize_feature_enabled":true,"jetpack_social_post_already_shared":true,"jetpack_social_options":{"image_generator_settings":{"template":"highway","default_image_id":0,"font":"","enabled":false},"version":2}},"categories":[2],"tags":[51,39,4,5],"class_list":["post-5757","post","type-post","status-publish","format-standard","hentry","category-ecologie","tag-climat","tag-eau","tag-ecologie2","tag-environnement"],"jetpack_publicize_connections":[],"jetpack_featured_media_url":"","jetpack_sharing_enabled":true,"jetpack_shortlink":"https:\/\/wp.me\/p5jjt5-1uR","_links":{"self":[{"href":"https:\/\/claire-jannot.com\/index.php?rest_route=\/wp\/v2\/posts\/5757","targetHints":{"allow":["GET"]}}],"collection":[{"href":"https:\/\/claire-jannot.com\/index.php?rest_route=\/wp\/v2\/posts"}],"about":[{"href":"https:\/\/claire-jannot.com\/index.php?rest_route=\/wp\/v2\/types\/post"}],"author":[{"embeddable":true,"href":"https:\/\/claire-jannot.com\/index.php?rest_route=\/wp\/v2\/users\/1"}],"replies":[{"embeddable":true,"href":"https:\/\/claire-jannot.com\/index.php?rest_route=%2Fwp%2Fv2%2Fcomments&post=5757"}],"version-history":[{"count":3,"href":"https:\/\/claire-jannot.com\/index.php?rest_route=\/wp\/v2\/posts\/5757\/revisions"}],"predecessor-version":[{"id":5772,"href":"https:\/\/claire-jannot.com\/index.php?rest_route=\/wp\/v2\/posts\/5757\/revisions\/5772"}],"wp:attachment":[{"href":"https:\/\/claire-jannot.com\/index.php?rest_route=%2Fwp%2Fv2%2Fmedia&parent=5757"}],"wp:term":[{"taxonomy":"category","embeddable":true,"href":"https:\/\/claire-jannot.com\/index.php?rest_route=%2Fwp%2Fv2%2Fcategories&post=5757"},{"taxonomy":"post_tag","embeddable":true,"href":"https:\/\/claire-jannot.com\/index.php?rest_route=%2Fwp%2Fv2%2Ftags&post=5757"}],"curies":[{"name":"wp","href":"https:\/\/api.w.org\/{rel}","templated":true}]}}