{"id":5775,"date":"2014-12-01T16:50:48","date_gmt":"2014-12-01T15:50:48","guid":{"rendered":"http:\/\/www.grandesterresbio.com\/?p=5775"},"modified":"2014-12-01T16:50:48","modified_gmt":"2014-12-01T15:50:48","slug":"le-foll-au-secours-du-miel-francais","status":"publish","type":"post","link":"https:\/\/claire-jannot.com\/?p=5775","title":{"rendered":"Le Foll au secours du miel fran\u00e7ais !"},"content":{"rendered":"<h2><span style=\"color: #000000;\">Le ministre de l&rsquo;Agriculture St\u00e9phane Le Foll a annonc\u00e9 samedi sa volont\u00e9 de promouvoir un \u00ab\u00a0miel de France\u00a0\u00bb, lors d&rsquo;une visite dans son d\u00e9partement de la Sarthe.<\/span><\/h2>\n<p><span style=\"color: #000000;\"><a href=\"https:\/\/i0.wp.com\/www.grandesterresbio.com\/wp-content\/uploads\/2014\/12\/Honey_comb.jpg\"><img data-recalc-dims=\"1\" loading=\"lazy\" decoding=\"async\" class=\"alignleft wp-image-5776 \" src=\"https:\/\/i0.wp.com\/www.grandesterresbio.com\/wp-content\/uploads\/2014\/12\/Honey_comb.jpg?resize=357%2C232\" alt=\"miel-www.grandesterresbio.com\" width=\"357\" height=\"232\" srcset=\"https:\/\/i0.wp.com\/claire-jannot.com\/wp-content\/uploads\/2014\/12\/Honey_comb.jpg?w=673&amp;ssl=1 673w, https:\/\/i0.wp.com\/claire-jannot.com\/wp-content\/uploads\/2014\/12\/Honey_comb.jpg?resize=300%2C194&amp;ssl=1 300w\" sizes=\"auto, (max-width: 357px) 100vw, 357px\" \/><\/a>\u00ab\u00a0Aujourd&rsquo;hui, <strong>rien ne permet de savoir d&rsquo;o\u00f9 vient le miel<\/strong>. J&rsquo;aimerais bien un <strong>beau miel de France<\/strong>\u00ab\u00a0, a d\u00e9clar\u00e9 le ministre qui a rencontr\u00e9 des apiculteurs, pour la premi\u00e8re fois depuis un an, lors de l&rsquo;assembl\u00e9e g\u00e9n\u00e9rale de l&rsquo;<strong>Union syndicale agricole sarthoise<\/strong>, au lyc\u00e9e agricole de Rouillon, pr\u00e8s du Mans, o\u00f9 lui-m\u00eame a \u00e9t\u00e9 surveillant \u00e0 une \u00e9poque.<\/span><\/p>\n<p><span style=\"color: #000000;\">\u00ab\u00a0Je veux avancer\u00a0\u00bb sur ce dossier \u00ab\u00a0car je ne peux pas accepter que la production (de miel) continue de baisser\u00a0\u00bb, a dit <strong>M. Le Foll<\/strong>, selon lequel <strong>la France produit entre \u00ab\u00a016.000 et 18.000 tonnes de miel\u00a0\u00bb quand la demande nationale est sup\u00e9rieure \u00e0 \u00ab\u00a040.000 tonnes\u00a0\u00bb.<\/strong><\/span><\/p>\n<p><span style=\"color: #000000;\">Le consommateur est fr\u00e9quemment confront\u00e9 \u00e0 du miel mis en pot en France mais provenant d&rsquo;autres pays, y compris de Chine, sans qu&rsquo;il ne s&rsquo;en rende n\u00e9cessairement compte.<\/span><br \/>\n<span style=\"color: #000000;\">Les apiculteurs voient leur activit\u00e9 menac\u00e9e par une <strong>surmortalit\u00e9 des abeilles<\/strong> qui a notamment pour cause la prolif\u00e9ration du <strong>frelon asiatique<\/strong>, dont St\u00e9phane Le Foll a \u00e9galement annonc\u00e9 sa volont\u00e9 de le faire passer en nuisible de cat\u00e9gorie 1 -il est actuellement classifi\u00e9 en cat\u00e9gorie 2- afin de pouvoir lutter plus efficacement contre cet insecte.\u00a0<\/span><\/p>\n<address><span style=\"color: #000000;\">Source : LE MANS,\u00a029 nov 2014 (AFP)<\/span><\/address>\n<address><span style=\"color: #000000;\">Cr\u00e9dit photo :\u00a0By Merdal at tr.wikipedia [GFDL (http:\/\/www.gnu.org\/copyleft\/fdl.html), CC-BY-SA-3.0 (http:\/\/creativecommons.org\/licenses\/by-sa\/3.0\/) or CC-BY-SA-2.5-2.0-1.0 (http:\/\/creativecommons.org\/licenses\/by-sa\/2.5-2.0-1.0)], from Wikimedia Commons<\/span><\/address>\n<address>\u00a0<\/address>\n<address>\u00a0<\/address>\n<address>\u00a0<\/address>\n<address>\u00a0<\/address>\n<address>\u00a0<\/address>\n<address>\u00a0<\/address>\n","protected":false},"excerpt":{"rendered":"<p>Le ministre de l&rsquo;Agriculture St\u00e9phane Le Foll a annonc\u00e9 samedi sa volont\u00e9 de promouvoir un \u00ab\u00a0miel de France\u00a0\u00bb, lors d&rsquo;une visite dans son d\u00e9partement de la Sarthe. \u00ab\u00a0Aujourd&rsquo;hui, rien ne permet de savoir d&rsquo;o\u00f9 vient le miel. J&rsquo;aimerais bien un &hellip; <a href=\"https:\/\/claire-jannot.com\/?p=5775\">Continuer la lecture <span class=\"meta-nav\">&rarr;<\/span><\/a><\/p>\n","protected":false},"author":1,"featured_media":0,"comment_status":"open","ping_status":"open","sticky":false,"template":"","format":"standard","meta":{"jetpack_post_was_ever_published":false,"_jetpack_newsletter_access":"","_jetpack_dont_email_post_to_subs":false,"_jetpack_newsletter_tier_id":0,"_jetpack_memberships_contains_paywalled_content":false,"_jetpack_memberships_contains_paid_content":false,"footnotes":"","jetpack_publicize_message":"","jetpack_publicize_feature_enabled":true,"jetpack_social_post_already_shared":true,"jetpack_social_options":{"image_generator_settings":{"template":"highway","default_image_id":0,"font":"","enabled":false},"version":2}},"categories":[2,49],"tags":[3,4,5,48],"class_list":["post-5775","post","type-post","status-publish","format-standard","hentry","category-ecologie","category-vie-animale-2","tag-consommation","tag-ecologie2","tag-environnement","tag-vie-animale"],"jetpack_publicize_connections":[],"jetpack_featured_media_url":"","jetpack_sharing_enabled":true,"jetpack_shortlink":"https:\/\/wp.me\/p5jjt5-1v9","_links":{"self":[{"href":"https:\/\/claire-jannot.com\/index.php?rest_route=\/wp\/v2\/posts\/5775","targetHints":{"allow":["GET"]}}],"collection":[{"href":"https:\/\/claire-jannot.com\/index.php?rest_route=\/wp\/v2\/posts"}],"about":[{"href":"https:\/\/claire-jannot.com\/index.php?rest_route=\/wp\/v2\/types\/post"}],"author":[{"embeddable":true,"href":"https:\/\/claire-jannot.com\/index.php?rest_route=\/wp\/v2\/users\/1"}],"replies":[{"embeddable":true,"href":"https:\/\/claire-jannot.com\/index.php?rest_route=%2Fwp%2Fv2%2Fcomments&post=5775"}],"version-history":[{"count":1,"href":"https:\/\/claire-jannot.com\/index.php?rest_route=\/wp\/v2\/posts\/5775\/revisions"}],"predecessor-version":[{"id":5777,"href":"https:\/\/claire-jannot.com\/index.php?rest_route=\/wp\/v2\/posts\/5775\/revisions\/5777"}],"wp:attachment":[{"href":"https:\/\/claire-jannot.com\/index.php?rest_route=%2Fwp%2Fv2%2Fmedia&parent=5775"}],"wp:term":[{"taxonomy":"category","embeddable":true,"href":"https:\/\/claire-jannot.com\/index.php?rest_route=%2Fwp%2Fv2%2Fcategories&post=5775"},{"taxonomy":"post_tag","embeddable":true,"href":"https:\/\/claire-jannot.com\/index.php?rest_route=%2Fwp%2Fv2%2Ftags&post=5775"}],"curies":[{"name":"wp","href":"https:\/\/api.w.org\/{rel}","templated":true}]}}