{"id":5779,"date":"2014-12-01T16:47:13","date_gmt":"2014-12-01T15:47:13","guid":{"rendered":"http:\/\/www.grandesterresbio.com\/?p=5779"},"modified":"2014-12-01T16:58:33","modified_gmt":"2014-12-01T15:58:33","slug":"5779","status":"publish","type":"post","link":"https:\/\/claire-jannot.com\/?p=5779","title":{"rendered":"\u00ab\u00a0L&rsquo;arbre \u00e0 vent\u00a0\u00bb, une \u00e9olienne pour la ville"},"content":{"rendered":"<h2><span style=\"color: #000000;\">Un arbre stylis\u00e9 au tronc d&rsquo;acier, \u00e9quip\u00e9 d&rsquo;une centaine de feuilles en plastique vert fonctionnant comme autant de mini-\u00e9oliennes silencieuses: \u00ab\u00a0l&rsquo;Arbre \u00e0 vent\u00a0\u00bb, mis au point par la soci\u00e9t\u00e9 NewWind, fait le pari d&rsquo;int\u00e9grer le petit \u00e9olien dans les villes, malgr\u00e9 sa production modeste.<\/span><\/h2>\n<p><span style=\"color: #000000;\"><a href=\"https:\/\/i0.wp.com\/www.grandesterresbio.com\/wp-content\/uploads\/2014\/12\/arbre_%C3%A0_vent.jpg\"><img data-recalc-dims=\"1\" loading=\"lazy\" decoding=\"async\" class=\"alignleft wp-image-5783 \" src=\"https:\/\/i0.wp.com\/www.grandesterresbio.com\/wp-content\/uploads\/2014\/12\/arbre_%C3%A0_vent.jpg?resize=326%2C244\" alt=\"arbre_\u00e0_vent-www.grandesterresbio.com\" width=\"326\" height=\"244\" srcset=\"https:\/\/i0.wp.com\/claire-jannot.com\/wp-content\/uploads\/2014\/12\/arbre_%C3%A0_vent.jpg?w=1024&amp;ssl=1 1024w, https:\/\/i0.wp.com\/claire-jannot.com\/wp-content\/uploads\/2014\/12\/arbre_%C3%A0_vent.jpg?resize=300%2C225&amp;ssl=1 300w\" sizes=\"auto, (max-width: 326px) 100vw, 326px\" \/><\/a>\u00ab\u00a0L&rsquo;id\u00e9e m&rsquo;est venue dans un square o\u00f9 je voyais les feuilles des arbres fr\u00e9mir alors qu&rsquo;il n&rsquo;y avait pas un souffle d&rsquo;air\u00a0\u00bb, une \u00e9nergie qui \u00ab\u00a0devait bien venir de quelque part et \u00eatre traduisible en watts\u00a0\u00bb, explique <strong>J\u00e9r\u00f4me Michaud-Larivi\u00e8re, le fondateur de la start-up parisienne qui commercialisera l&rsquo;Arbre \u00e0 vent en 2015.<\/strong><\/span><\/p>\n<p><span style=\"color: #000000;\">Apr\u00e8s trois ann\u00e9es de recherches, l&rsquo;\u00e9quipe d&rsquo;ing\u00e9nieurs r\u00e9unie autour de cet ancien sc\u00e9nariste a mis au point un <strong>prototype, haut de huit m\u00e8tres, install\u00e9 \u00e0 la Cit\u00e9 des t\u00e9l\u00e9coms de Pleumeur-Bodou (C\u00f4tes d&rsquo;Armor)<\/strong> o\u00f9 il pique la curiosit\u00e9 des visiteurs.<\/span><\/p>\n<p><span style=\"color: #000000;\">\u00ab\u00a0Plant\u00e9\u00a0\u00bb pr\u00e8s d&rsquo;une \u00e9olienne domestique, cet arbre au look \u00e9l\u00e9gant s&rsquo;en distingue aussi par son fonctionnement <strong>totalement silencieux: ses pales, log\u00e9es dans les feuilles, tournent dans le sens du vent &#8211; quelle que soit sa direction &#8211; \u00e9vitant tout effet de \u00ab\u00a0cisaillement\u00a0\u00bb.<\/strong><\/span><\/p>\n<p><span style=\"color: #000000;\">Les mini-turbines \u00e0 g\u00e9n\u00e9rateur int\u00e9gr\u00e9, dispos\u00e9es en quinconce pour capter le moindre flux d&rsquo;air, tournent d\u00e8s que le vent atteint <strong>2 m\u00e8tres\/seconde contre 4 m\u00e8tres\/seconde pour des \u00e9oliennes classiques<\/strong>, augmentant le nombre de jours o\u00f9 l&rsquo;arbre &#8211; d&rsquo;une puissance \u00e9valu\u00e9e entre 2,5 et 3,5 kWh &#8211; peut produire de l&rsquo;\u00e9lectricit\u00e9, argumente <strong>J\u00e9r\u00f4me Michaud-Larivi\u00e8re.<\/strong><\/span><\/p>\n<p><span style=\"color: #000000;\">Selon lui, cette \u00e9olienne &#8211; qui n&rsquo;a pas encore \u00e9t\u00e9 test\u00e9e par un laboratoire ind\u00e9pendant &#8211; est <strong>rentable \u00e0 partir de vents soufflant \u00e0 3,5 m\u00e8tres\/seconde en moyenne sur un an.<\/strong><\/span><\/p>\n<p><span style=\"color: #000000;\">But affich\u00e9: exploiter les petits \u00ab\u00a0gisements\u00a0\u00bb r\u00e9put\u00e9s difficiles, ces courants d&rsquo;air qui circulent en ville le long des immeubles et des rues afin d&rsquo;alimenter, par exemple, <strong>une vingtaine de r\u00e9verb\u00e8res \u00e0 leds, une borne de recharge de voitures ou un foyer bien isol\u00e9 de quatre personnes.<\/strong><\/span><\/p>\n<p><span style=\"color: #000000;\">Certes, \u00ab\u00a0il y a plus de vents constants \u00e0 50 m\u00e8tres d&rsquo;altitude mais \u00e7a donne des machines monstrueuses\u00a0\u00bb, \u00e9loign\u00e9es des centres de consommation, souligne J\u00e9r\u00f4me Michaud-Larivi\u00e8re.<\/span><\/p>\n<p><span style=\"color: #000000;\">La puissance moyenne des \u00e9oliennes install\u00e9es en 2013 \u00e9tait de 2,3 MW, selon le Syndicat des \u00e9nergies renouvelables.<\/span><\/p>\n<p><span style=\"color: #000000;\"><strong>\u00ab\u00a0En se rapprochant de l&rsquo;usager, on n&rsquo;a pas de perte en ligne\u00a0\u00bb<\/strong>, fait valoir M. Michaud-Larivi\u00e8re. Combin\u00e9 \u00e0 d&rsquo;autres moyens de production d&rsquo;\u00e9nergie comme le photovolta\u00efque, la g\u00e9othermie, \u00e0 une bonne isolation des b\u00e2timents et une consommation \u00ab\u00a0responsable\u00a0\u00bb des usagers, \u00ab\u00a0la solution est pertinente\u00a0\u00bb, assure-t-il.<\/span><\/p>\n<p><span style=\"color: #000000;\">Un avis qui laisse sceptique l&rsquo;<strong>Agence de l&rsquo;environnement et de la ma\u00eetrise de l&rsquo;\u00e9nergie (Ademe)<\/strong>, pour laquelle le potentiel du petit \u00e9olien en ville reste \u00ab\u00a0assez faible\u00a0\u00bb. L&rsquo;Arbre \u00e0 vent exploite \u00ab\u00a0le m\u00eame gisement que celui du petit \u00e9olien urbain classique (&#8230;), un gisement qui n&rsquo;est pas de premi\u00e8re qualit\u00e9\u00a0\u00bb, commente <strong>Robert Bellini, ing\u00e9nieur au service r\u00e9seau et \u00e9nergies renouvelables de l&rsquo;Ademe.<\/strong><\/span><\/p>\n<p><span style=\"color: #000000;\">\u00ab\u00a0L&rsquo;exp\u00e9rience sur le petit \u00e9olien montre qu&rsquo;en g\u00e9n\u00e9ral on a tendance \u00e0 s&rsquo;\u00e9loigner, par le bas, des performances cibles\u00a0\u00bb, ajoute-t-il, fixant le seuil de rentabilit\u00e9 dans ce secteur \u00e0 5 kwh.<\/span><\/p>\n<p><span style=\"color: #000000;\"><strong>Si le co\u00fbt de l&rsquo;Arbre \u00e0 vent (29.500 euros hors taxes) le rend encore largement inaccessible aux particuliers, ces derniers pourront se consoler avec quelques feuilles: \u00ab\u00a0on peut les mettre dans d&rsquo;autres situations que sur l&rsquo;arbre, par exemple sur des toits\u00a0\u00bb, d\u00e9taille J\u00e9r\u00f4me Michaud-Larivi\u00e8re<\/strong>, qui pr\u00e9voit aussi \u00ab\u00a0des kits sur les routes pour r\u00e9cup\u00e9rer l&rsquo;\u00e9nergie des voitures en d\u00e9placement\u00a0\u00bb.<\/span><\/p>\n<p><span style=\"color: #000000;\">Quelques <strong>21 arbres<\/strong> ont \u00e9t\u00e9 pr\u00e9vendus, essentiellement \u00e0 des collectivit\u00e9s locales et de grandes entreprises, et un d\u00e9monstrateur devrait \u00eatre install\u00e9 place de la Concorde, \u00e0 Paris, courant 2015.<\/span><\/p>\n<p><span style=\"color: #000000;\">Et dans les deux prochaines ann\u00e9es, la soci\u00e9t\u00e9 planchera sur un projet \u00ab\u00a0d&rsquo;<strong>arbre id\u00e9al<\/strong>\u00ab\u00a0, dot\u00e9 d&rsquo;un tronc en bois et de feuilles en fibres naturelles. \u00ab\u00a0Avec ses feuilles il r\u00e9cup\u00e9rerait l&rsquo;\u00e9nergie du vent, avec ses racines l&rsquo;\u00e9nergie g\u00e9othermique et avec son \u00e9corce\u00a0\u00bb &#8211; couverte de cellules de Gr\u00e4tzel photosensibles &#8211; \u00ab\u00a0l&rsquo;\u00e9nergie des photons\u00a0\u00bb de la lumi\u00e8re, projette J\u00e9r\u00f4me Michaud-Larivi\u00e8re.<\/span><\/p>\n<address><span style=\"color: #000000;\">Source :\u00a0PLEUMEUR-BODOU (France),\u00a030 nov 2014 (AFP)<\/span><\/address>\n<address><span style=\"color: #000000;\">Cr\u00e9dit photo :\u00a0www.arbre-a-vent.fr<\/span><\/address>\n<address>\u00a0<\/address>\n<address>\u00a0<\/address>\n<address>\u00a0<\/address>\n<address>\u00a0<\/address>\n<address>\u00a0<\/address>\n<address>\u00a0<\/address>\n","protected":false},"excerpt":{"rendered":"<p>Un arbre stylis\u00e9 au tronc d&rsquo;acier, \u00e9quip\u00e9 d&rsquo;une centaine de feuilles en plastique vert fonctionnant comme autant de mini-\u00e9oliennes silencieuses: \u00ab\u00a0l&rsquo;Arbre \u00e0 vent\u00a0\u00bb, mis au point par la soci\u00e9t\u00e9 NewWind, fait le pari d&rsquo;int\u00e9grer le petit \u00e9olien dans les villes, &hellip; <a href=\"https:\/\/claire-jannot.com\/?p=5779\">Continuer la lecture <span class=\"meta-nav\">&rarr;<\/span><\/a><\/p>\n","protected":false},"author":1,"featured_media":0,"comment_status":"open","ping_status":"open","sticky":false,"template":"","format":"standard","meta":{"jetpack_post_was_ever_published":false,"_jetpack_newsletter_access":"","_jetpack_dont_email_post_to_subs":false,"_jetpack_newsletter_tier_id":0,"_jetpack_memberships_contains_paywalled_content":false,"_jetpack_memberships_contains_paid_content":false,"footnotes":"","jetpack_publicize_message":"","jetpack_publicize_feature_enabled":true,"jetpack_social_post_already_shared":true,"jetpack_social_options":{"image_generator_settings":{"template":"highway","default_image_id":0,"font":"","enabled":false},"version":2}},"categories":[2,47],"tags":[26,3,4,44,5,27,11],"class_list":["post-5779","post","type-post","status-publish","format-standard","hentry","category-ecologie","category-societe","tag-architecture","tag-consommation","tag-ecologie2","tag-energie","tag-environnement","tag-insolite","tag-societe-2"],"jetpack_publicize_connections":[],"jetpack_featured_media_url":"","jetpack_sharing_enabled":true,"jetpack_shortlink":"https:\/\/wp.me\/s5jjt5-5779","_links":{"self":[{"href":"https:\/\/claire-jannot.com\/index.php?rest_route=\/wp\/v2\/posts\/5779","targetHints":{"allow":["GET"]}}],"collection":[{"href":"https:\/\/claire-jannot.com\/index.php?rest_route=\/wp\/v2\/posts"}],"about":[{"href":"https:\/\/claire-jannot.com\/index.php?rest_route=\/wp\/v2\/types\/post"}],"author":[{"embeddable":true,"href":"https:\/\/claire-jannot.com\/index.php?rest_route=\/wp\/v2\/users\/1"}],"replies":[{"embeddable":true,"href":"https:\/\/claire-jannot.com\/index.php?rest_route=%2Fwp%2Fv2%2Fcomments&post=5779"}],"version-history":[{"count":3,"href":"https:\/\/claire-jannot.com\/index.php?rest_route=\/wp\/v2\/posts\/5779\/revisions"}],"predecessor-version":[{"id":5784,"href":"https:\/\/claire-jannot.com\/index.php?rest_route=\/wp\/v2\/posts\/5779\/revisions\/5784"}],"wp:attachment":[{"href":"https:\/\/claire-jannot.com\/index.php?rest_route=%2Fwp%2Fv2%2Fmedia&parent=5779"}],"wp:term":[{"taxonomy":"category","embeddable":true,"href":"https:\/\/claire-jannot.com\/index.php?rest_route=%2Fwp%2Fv2%2Fcategories&post=5779"},{"taxonomy":"post_tag","embeddable":true,"href":"https:\/\/claire-jannot.com\/index.php?rest_route=%2Fwp%2Fv2%2Ftags&post=5779"}],"curies":[{"name":"wp","href":"https:\/\/api.w.org\/{rel}","templated":true}]}}