{"id":5786,"date":"2014-12-07T16:20:18","date_gmt":"2014-12-07T15:20:18","guid":{"rendered":"http:\/\/www.grandesterresbio.com\/?p=5786"},"modified":"2014-12-07T16:20:18","modified_gmt":"2014-12-07T15:20:18","slug":"ogm-lunion-europeenne-ouvre-la-porte","status":"publish","type":"post","link":"https:\/\/claire-jannot.com\/?p=5786","title":{"rendered":"OGM : L&rsquo;Union Europ\u00e9enne ouvre la porte"},"content":{"rendered":"<h2><span style=\"color: #000000;\">L&rsquo;Union europ\u00e9enne a ouvert la porte \u00e0 la culture des organismes g\u00e9n\u00e9tiquement modifi\u00e9s (OGM), mais aucune autorisation ne sera donn\u00e9e avant 2015 et les \u00c9tats pourront interdire les semences sur tout ou partie de leur territoire, a annonc\u00e9 jeudi la Commission europ\u00e9enne.<\/span><\/h2>\n<p><span style=\"color: #000000;\"><a href=\"https:\/\/i0.wp.com\/www.grandesterresbio.com\/wp-content\/uploads\/2014\/12\/800px-Green_and_GMO.jpg\"><img data-recalc-dims=\"1\" loading=\"lazy\" decoding=\"async\" class=\"alignleft wp-image-5787 \" src=\"https:\/\/i0.wp.com\/www.grandesterresbio.com\/wp-content\/uploads\/2014\/12\/800px-Green_and_GMO.jpg?resize=414%2C275\" alt=\"ogm-grandesterresbio.com\" width=\"414\" height=\"275\" srcset=\"https:\/\/i0.wp.com\/claire-jannot.com\/wp-content\/uploads\/2014\/12\/800px-Green_and_GMO.jpg?w=800&amp;ssl=1 800w, https:\/\/i0.wp.com\/claire-jannot.com\/wp-content\/uploads\/2014\/12\/800px-Green_and_GMO.jpg?resize=300%2C199&amp;ssl=1 300w\" sizes=\"auto, (max-width: 414px) 100vw, 414px\" \/><\/a>Un <strong>\u00ab\u00a0accord de principe\u00a0\u00bb<\/strong> a \u00e9t\u00e9 trouv\u00e9 dans la nuit entre la pr\u00e9sidence italienne de l&rsquo;UE et le Parlement sur les r\u00e8gles r\u00e9gissant les autorisations de mise en culture. Il doit encore \u00eatre formellement approuv\u00e9 par les \u00c9tats et par un vote du Parlement europ\u00e9en en pl\u00e9ni\u00e8re.<\/span><br \/>\n<span style=\"color: #000000;\">La d\u00e9cision \u00e9tait attendue par les grands groupes du secteur. <strong>Quatre ma\u00efs OGM, dont les embl\u00e9matiques MON810 de Monsanto et TC1507 du groupe Pioneer, ont re\u00e7u un avis favorable de l&rsquo;EFSA<\/strong>, l&rsquo;autorit\u00e9 pour la s\u00e9curit\u00e9 alimentaire, et attendent la publication de l&rsquo;autorisation de culture. Quatre autres sont en attente, pr\u00e9cise-t-on \u00e0 la Commission.<\/span><br \/>\n<span style=\"color: #000000;\">\u00ab\u00a0La d\u00e9livrance des autorisation ne se fera pas demain ni apr\u00e8s-demain. Il faut attendre la mise en application de la nouvelle r\u00e9glementation\u00a0\u00bb, a expliqu\u00e9<strong> le porte-parole \u00e0 la Sant\u00e9 Enrico Brivio.<\/strong><\/span><br \/>\n<span style=\"color: #000000;\">Si rien ne vient entraver le processus, l&rsquo;accord de principe trouv\u00e9 jeudi doit \u00eatre avalis\u00e9 par la Commission Environnement du Parlement europ\u00e9en le 15 d\u00e9cembre, puis par le conseil des ministres de l&rsquo;Environnement de L&rsquo;UE le 17 d\u00e9cembre afin de pouvoir \u00eatre soumis au vote du Parlement europ\u00e9en lors de la session pl\u00e9ni\u00e8re de janvier 2015, a-t-on expliqu\u00e9. <strong>Les \u00c9tats auront alors un mois pour le valider formellement.<\/strong> <\/span><br \/>\n<span style=\"color: #000000;\"><strong>\u00ab\u00a0Rien ne se passera avant mars-avril, trop tard pour les semailles, ce qui renvoie les premi\u00e8res mises en culture \u00e0 2016\u00a0\u00bb<\/strong>, a-t-on soulign\u00e9 de source europ\u00e9enne.<\/span><br \/>\n<span style=\"color: #000000;\">Les premi\u00e8res cultures devraient concerner un petit nombre de pays. <strong>Le MON810, seul OGM actuellement autoris\u00e9 dans l&rsquo;UE, est cultiv\u00e9 dans trois \u00c9tats: 110.000 hectares en Espagne, 9.000 au Portugal et 3.000 en R\u00e9publique tch\u00e8que.<\/strong><\/span><br \/>\n<span style=\"color: #000000;\">Dix-neuf \u00c9tats se sont par ailleurs oppos\u00e9s \u00e0 la demande de culture du TC1507.<\/span><br \/>\n<span style=\"color: #000000;\">Les \u00c9tats r\u00e9tifs aux OGM pourront invoquer des raisons socio-\u00e9conomiques, environnementales ou li\u00e9es \u00e0 l&rsquo;utilisation des terres agricoles, a-t-on pr\u00e9cis\u00e9. La liste de ces motifs figurera dans l&rsquo;accord final.<\/span><br \/>\n<span style=\"color: #000000;\">Mais cette <strong>renationalisation des autorisations de culture risque d&rsquo;\u00eatre un cheval de Troie pour les OGM<\/strong> au sein de l&rsquo;UE, a d\u00e9plor\u00e9 l&rsquo;<strong>eurod\u00e9put\u00e9 vert belge Bart Staes.<\/strong> <\/span><br \/>\n<span style=\"color: #000000;\">\u00ab\u00a0Il s&rsquo;agit d&rsquo;une victoire \u00e0 la Pyrrhus\u00a0\u00bb, a estim\u00e9 l&rsquo;\u00e9lu vert fran\u00e7ais <strong>Jos\u00e9 Bov\u00e9<\/strong>. <strong>\u00ab\u00a0Cette \u00e9volution sur le court terme permettra \u00e0 des multinationales comme Monsanto d&rsquo;utiliser les faiblesses juridiques et d&rsquo;attaquer les interdictions nationales devant l&rsquo;OMC, voire devant des tribunaux arbitraux si les accords bilat\u00e9raux de libre-\u00e9change comme le TTIP \u00e9taient finalis\u00e9s\u00a0\u00bb, a-t-il soutenu.<\/strong><\/span><\/p>\n<address><span style=\"color: #000000;\">Source : BRUXELLES, 4 d\u00e9c 2014 (AFP)<\/span><\/address>\n<address><span style=\"color: #000000;\">Cr\u00e9dit photo :\u00a0By Staff Beebees (Own work) [CC0], via Wikimedia Commons<\/span><\/address>\n<address>\u00a0<\/address>\n<address>\u00a0<\/address>\n<address>\u00a0<\/address>\n<address>\u00a0<\/address>\n<address>\u00a0<\/address>\n<address>\u00a0<\/address>\n<address>\u00a0<\/address>\n<address>\u00a0<\/address>\n<address>\u00a0<\/address>\n","protected":false},"excerpt":{"rendered":"<p>L&rsquo;Union europ\u00e9enne a ouvert la porte \u00e0 la culture des organismes g\u00e9n\u00e9tiquement modifi\u00e9s (OGM), mais aucune autorisation ne sera donn\u00e9e avant 2015 et les \u00c9tats pourront interdire les semences sur tout ou partie de leur territoire, a annonc\u00e9 jeudi la &hellip; <a href=\"https:\/\/claire-jannot.com\/?p=5786\">Continuer la lecture <span class=\"meta-nav\">&rarr;<\/span><\/a><\/p>\n","protected":false},"author":1,"featured_media":0,"comment_status":"open","ping_status":"open","sticky":false,"template":"","format":"standard","meta":{"jetpack_post_was_ever_published":false,"_jetpack_newsletter_access":"","_jetpack_dont_email_post_to_subs":false,"_jetpack_newsletter_tier_id":0,"_jetpack_memberships_contains_paywalled_content":false,"_jetpack_memberships_contains_paid_content":false,"footnotes":"","jetpack_publicize_message":"","jetpack_publicize_feature_enabled":true,"jetpack_social_post_already_shared":true,"jetpack_social_options":{"image_generator_settings":{"template":"highway","default_image_id":0,"font":"","enabled":false},"version":2}},"categories":[1,47],"tags":[42,22,3,4,9,10,11],"class_list":["post-5786","post","type-post","status-publish","format-standard","hentry","category-alimentation","category-societe","tag-agriculture","tag-biologique","tag-consommation","tag-ecologie2","tag-ogm","tag-sante","tag-societe-2"],"jetpack_publicize_connections":[],"jetpack_featured_media_url":"","jetpack_sharing_enabled":true,"jetpack_shortlink":"https:\/\/wp.me\/p5jjt5-1vk","_links":{"self":[{"href":"https:\/\/claire-jannot.com\/index.php?rest_route=\/wp\/v2\/posts\/5786","targetHints":{"allow":["GET"]}}],"collection":[{"href":"https:\/\/claire-jannot.com\/index.php?rest_route=\/wp\/v2\/posts"}],"about":[{"href":"https:\/\/claire-jannot.com\/index.php?rest_route=\/wp\/v2\/types\/post"}],"author":[{"embeddable":true,"href":"https:\/\/claire-jannot.com\/index.php?rest_route=\/wp\/v2\/users\/1"}],"replies":[{"embeddable":true,"href":"https:\/\/claire-jannot.com\/index.php?rest_route=%2Fwp%2Fv2%2Fcomments&post=5786"}],"version-history":[{"count":1,"href":"https:\/\/claire-jannot.com\/index.php?rest_route=\/wp\/v2\/posts\/5786\/revisions"}],"predecessor-version":[{"id":5788,"href":"https:\/\/claire-jannot.com\/index.php?rest_route=\/wp\/v2\/posts\/5786\/revisions\/5788"}],"wp:attachment":[{"href":"https:\/\/claire-jannot.com\/index.php?rest_route=%2Fwp%2Fv2%2Fmedia&parent=5786"}],"wp:term":[{"taxonomy":"category","embeddable":true,"href":"https:\/\/claire-jannot.com\/index.php?rest_route=%2Fwp%2Fv2%2Fcategories&post=5786"},{"taxonomy":"post_tag","embeddable":true,"href":"https:\/\/claire-jannot.com\/index.php?rest_route=%2Fwp%2Fv2%2Ftags&post=5786"}],"curies":[{"name":"wp","href":"https:\/\/api.w.org\/{rel}","templated":true}]}}