{"id":5789,"date":"2014-12-07T16:37:27","date_gmt":"2014-12-07T15:37:27","guid":{"rendered":"http:\/\/www.grandesterresbio.com\/?p=5789"},"modified":"2015-01-06T21:05:34","modified_gmt":"2015-01-06T20:05:34","slug":"dereglement-climatique-les-alpes-sorganisent","status":"publish","type":"post","link":"https:\/\/claire-jannot.com\/?p=5789","title":{"rendered":"D\u00e9r\u00e8glement climatique : les Alpes s&rsquo;organisent"},"content":{"rendered":"<h2><span style=\"color: #000000;\">La randonn\u00e9e plut\u00f4t que le ski? Les r\u00e9gions alpines, plus affect\u00e9es que d&rsquo;autres par le r\u00e9chauffement climatique, veulent mieux anticiper la poursuite de la hausse des temp\u00e9ratures, jug\u00e9e in\u00e9luctable par les scientifiques.<\/span><\/h2>\n<p><span style=\"color: #000000;\"><br \/>\n<a href=\"https:\/\/i0.wp.com\/www.grandesterresbio.com\/wp-content\/uploads\/2014\/12\/Pasterze_Glacier.jpg\"><img data-recalc-dims=\"1\" loading=\"lazy\" decoding=\"async\" class=\"alignleft wp-image-5791 \" src=\"https:\/\/i0.wp.com\/www.grandesterresbio.com\/wp-content\/uploads\/2014\/12\/Pasterze_Glacier.jpg?resize=322%2C429\" alt=\"Pasterze-www.grandesterresbio.com\" width=\"322\" height=\"429\" srcset=\"https:\/\/i0.wp.com\/claire-jannot.com\/wp-content\/uploads\/2014\/12\/Pasterze_Glacier.jpg?w=640&amp;ssl=1 640w, https:\/\/i0.wp.com\/claire-jannot.com\/wp-content\/uploads\/2014\/12\/Pasterze_Glacier.jpg?resize=225%2C300&amp;ssl=1 225w\" sizes=\"auto, (max-width: 322px) 100vw, 322px\" \/><\/a>\u00ab\u00a0L&rsquo;id\u00e9e d&rsquo;un environnement immuable est sympathique. Mais elle ne correspond pas \u00e0 la r\u00e9alit\u00e9 de la vie, qui est faite d&rsquo;adaptations permanentes\u00a0\u00bb, juge <strong>Andrea Fischer, experte en glaciers \u00e0 l&rsquo;Institut pour la recherche interdisciplinaire sur la montagne<\/strong> (IGF) d&rsquo;Innsbruck, dans le <strong>Tyrol autrichien.<\/strong><\/span><\/p>\n<p><span style=\"color: #000000;\">Avec un ensoleillement annuel <strong>en hausse de 20% depuis 1880<\/strong> et des temp\u00e9ratures qui ont cr\u00fb <strong>deux fois plus vite que la moyenne mondiale<\/strong>, le massif des Alpes est aux premi\u00e8res loges pour mesurer les <strong>effets du r\u00e9chauffement climatique<\/strong>, auquel l&rsquo;ONU consacre une conf\u00e9rence \u00e0 partir de lundi \u00e0 Lima.<\/span><br \/>\n<span style=\"color: #000000;\">L&rsquo;\u00e9tendue des <strong>glaciers autrichiens a ainsi recul\u00e9 de 15%<\/strong> en moyenne en moins de 20 ans, \u00e0 l&rsquo;image du <strong>Pasterze\u00a0<\/strong>( voir photo ),\u00a0le plus grand d&rsquo;entre eux, selon l&rsquo;IGF.<\/span><\/p>\n<p><span style=\"color: #000000;\">Et les chances fondent de jour en jour de <strong>pouvoir limiter \u00e0 moins de 2\u00b0C<\/strong> la hausse globale des temp\u00e9ratures d&rsquo;ici \u00e0 la fin du si\u00e8cle, selon un rapport du Groupe d&rsquo;experts intergouvernemental sur l&rsquo;\u00e9volution du climat (Giec) pr\u00e9sent\u00e9 \u00e0 Copenhague d\u00e9but novembre.<\/span><br \/>\n<span style=\"color: #000000;\">Prenant acte de cette \u00e9volution, instituts de recherche et collectivit\u00e9s se f\u00e9d\u00e8rent pour tenter d&rsquo;en anticiper les cons\u00e9quences, notamment au sein de projets comme le <strong>C3-Alps, qui regroupe des partenaires issus des huit pays alpins (Allemagne, Autriche, France, Italie, Liechtenstein, Slov\u00e9nie et Suisse).<\/strong><\/span><br \/>\n<span style=\"color: #000000;\">\u00ab\u00a0On ressent d\u00e9j\u00e0 les effets du changement climatique et il faut d\u00e9sormais prendre les devants. C&rsquo;est un <strong>probl\u00e8me transnational qui n\u00e9cessite une collaboration transnationale<\/strong>\u00ab\u00a0, explique \u00e0 l&rsquo;AFP <strong>Karine Siegwart<\/strong>, vice-directrice de l&rsquo;Office f\u00e9d\u00e9ral suisse pour l&rsquo;environnement, membre de C3-Alps.<\/span><br \/>\n<span style=\"color: #000000;\">Certaines stations de sports d&rsquo;hiver de basse et de moyenne montagne, comme <strong>Stockhorn en Suisse, ont d\u00e9j\u00e0 fait leur deuil des pentes enneig\u00e9es et ont d\u00e9mont\u00e9 leurs remonte-pentes pour miser sur la randonn\u00e9e, m\u00eame en hiver<\/strong>. Avec ou sans raquettes.<\/span><br \/>\n<span style=\"color: #000000;\">Mais outre l&rsquo;impact touristique, le changement climatique peut avoir des <strong>cons\u00e9quences particuli\u00e8rement graves et prises tr\u00e8s au s\u00e9rieux pour la s\u00e9curit\u00e9 des habitants et des infrastructures des Alpes<\/strong>, comme la multiplication des inondations, des glissements de terrain ou des incendies de for\u00eat.\u00a0<\/span><span style=\"color: #000000;\">\u00ab\u00a0Imaginez la cons\u00e9quence d&rsquo;un glissement de terrain dans une vall\u00e9e \u00e9troite avec une route, une voie de chemin de fer et peut-\u00eatre des lignes \u00e9lectriques et des habitations&#8230; C&rsquo;est ce que nous essayons d&rsquo;anticiper\u00a0\u00bb, confie <strong>Georg Rebernig<\/strong>, directeur de l&rsquo;Agence autrichienne de l&rsquo;environnement, \u00e9galement membre du C3-Alps.<\/span><br \/>\n<span style=\"color: #000000;\">Dans ce pays, la province du Tyrol a d\u00e9j\u00e0 investi 125 millions d&rsquo;euros pour prot\u00e9ger des sections de route des avalanches, en pr\u00e9vision de la multiplication du ph\u00e9nom\u00e8ne.<\/span><\/p>\n<p><span style=\"color: #000000;\">Plus au nord, dans la r\u00e9gion danubienne, les autorit\u00e9s autrichiennes ont relog\u00e9 quelque 250 foyers qui habitaient pr\u00e8s du fleuve, en raison de risques accrus d&rsquo;inondations, pour 90 millions d&rsquo;euros.<\/span><br \/>\n<span style=\"color: #000000;\">L&rsquo;agriculture, l&rsquo;industrie hydro\u00e9lectrique et l&rsquo;approvisionnement en eau pour la consommation humaine peuvent \u00e9galement \u00eatre affect\u00e9s par des \u00e9pisodes croissants de s\u00e9cheresse, en raison notamment de la r\u00e9duction des r\u00e9servoirs naturels que constituent les champs de neige, soulignent les experts.\u00a0<\/span><span style=\"color: #000000;\">En Allemagne, des agriculteurs sont d\u00e9j\u00e0 incit\u00e9s \u00e0 cultiver des vari\u00e9t\u00e9s <strong>r\u00e9sistantes \u00e0 la chaleur et peu gourmandes en eau.<\/strong> <\/span><\/p>\n<p><span style=\"color: #000000;\">\u00ab\u00a0Il faut partir du principe qu&rsquo;il y aura davantage de situations extr\u00eames &#8211; <strong>des inondations, mais aussi des manques d&rsquo;eau\u00a0\u00bb, pr\u00e9cise Mme Siegwart, soulignant \u00ab\u00a0qu&rsquo;il faut sensibiliser les populations sur le terrain, parce que les effets du changement climatique seront ressentis localement\u00a0\u00bb.<\/strong> <\/span><\/p>\n<p><strong><span style=\"color: #000000;\">Comptant parmi les r\u00e9gions montagneuses les plus prosp\u00e8res au monde, les provinces alpines esp\u00e8rent que les fruits de leurs travaux pourront servir \u00e0 plus pauvres qu&rsquo;elles. Ainsi, \u00ab\u00a0les r\u00e9gions qui n&rsquo;ont pas nos moyens pourront tirer profit de notre exp\u00e9rience\u00a0\u00bb, esp\u00e8re M. Rebernig.<\/span><\/strong><\/p>\n<address><span style=\"color: #000000;\">Source : INNSBRUCK (Autriche),\u00a028 nov 2014 (AFP) <\/span><\/address>\n<address><span style=\"color: #000000;\">Cr\u00e9dit photo :\u00a0By Synek125 (Own work) [CC-BY-SA-2.5 (http:\/\/creativecommons.org\/licenses\/by-sa\/2.5)], via Wikimedia Commons<\/span><\/address>\n<address>\u00a0<\/address>\n<address>\u00a0<\/address>\n<address>\u00a0<\/address>\n<address>\u00a0<\/address>\n<address>\u00a0<\/address>\n<address>\u00a0<\/address>\n","protected":false},"excerpt":{"rendered":"<p>La randonn\u00e9e plut\u00f4t que le ski? Les r\u00e9gions alpines, plus affect\u00e9es que d&rsquo;autres par le r\u00e9chauffement climatique, veulent mieux anticiper la poursuite de la hausse des temp\u00e9ratures, jug\u00e9e in\u00e9luctable par les scientifiques. \u00ab\u00a0L&rsquo;id\u00e9e d&rsquo;un environnement immuable est sympathique. Mais elle &hellip; <a href=\"https:\/\/claire-jannot.com\/?p=5789\">Continuer la lecture <span class=\"meta-nav\">&rarr;<\/span><\/a><\/p>\n","protected":false},"author":1,"featured_media":0,"comment_status":"open","ping_status":"open","sticky":false,"template":"","format":"standard","meta":{"jetpack_post_was_ever_published":false,"_jetpack_newsletter_access":"","_jetpack_dont_email_post_to_subs":false,"_jetpack_newsletter_tier_id":0,"_jetpack_memberships_contains_paywalled_content":false,"_jetpack_memberships_contains_paid_content":false,"footnotes":"","jetpack_publicize_message":"","jetpack_publicize_feature_enabled":true,"jetpack_social_post_already_shared":true,"jetpack_social_options":{"image_generator_settings":{"template":"highway","default_image_id":0,"font":"","enabled":false},"version":2}},"categories":[2],"tags":[51,39,4,5,11],"class_list":["post-5789","post","type-post","status-publish","format-standard","hentry","category-ecologie","tag-climat","tag-eau","tag-ecologie2","tag-environnement","tag-societe-2"],"jetpack_publicize_connections":[],"jetpack_featured_media_url":"","jetpack_sharing_enabled":true,"jetpack_shortlink":"https:\/\/wp.me\/p5jjt5-1vn","_links":{"self":[{"href":"https:\/\/claire-jannot.com\/index.php?rest_route=\/wp\/v2\/posts\/5789","targetHints":{"allow":["GET"]}}],"collection":[{"href":"https:\/\/claire-jannot.com\/index.php?rest_route=\/wp\/v2\/posts"}],"about":[{"href":"https:\/\/claire-jannot.com\/index.php?rest_route=\/wp\/v2\/types\/post"}],"author":[{"embeddable":true,"href":"https:\/\/claire-jannot.com\/index.php?rest_route=\/wp\/v2\/users\/1"}],"replies":[{"embeddable":true,"href":"https:\/\/claire-jannot.com\/index.php?rest_route=%2Fwp%2Fv2%2Fcomments&post=5789"}],"version-history":[{"count":1,"href":"https:\/\/claire-jannot.com\/index.php?rest_route=\/wp\/v2\/posts\/5789\/revisions"}],"predecessor-version":[{"id":5792,"href":"https:\/\/claire-jannot.com\/index.php?rest_route=\/wp\/v2\/posts\/5789\/revisions\/5792"}],"wp:attachment":[{"href":"https:\/\/claire-jannot.com\/index.php?rest_route=%2Fwp%2Fv2%2Fmedia&parent=5789"}],"wp:term":[{"taxonomy":"category","embeddable":true,"href":"https:\/\/claire-jannot.com\/index.php?rest_route=%2Fwp%2Fv2%2Fcategories&post=5789"},{"taxonomy":"post_tag","embeddable":true,"href":"https:\/\/claire-jannot.com\/index.php?rest_route=%2Fwp%2Fv2%2Ftags&post=5789"}],"curies":[{"name":"wp","href":"https:\/\/api.w.org\/{rel}","templated":true}]}}