{"id":5793,"date":"2014-12-07T16:53:44","date_gmt":"2014-12-07T15:53:44","guid":{"rendered":"http:\/\/www.grandesterresbio.com\/?p=5793"},"modified":"2014-12-07T16:53:44","modified_gmt":"2014-12-07T15:53:44","slug":"victoire-de-la-mobilisation-citoyenne-dans-le-dijonnais","status":"publish","type":"post","link":"https:\/\/claire-jannot.com\/?p=5793","title":{"rendered":"Victoire de la mobilisation citoyenne dans le Dijonnais !"},"content":{"rendered":"<h2><span style=\"color: #000000;\">Sa relaxe jeudi par la cour d&rsquo;appel de Dijon pour Emmanuel Giboulot : ce viticulteur en biodynamie, poursuivi pour avoir refus\u00e9 de traiter ses vignes, ressort blanchi, se f\u00e9licitant d&rsquo;avoir ouvert \u00ab\u00a0le d\u00e9bat\u00a0\u00bb sur les pesticides.<\/span><\/h2>\n<p><span style=\"color: #000000;\"><a style=\"color: #000000;\" href=\"https:\/\/i0.wp.com\/www.grandesterresbio.com\/wp-content\/uploads\/2014\/12\/800px-Pomerol_Vineyard_for_Chateau_LEvangile_in_January.jpg\"><img data-recalc-dims=\"1\" loading=\"lazy\" decoding=\"async\" class=\"alignleft wp-image-5794 \" src=\"https:\/\/i0.wp.com\/www.grandesterresbio.com\/wp-content\/uploads\/2014\/12\/800px-Pomerol_Vineyard_for_Chateau_LEvangile_in_January.jpg?resize=375%2C281\" alt=\"vignoble-www.grandesterresbio.com\" width=\"375\" height=\"281\" srcset=\"https:\/\/i0.wp.com\/claire-jannot.com\/wp-content\/uploads\/2014\/12\/800px-Pomerol_Vineyard_for_Chateau_LEvangile_in_January.jpg?w=800&amp;ssl=1 800w, https:\/\/i0.wp.com\/claire-jannot.com\/wp-content\/uploads\/2014\/12\/800px-Pomerol_Vineyard_for_Chateau_LEvangile_in_January.jpg?resize=300%2C225&amp;ssl=1 300w\" sizes=\"auto, (max-width: 375px) 100vw, 375px\" \/><\/a><\/span><span style=\"color: #000000;\">L&rsquo;affaire d\u00e9bute au <strong>printemps 2013<\/strong>, quand la d\u00e9couverte pr\u00e8s de Beaune de foyers de <strong>flavescence dor\u00e9e<\/strong> &#8211; maladie mortelle de la vigne &#8211; conduit le pr\u00e9fet \u00e0 imposer de traiter tous les vignobles du d\u00e9partement contre la <strong>cicadelle<\/strong>, l&rsquo;insecte qui r\u00e9pand la maladie.<\/span><\/p>\n<p><span style=\"color: #000000;\">\u00a0Viticulteur en biodynamie depuis les ann\u00e9es 1970, <strong>Emmanuel Giboulot s&rsquo;y est refus\u00e9 sur les dix hectares<\/strong> qu&rsquo;il exploite en <strong>C\u00f4te-de-Beaune et Haute-C\u00f4te de Nuits.<\/strong> M\u00eame \u00e0 la pyr\u00e9thrine, pesticide naturel. Apr\u00e8s un contr\u00f4le en juillet 2013 de la Direction r\u00e9gionale de l&rsquo;agriculture, il avait \u00e9t\u00e9 convoqu\u00e9 devant la justice et <strong>encourait six mois d&#8217;emprisonnement et 30.000 euros d&rsquo;amende.<\/strong><\/span><br \/>\n<span style=\"color: #000000;\">Erig\u00e9 en symbole par certains \u00e9cologistes, M. Giboulot avait \u00e9t\u00e9 condamn\u00e9 en avril par le tribunal correctionnel de Dijon \u00e0 une amende de 1.000 euros, dont la moiti\u00e9 avec sursis.<\/span><br \/>\n<span style=\"color: #000000;\">En appel, il a obtenu la relaxe. <\/span><span style=\"color: #000000;\">La cour, dont l&rsquo;arr\u00eat a pu \u00eatre consult\u00e9 par l&rsquo;AFP, a notamment <strong>retenu que l&rsquo;arr\u00eat\u00e9 pr\u00e9fectoral incrimin\u00e9, qui devait \u00eatre approuv\u00e9 par le minist\u00e8re de l&rsquo;Agriculture, \u00ab\u00a0ne justifi(ait) pas de cette approbation\u00a0\u00bb.<\/strong><\/span><\/p>\n<p><span style=\"color: #000000;\">Apparue en 1949 en Armagnac (sud-ouest), la <strong>flavescence dor\u00e9e<\/strong> touche presque tout le vignoble fran\u00e7ais, apr\u00e8s s&rsquo;\u00eatre fortement d\u00e9velopp\u00e9e depuis une dizaine d&rsquo;ann\u00e9es, selon les autorit\u00e9s sanitaires. Un important foyer avait \u00e9t\u00e9 d\u00e9couvert en Sa\u00f4ne-et-Loire en 2011, entra\u00eenant en Bourgogne l&rsquo;arrachage de 11 hectares de vignes en 2012, puis de 0,2 ha en 2013.\u00a0<\/span><span style=\"color: #000000;\"><strong>\u00ab\u00a0Il ne s&rsquo;agit pas de ne rien faire mais d&rsquo;avoir une action responsable avec la d\u00e9tection et l&rsquo;arrachage des pieds malades et d&rsquo;appliquer des traitements uniquement quand il y a v\u00e9ritablement danger, en cernant davantage les zones de traitement\u00a0\u00bb, a pr\u00e9cis\u00e9 M. Giboulot.<\/strong> <\/span><span style=\"color: #000000;\">\u00ab\u00a0Si j&rsquo;avais eu un foyer (de flavescence dor\u00e9e) \u00e0 ma porte, j&rsquo;aurais sans doute utilis\u00e9 les traitements\u00a0\u00bb, a-t-il poursuivi. \u00ab\u00a0Ca ne doit pas \u00eatre l&rsquo;omerta sur ce sujet.\u00a0\u00bb<\/span><br \/>\n<span style=\"color: #000000;\">Le viticulteur s&rsquo;est f\u00e9licit\u00e9 d&rsquo;avoir provoqu\u00e9 \u00ab\u00a0le d\u00e9bat\u00a0\u00bb autour de son affaire. \u00ab\u00a0C&rsquo;est le reflet d&rsquo;une probl\u00e9matique de fond dans la soci\u00e9t\u00e9: la probl\u00e9matique \u00ab\u00a0flavescence\u00a0\u00bb a mis en avant ce <strong>probl\u00e8me des pesticides et c&rsquo;est le d\u00e9but d&rsquo;un combat<\/strong>\u00ab\u00a0, a-t-il dit, appelant \u00e0 \u00ab\u00a0chercher des alternatives\u00a0\u00bb.<\/span><br \/>\n<span style=\"color: #000000;\">\u00ab\u00a0A priori, en C\u00f4te-d&rsquo;Or cette ann\u00e9e, <strong>un seul pied contamin\u00e9 a \u00e9t\u00e9 d\u00e9tect\u00e9<\/strong>\u00ab\u00a0, a fait valoir M. Giboulot.<\/span><br \/>\n<span style=\"color: #000000;\">L&rsquo;eurod\u00e9put\u00e9 EELV <strong>Jos\u00e9 Bov\u00e9<\/strong> a salu\u00e9 dans un communiqu\u00e9 une d\u00e9cision qui fait <strong>\u00ab\u00a0primer le bon sens\u00a0\u00bb<\/strong>, rappelant que <strong>\u00ab\u00a0la France s&rsquo;est engag\u00e9e \u00e0 r\u00e9duire de 50 % sa consommation de pesticides d&rsquo;ici 2018\u00a0\u00bb.<\/strong><\/span><br \/>\n<span style=\"color: #000000;\">\u00ab\u00a0L&rsquo;usage des pesticides est une question de fond au sein de la fili\u00e8re\u00a0\u00bb, a-t-il assur\u00e9, ajoutant que \u00ab\u00a0la recherche avance sur d&rsquo;autres pistes que celle des pesticides\u00a0\u00bb pour lutter contre la flavescence dor\u00e9e, comme par exemple, l&rsquo;usage de pr\u00e9dateurs de la cicadelle.<\/span><\/p>\n<address><span style=\"color: #000000;\">Source :\u00a0\u00a0DIJON, 4 d\u00e9c 2014 (AFP)<\/span><\/address>\n<address><span style=\"color: #000000;\">Cr\u00e9dit photo :\u00a0By Antoine Bertier (Flickr: P1020171) [CC-BY-2.0 (http:\/\/creativecommons.org\/licenses\/by\/2.0)], via Wikimedia Commons<\/span><\/address>\n<address>\u00a0<\/address>\n<address>\u00a0<\/address>\n<address>\u00a0<\/address>\n<address>\u00a0<\/address>\n<address>\u00a0<\/address>\n<address>\u00a0<\/address>\n<address>\u00a0<\/address>\n","protected":false},"excerpt":{"rendered":"<p>Sa relaxe jeudi par la cour d&rsquo;appel de Dijon pour Emmanuel Giboulot : ce viticulteur en biodynamie, poursuivi pour avoir refus\u00e9 de traiter ses vignes, ressort blanchi, se f\u00e9licitant d&rsquo;avoir ouvert \u00ab\u00a0le d\u00e9bat\u00a0\u00bb sur les pesticides. L&rsquo;affaire d\u00e9bute au printemps &hellip; <a href=\"https:\/\/claire-jannot.com\/?p=5793\">Continuer la lecture <span class=\"meta-nav\">&rarr;<\/span><\/a><\/p>\n","protected":false},"author":1,"featured_media":0,"comment_status":"open","ping_status":"open","sticky":false,"template":"","format":"standard","meta":{"jetpack_post_was_ever_published":false,"_jetpack_newsletter_access":"","_jetpack_dont_email_post_to_subs":false,"_jetpack_newsletter_tier_id":0,"_jetpack_memberships_contains_paywalled_content":false,"_jetpack_memberships_contains_paid_content":false,"footnotes":"","jetpack_publicize_message":"","jetpack_publicize_feature_enabled":true,"jetpack_social_post_already_shared":true,"jetpack_social_options":{"image_generator_settings":{"template":"highway","default_image_id":0,"font":"","enabled":false},"version":2}},"categories":[1,2,47],"tags":[42,22,3,4,5,36],"class_list":["post-5793","post","type-post","status-publish","format-standard","hentry","category-alimentation","category-ecologie","category-societe","tag-agriculture","tag-biologique","tag-consommation","tag-ecologie2","tag-environnement","tag-pollution"],"jetpack_publicize_connections":[],"jetpack_featured_media_url":"","jetpack_sharing_enabled":true,"jetpack_shortlink":"https:\/\/wp.me\/p5jjt5-1vr","_links":{"self":[{"href":"https:\/\/claire-jannot.com\/index.php?rest_route=\/wp\/v2\/posts\/5793","targetHints":{"allow":["GET"]}}],"collection":[{"href":"https:\/\/claire-jannot.com\/index.php?rest_route=\/wp\/v2\/posts"}],"about":[{"href":"https:\/\/claire-jannot.com\/index.php?rest_route=\/wp\/v2\/types\/post"}],"author":[{"embeddable":true,"href":"https:\/\/claire-jannot.com\/index.php?rest_route=\/wp\/v2\/users\/1"}],"replies":[{"embeddable":true,"href":"https:\/\/claire-jannot.com\/index.php?rest_route=%2Fwp%2Fv2%2Fcomments&post=5793"}],"version-history":[{"count":2,"href":"https:\/\/claire-jannot.com\/index.php?rest_route=\/wp\/v2\/posts\/5793\/revisions"}],"predecessor-version":[{"id":5796,"href":"https:\/\/claire-jannot.com\/index.php?rest_route=\/wp\/v2\/posts\/5793\/revisions\/5796"}],"wp:attachment":[{"href":"https:\/\/claire-jannot.com\/index.php?rest_route=%2Fwp%2Fv2%2Fmedia&parent=5793"}],"wp:term":[{"taxonomy":"category","embeddable":true,"href":"https:\/\/claire-jannot.com\/index.php?rest_route=%2Fwp%2Fv2%2Fcategories&post=5793"},{"taxonomy":"post_tag","embeddable":true,"href":"https:\/\/claire-jannot.com\/index.php?rest_route=%2Fwp%2Fv2%2Ftags&post=5793"}],"curies":[{"name":"wp","href":"https:\/\/api.w.org\/{rel}","templated":true}]}}