{"id":5807,"date":"2014-12-11T20:24:25","date_gmt":"2014-12-11T19:24:25","guid":{"rendered":"http:\/\/www.grandesterresbio.com\/?p=5807"},"modified":"2014-12-11T20:24:25","modified_gmt":"2014-12-11T19:24:25","slug":"nouvel-etiquetage-europeen-le-consommateur-toujours-grand-perdant","status":"publish","type":"post","link":"https:\/\/claire-jannot.com\/?p=5807","title":{"rendered":"Nouvel \u00e9tiquetage europ\u00e9en : le consommateur toujours grand perdant"},"content":{"rendered":"<h2 class=\"chapo\"><span style=\"color: #000000;\">Le nouveau r\u00e8glement europ\u00e9en qui entre en vigueur ce mois-ci n&rsquo;apporte pas la transparence sur la composition, ni l&rsquo;origine des denr\u00e9es alimentaires.<\/span><\/h2>\n<div class=\"left\">\n<div class=\"leftcolumn\">\n<p><span style=\"color: #000000;\"><a style=\"color: #000000;\" href=\"https:\/\/i0.wp.com\/www.grandesterresbio.com\/wp-content\/uploads\/2014\/12\/800px-Pois_en_bocaux.jpg\"><img data-recalc-dims=\"1\" loading=\"lazy\" decoding=\"async\" class=\"alignleft wp-image-5808 \" src=\"https:\/\/i0.wp.com\/www.grandesterresbio.com\/wp-content\/uploads\/2014\/12\/800px-Pois_en_bocaux.jpg?resize=375%2C281\" alt=\"Petitspois-www.grandesterresbio.com\" width=\"375\" height=\"281\" srcset=\"https:\/\/i0.wp.com\/claire-jannot.com\/wp-content\/uploads\/2014\/12\/800px-Pois_en_bocaux.jpg?w=800&amp;ssl=1 800w, https:\/\/i0.wp.com\/claire-jannot.com\/wp-content\/uploads\/2014\/12\/800px-Pois_en_bocaux.jpg?resize=300%2C225&amp;ssl=1 300w\" sizes=\"auto, (max-width: 375px) 100vw, 375px\" \/><\/a>Le nouvel \u00e9tiquetage europ\u00e9en des aliments qui va entrer en application ce <strong>samedi 13 d\u00e9cembre 2014<\/strong>, et qui devait \u00e9clairer enfin le consommateur sur la composition et l&rsquo;origine des produits, va rester dans le flou, et des<strong> informations essentielles vont continuer \u00e0 \u00eatre cach\u00e9es<\/strong>. Ainsi le nouveau r\u00e8glement europ\u00e9en (INCO) autorise toujours <strong>\u00ab\u00a0les inscriptions illisibles, les valeurs nutritionnelles trompeuses, les OGM cach\u00e9s, et l&rsquo;absence de transparence sur l&rsquo;origine des ingr\u00e9dients\u00a0\u00bb<\/strong>, d\u00e9plore dans un communiqu\u00e9 l&rsquo;association de d\u00e9fense des consommateurs\u00a0<strong><a style=\"color: #000000;\">Foodwatch<\/a>.<\/strong><\/span><\/p>\n<\/div>\n<\/div>\n<p><span style=\"color: #000000;\">Le r\u00e9glement INCO pr\u00e9voit qu&rsquo;\u00e0 partir de d\u00e9cembre 2016 <strong>les fabricants devront mentionner les sept valeurs nutritionnelles principales<\/strong> dont les mati\u00e8res grasses, les sucres et le sel sur l&#8217;emballage. Mais ces informations nutritionnelles ne figureront qu&rsquo;<strong>\u00e0 l&rsquo;arri\u00e8re de l&#8217;emballage et en lettres minuscules : la taille des caract\u00e8res d&rsquo;impression des mentions obligatoires sur l&#8217;emballage pourra \u00eatre de seulement 1,2 millim\u00e8tre et de 0,9 millim\u00e8tre pour les petits emballages.<\/strong> A vos loupes\u00a0! Quant \u00e0 l&rsquo;origine des diff\u00e9rents ingr\u00e9dients qui entrent dans la fabrication de la plupart des produits alimentaires, il ne sera toujours pas obligatoire de la mentionner.<\/span><\/p>\n<p><span style=\"color: #000000;\"><strong>Concernant les OGM, le fabricant de produits alimentaires ne sera pas oblig\u00e9 d&rsquo;informer le consommateur<\/strong> sur le fait que les ingr\u00e9dients d&rsquo;origine animale entrant dans la composition de son produit ont \u00e9t\u00e9 obtenus \u00e0 partir des animaux nourris aux OGM, alors qu&rsquo;en France, par exemple, <strong>80% des animaux d&rsquo;\u00e9levage consomment des OGM<\/strong>. Quant aux <strong>illustrations elles pourront continuer \u00e0 \u00eatre trompeuses<\/strong> et montrer des grosses fraises, par exemple, alors qu&rsquo;il n&rsquo;y en a que des traces dans le produit.<\/span><\/p>\n<p><span style=\"color: #000000;\">\u00a0\u00bb\u00a0Le nouveau r\u00e8glement <strong>n&rsquo;apporte donc que peu de transparence et d&rsquo;am\u00e9liorations<\/strong> dans l&rsquo;information des consommateurs car il int\u00e8gre de fait bon nombre des revendications formul\u00e9es par l&rsquo;industrie agro-alimentaire, d\u00e9plore <strong>Ingrid Kragl, directrice de l&rsquo;information de Foodwatch.<\/strong> <strong>Le consommateur est donc \u00a0\u00bb\u00a0le grand perdant<\/strong> de cette nouvelle r\u00e9glementation d\u00e9sormais grav\u00e9e dans le marbre\u00a0\u00ab\u00a0, tient- elle \u00e0 pr\u00e9ciser.<\/span><\/p>\n<p><span style=\"color: #000000;\">Avec ce nouveau r\u00e8glement, les <strong>\u00ab\u00a0ruses l\u00e9gales\u00a0\u00bb vont perdurer<\/strong> et continuer d&rsquo;induire le consommateur en erreur selon FoodWatch qui pr\u00e9cise ce que pr\u00e9voit cette nouvelle r\u00e8glementation :<\/span><\/p>\n<p><span style=\"color: #000000;\">L&rsquo;origine : le consommateur ne sait toujours pas d&rsquo;o\u00f9 proviennent les principaux ingr\u00e9dients qui entrent dans la fabrication de la plupart des produits alimentaires. <strong>M\u00eame pour les produits qui se disent \u00a0\u00bb r\u00e9gionaux \u00ab\u00a0, il n&rsquo;est toujours pas obligatoire de mentionner l&rsquo;origine des diff\u00e9rents ingr\u00e9dients.<\/strong> <strong>Les fabricants ont exerc\u00e9 une tr\u00e8s forte pression contre l&rsquo;\u00e9largissement des mentions d&rsquo;origine, alors que le Parlement europ\u00e9en s&rsquo;\u00e9tait prononc\u00e9 en faveur de davantage d&rsquo;informations obligatoires.<\/strong><\/span><\/p>\n<p><span><strong style=\"color: #000000;\">OGM (organismes g\u00e9n\u00e9tiquement modifi\u00e9s) : le fabricant n&rsquo;est pas oblig\u00e9 d&rsquo;informer le consommateur<\/strong><span style=\"color: #000000;\"> que les ingr\u00e9dients d&rsquo;origine animale entrant dans la composition de son produit ont \u00e9t\u00e9 obtenus \u00e0 partir des animaux nourris aux OGM. Aujourd&rsquo;hui encore, <strong>il est <\/strong><\/span><strong><span style=\"color: #000000;\">impossible de savoir si des OGM sont intervenus dans l&rsquo;\u00e9laboration de produits comme le lait, les\u00a0<\/span>\u0153ufs<span style=\"color: #000000;\">\u00a0\u00a0<\/span><span style=\"color: #000000;\">ou la viande.<\/span><\/strong><span style=\"color: #000000;\">\u00a0Or, en France, 80% des \u00e9levages consomment des OGM.<\/span><\/span><\/p>\n<p><span style=\"color: #000000;\"><strong>La taille des caract\u00e8res : au lieu des 3 millim\u00e8tres propos\u00e9s \u00e0 l&rsquo;origine par la Commission europ\u00e9enne, les caract\u00e8res d&rsquo;impression des mentions obligatoires sur l&#8217;emballage devront seulement, \u00e0 l&rsquo;avenir, faire au minimum 1,2 millim\u00e8tre (mesur\u00e9s sur le \u00ab\u00a0x\u00a0\u00bb minuscule).<\/strong> Une taille r\u00e9ellement insuffisante puisque la plupart des journaux et magazines utilisent une police d&rsquo;au moins 2 millim\u00e8tres. <strong>Pire : pour les petits emballages, la taille des caract\u00e8res est ramen\u00e9e \u00e0 0,9 millim\u00e8tre.<\/strong> Preuve que les nouvelles dispositions ne donnent absolument pas la priorit\u00e9 \u00e0 une information lisible par le consommateur. <strong>Les fabricants de produits alimentaires redoutaient que de plus gros caract\u00e8res ne laissent pas de place \u00e0 leur \u00ab\u00a0image de marque\u00a0\u00bb.<\/strong><\/span><\/p>\n<p><span style=\"color: #000000;\">Code couleur : le syst\u00e8me des feux tricolores inspir\u00e9 du mod\u00e8le initial de l&rsquo;agence britannique des normes alimentaires (FSA, Food Standards Agency), n&rsquo;a pas recueilli la majorit\u00e9 au Parlement. Il faut dire que <strong>les fabricants de produits alimentaires europ\u00e9ens ont investi un milliard d&rsquo;euros pour saper le syst\u00e8me des feux au profit de leur propre signal\u00e9tique (les \u00ab\u00a0apports journaliers recommand\u00e9s\u00a0\u00bb).<\/strong> En France aussi, l&rsquo;<strong>ANIA<\/strong> (Association nationale des industries alimentaires) continue de s&rsquo;opposer \u00e0 un code couleur obligatoire. 80% des Fran\u00e7ais sont pourtant demandeurs d&rsquo;un tel logo d&rsquo;information nutritionnelle \u00e0 l&rsquo;avant de l&#8217;emballage.<\/span><\/p>\n<address><span style=\"color: #000000;\">Source :http:\/\/www.bioaddict.fr\/<\/span><\/address>\n<address><span style=\"color: #000000;\">Cr\u00e9dit :\u00a0Par Spedona (Travail personnel) [GFDL (http:\/\/www.gnu.org\/copyleft\/fdl.html) ou CC-BY-SA-3.0-2.5-2.0-1.0 (http:\/\/creativecommons.org\/licenses\/by-sa\/3.0)], via Wikimedia Commons<\/span><\/address>\n<address>\u00a0<\/address>\n<address>\u00a0<\/address>\n<address>\u00a0<\/address>\n<address>\u00a0<\/address>\n<address>\u00a0<\/address>\n","protected":false},"excerpt":{"rendered":"<p>Le nouveau r\u00e8glement europ\u00e9en qui entre en vigueur ce mois-ci n&rsquo;apporte pas la transparence sur la composition, ni l&rsquo;origine des denr\u00e9es alimentaires. Le nouvel \u00e9tiquetage europ\u00e9en des aliments qui va entrer en application ce samedi 13 d\u00e9cembre 2014, et qui &hellip; <a href=\"https:\/\/claire-jannot.com\/?p=5807\">Continuer la lecture <span class=\"meta-nav\">&rarr;<\/span><\/a><\/p>\n","protected":false},"author":1,"featured_media":0,"comment_status":"open","ping_status":"open","sticky":false,"template":"","format":"standard","meta":{"jetpack_post_was_ever_published":false,"_jetpack_newsletter_access":"","_jetpack_dont_email_post_to_subs":false,"_jetpack_newsletter_tier_id":0,"_jetpack_memberships_contains_paywalled_content":false,"_jetpack_memberships_contains_paid_content":false,"footnotes":"","jetpack_publicize_message":"","jetpack_publicize_feature_enabled":true,"jetpack_social_post_already_shared":true,"jetpack_social_options":{"image_generator_settings":{"template":"highway","default_image_id":0,"font":"","enabled":false},"version":2}},"categories":[1],"tags":[3,9,11],"class_list":["post-5807","post","type-post","status-publish","format-standard","hentry","category-alimentation","tag-consommation","tag-ogm","tag-societe-2"],"jetpack_publicize_connections":[],"jetpack_featured_media_url":"","jetpack_sharing_enabled":true,"jetpack_shortlink":"https:\/\/wp.me\/p5jjt5-1vF","_links":{"self":[{"href":"https:\/\/claire-jannot.com\/index.php?rest_route=\/wp\/v2\/posts\/5807","targetHints":{"allow":["GET"]}}],"collection":[{"href":"https:\/\/claire-jannot.com\/index.php?rest_route=\/wp\/v2\/posts"}],"about":[{"href":"https:\/\/claire-jannot.com\/index.php?rest_route=\/wp\/v2\/types\/post"}],"author":[{"embeddable":true,"href":"https:\/\/claire-jannot.com\/index.php?rest_route=\/wp\/v2\/users\/1"}],"replies":[{"embeddable":true,"href":"https:\/\/claire-jannot.com\/index.php?rest_route=%2Fwp%2Fv2%2Fcomments&post=5807"}],"version-history":[{"count":4,"href":"https:\/\/claire-jannot.com\/index.php?rest_route=\/wp\/v2\/posts\/5807\/revisions"}],"predecessor-version":[{"id":5812,"href":"https:\/\/claire-jannot.com\/index.php?rest_route=\/wp\/v2\/posts\/5807\/revisions\/5812"}],"wp:attachment":[{"href":"https:\/\/claire-jannot.com\/index.php?rest_route=%2Fwp%2Fv2%2Fmedia&parent=5807"}],"wp:term":[{"taxonomy":"category","embeddable":true,"href":"https:\/\/claire-jannot.com\/index.php?rest_route=%2Fwp%2Fv2%2Fcategories&post=5807"},{"taxonomy":"post_tag","embeddable":true,"href":"https:\/\/claire-jannot.com\/index.php?rest_route=%2Fwp%2Fv2%2Ftags&post=5807"}],"curies":[{"name":"wp","href":"https:\/\/api.w.org\/{rel}","templated":true}]}}