{"id":5814,"date":"2014-12-16T22:54:53","date_gmt":"2014-12-16T21:54:53","guid":{"rendered":"http:\/\/www.grandesterresbio.com\/?p=5814"},"modified":"2014-12-16T22:54:53","modified_gmt":"2014-12-16T21:54:53","slug":"grands-projets-inutiles-valls-est-favorable-aux-villages-nature","status":"publish","type":"post","link":"https:\/\/claire-jannot.com\/?p=5814","title":{"rendered":"Grands projets inutiles : Valls est favorable aux Villages Nature"},"content":{"rendered":"<h2><span style=\"color: #000000;\">Les \u00e9cologistes d&rsquo;EELV oppos\u00e9s aux Villages Nature, op\u00e9ration immobili\u00e8re men\u00e9e par Euro Disney et Pierre et Vacances en Seine-et-Marne, ont d\u00e9nonc\u00e9 mercredi le soutien du Premier ministre \u00e0 un \u00ab\u00a0grand projet inutile\u00a0\u00bb, \u00e0 la veille de la pose de la premi\u00e8re pierre.<\/span><\/h2>\n<p><span style=\"color: #000000;\"><a href=\"https:\/\/i0.wp.com\/www.grandesterresbio.com\/wp-content\/uploads\/2014\/12\/51_Manuel_Valls.jpg\"><img data-recalc-dims=\"1\" loading=\"lazy\" decoding=\"async\" class=\"alignleft wp-image-5815 \" src=\"https:\/\/i0.wp.com\/www.grandesterresbio.com\/wp-content\/uploads\/2014\/12\/51_Manuel_Valls.jpg?resize=175%2C263\" alt=\"ManuelValls-www.grandesterresbio.com\" width=\"175\" height=\"263\" srcset=\"https:\/\/i0.wp.com\/claire-jannot.com\/wp-content\/uploads\/2014\/12\/51_Manuel_Valls.jpg?w=400&amp;ssl=1 400w, https:\/\/i0.wp.com\/claire-jannot.com\/wp-content\/uploads\/2014\/12\/51_Manuel_Valls.jpg?resize=200%2C300&amp;ssl=1 200w\" sizes=\"auto, (max-width: 175px) 100vw, 175px\" \/><\/a>Ce gigantesque projet touristique, dont la premi\u00e8re tranche de travaux doit s&rsquo;ouvrir <strong>mi-2016<\/strong> \u00e0 six kilom\u00e8tres de <strong>Disneyland Paris, \u00ab\u00a0est un grand projet inutile qui gaspille des terres agricoles, naturelles et foresti\u00e8res\u00a0\u00bb<\/strong>, a d\u00e9clar\u00e9 \u00e0 l&rsquo;AFP <strong>Mounir Satouri, le pr\u00e9sident des \u00e9lus EELV<\/strong> de la r\u00e9gion \u00cele-de-France. <\/span><br \/>\n<span style=\"color: #000000;\">Le Premier ministre, Manuel Valls, doit assister \u00e0 la pose de la premi\u00e8re pierre jeudi.<\/span><br \/>\n<span style=\"color: #000000;\">Apr\u00e8s d&rsquo;autres mobilisations autour de projets qualifi\u00e9s \u00ab\u00a0d&rsquo;inutiles\u00a0\u00bb, <strong>comme l&rsquo;a\u00e9roport Notre-Dame-des-Landes pr\u00e8s de Nantes, le barrage de Sivens (Tarn) ou la Ferme des Mille vaches (Somme)<\/strong>, l&rsquo;\u00e9lu \u00e9cologiste estime que <strong>\u00ab\u00a0tous les ingr\u00e9dients sont r\u00e9unis\u00a0\u00bb pour que l&rsquo;opposition aux Villages Nature, jusqu&rsquo;ici tr\u00e8s discr\u00e8te, prenne de l&rsquo;ampleur.<\/strong> Le <strong>groupe Pierre et Vacances<\/strong> est d&rsquo;ailleurs d\u00e9j\u00e0 confront\u00e9 \u00e0 une forte opposition \u00e0 l&rsquo;un de ses projets, le Center Parcs de Roybon en Is\u00e8re.<\/span><br \/>\n<span style=\"color: #000000;\"><strong>Le plan d&rsquo;urbanisme de Villages Nature, destin\u00e9 \u00e0 devenir l&rsquo;un des plus gros sites touristiques de France<\/strong>, pr\u00e9voit \u00e0 terme, dans une dizaine d&rsquo;ann\u00e9es, jusqu&rsquo;\u00e0 5.500 appartements et cottages et 150.000 m2 d&rsquo;\u00e9quipements sur 500 hectares, une surface grande comme sept Center Parcs.<\/span><br \/>\n<span style=\"color: #000000;\">Quant aux pr\u00e9tentions \u00e9cologiques de cette <strong>\u00ab\u00a0op\u00e9ration de promotion immobili\u00e8re au service de privil\u00e9gi\u00e9s\u00a0\u00bb, \u00ab\u00a0c&rsquo;est du \u00ab\u00a0greenwashing\u00a0\u00bb<\/strong>, selon M. Satouri: <strong>\u00ab\u00a0Faire de la g\u00e9othermie pour chauffer un lac, c&rsquo;est stupide\u00a0\u00bb<\/strong>, estime-t-il.<\/span><br \/>\n<span style=\"color: #000000;\">Outre un parc aquatique couvert, l&rsquo;un des plus grands d&rsquo;Europe, un <strong>lagon ext\u00e9rieur de 3.500 m2 est pr\u00e9vu, chauff\u00e9 \u00e0 plus de 30 degr\u00e9s gr\u00e2ce \u00e0 de l&rsquo;eau chaude puis\u00e9e \u00e0 1,8 km sous terre.<\/strong><\/span><br \/>\n<span style=\"color: #000000;\">\u00ab\u00a0Il est ind\u00e9cent\u00a0\u00bb de consacrer de \u00ab\u00a0l&rsquo;argent public, venant de l&rsquo;\u00c9tat et de la r\u00e9gion, \u00e0 enrichir des sp\u00e9culateurs immobiliers\u00a0\u00bb, affirme l&rsquo;\u00e9cologiste.<\/span><br \/>\n<span style=\"color: #000000;\">Les Villages Nature sont une op\u00e9ration priv\u00e9e, avec une <strong>participation de la Caisse des d\u00e9p\u00f4ts<\/strong>, mais des investissement publics, principalement des am\u00e9nagements routiers et ferroviaires pr\u00e9vus pour la desserte du site ainsi que pour les alentours, pourraient atteindre 110 millions d&rsquo;euros \u00e0 terme, selon EELV.<\/span><br \/>\n<span style=\"color: #000000;\">Les promoteurs du projet pr\u00e9voient qu&rsquo;il permette de cr\u00e9er dans un premier temps 4.500 emplois, dont 1.600 directs.<\/span><\/p>\n<address><span style=\"color: #000000;\">Source :\u00a0MELUN,\u00a010 d\u00e9c 2014 (AFP)\u00a0<\/span><\/address>\n<address><span style=\"color: #000000;\">Cr\u00e9dit photo :\u00a0By Briand (Own work) [CC BY-SA 3.0 (http:\/\/creativecommons.org\/licenses\/by-sa\/3.0)], via Wikimedia Commons<\/span><\/address>\n<address>\u00a0<\/address>\n<address>\u00a0<\/address>\n<address>\u00a0<\/address>\n<address>\u00a0<\/address>\n<address>\u00a0<\/address>\n<address>\u00a0<\/address>\n<address>\u00a0<\/address>\n<address>\u00a0<\/address>\n<address>\u00a0<\/address>\n<address>\u00a0<\/address>\n<address>\u00a0<\/address>\n","protected":false},"excerpt":{"rendered":"<p>Les \u00e9cologistes d&rsquo;EELV oppos\u00e9s aux Villages Nature, op\u00e9ration immobili\u00e8re men\u00e9e par Euro Disney et Pierre et Vacances en Seine-et-Marne, ont d\u00e9nonc\u00e9 mercredi le soutien du Premier ministre \u00e0 un \u00ab\u00a0grand projet inutile\u00a0\u00bb, \u00e0 la veille de la pose de la &hellip; <a href=\"https:\/\/claire-jannot.com\/?p=5814\">Continuer la lecture <span class=\"meta-nav\">&rarr;<\/span><\/a><\/p>\n","protected":false},"author":1,"featured_media":0,"comment_status":"open","ping_status":"open","sticky":false,"template":"","format":"standard","meta":{"jetpack_post_was_ever_published":false,"_jetpack_newsletter_access":"","_jetpack_dont_email_post_to_subs":false,"_jetpack_newsletter_tier_id":0,"_jetpack_memberships_contains_paywalled_content":false,"_jetpack_memberships_contains_paid_content":false,"footnotes":"","jetpack_publicize_message":"","jetpack_publicize_feature_enabled":true,"jetpack_social_post_already_shared":true,"jetpack_social_options":{"image_generator_settings":{"template":"highway","default_image_id":0,"font":"","enabled":false},"version":2}},"categories":[2,47],"tags":[42,4,5,11],"class_list":["post-5814","post","type-post","status-publish","format-standard","hentry","category-ecologie","category-societe","tag-agriculture","tag-ecologie2","tag-environnement","tag-societe-2"],"jetpack_publicize_connections":[],"jetpack_featured_media_url":"","jetpack_sharing_enabled":true,"jetpack_shortlink":"https:\/\/wp.me\/p5jjt5-1vM","_links":{"self":[{"href":"https:\/\/claire-jannot.com\/index.php?rest_route=\/wp\/v2\/posts\/5814","targetHints":{"allow":["GET"]}}],"collection":[{"href":"https:\/\/claire-jannot.com\/index.php?rest_route=\/wp\/v2\/posts"}],"about":[{"href":"https:\/\/claire-jannot.com\/index.php?rest_route=\/wp\/v2\/types\/post"}],"author":[{"embeddable":true,"href":"https:\/\/claire-jannot.com\/index.php?rest_route=\/wp\/v2\/users\/1"}],"replies":[{"embeddable":true,"href":"https:\/\/claire-jannot.com\/index.php?rest_route=%2Fwp%2Fv2%2Fcomments&post=5814"}],"version-history":[{"count":1,"href":"https:\/\/claire-jannot.com\/index.php?rest_route=\/wp\/v2\/posts\/5814\/revisions"}],"predecessor-version":[{"id":5816,"href":"https:\/\/claire-jannot.com\/index.php?rest_route=\/wp\/v2\/posts\/5814\/revisions\/5816"}],"wp:attachment":[{"href":"https:\/\/claire-jannot.com\/index.php?rest_route=%2Fwp%2Fv2%2Fmedia&parent=5814"}],"wp:term":[{"taxonomy":"category","embeddable":true,"href":"https:\/\/claire-jannot.com\/index.php?rest_route=%2Fwp%2Fv2%2Fcategories&post=5814"},{"taxonomy":"post_tag","embeddable":true,"href":"https:\/\/claire-jannot.com\/index.php?rest_route=%2Fwp%2Fv2%2Ftags&post=5814"}],"curies":[{"name":"wp","href":"https:\/\/api.w.org\/{rel}","templated":true}]}}