{"id":5817,"date":"2014-12-16T23:47:17","date_gmt":"2014-12-16T22:47:17","guid":{"rendered":"http:\/\/www.grandesterresbio.com\/?p=5817"},"modified":"2020-03-13T09:21:34","modified_gmt":"2020-03-13T08:21:34","slug":"sebastio-salgado-au-secours-de-notre-planete","status":"publish","type":"post","link":"https:\/\/claire-jannot.com\/?p=5817","title":{"rendered":"Sebastio Salgado, au secours de notre plan\u00e8te"},"content":{"rendered":"<h2><span style=\"color: #000000;\">Le photographe br\u00e9silien mondialement connu Sebastiao Salgado a sillonn\u00e9 le globe pour immortaliser les travers de la mondialisation, les flux migratoires et les territoires vierges.\u00a0<\/span><\/h2>\n<p><span style=\"color: #000000;\"><a href=\"https:\/\/i0.wp.com\/www.grandesterresbio.com\/wp-content\/uploads\/2014\/12\/799px-Sebsalgado_050512.jpg\"><img data-recalc-dims=\"1\" loading=\"lazy\" decoding=\"async\" class=\"alignleft wp-image-5818 \" src=\"https:\/\/i0.wp.com\/www.grandesterresbio.com\/wp-content\/uploads\/2014\/12\/799px-Sebsalgado_050512.jpg?resize=379%2C285\" alt=\"Sebsalgado-www.grandesterresbio.com\" width=\"379\" height=\"285\" srcset=\"https:\/\/i0.wp.com\/claire-jannot.com\/wp-content\/uploads\/2014\/12\/799px-Sebsalgado_050512.jpg?w=799&amp;ssl=1 799w, https:\/\/i0.wp.com\/claire-jannot.com\/wp-content\/uploads\/2014\/12\/799px-Sebsalgado_050512.jpg?resize=300%2C225&amp;ssl=1 300w\" sizes=\"auto, (max-width: 379px) 100vw, 379px\" \/><\/a>Mais ce qui l&rsquo;affecte le plus, c&rsquo;est <strong>le pillage aveugle des ressources de la plan\u00e8te<\/strong> par une humanit\u00e9 qui ne voit pas qu&rsquo;elle court \u00e0 sa perte.\u00a0Lors d&rsquo;une <strong>visite \u00e0 Hong Kong destin\u00e9e \u00e0 promouvoir \u00ab\u00a0Genesis\u00a0\u00bb<\/strong>, un projet titanesque qui est le fruit de huit ann\u00e9es d&rsquo;exploration du monde, le photographe \u00e2g\u00e9 de 70 ans s&rsquo;est dit convaincu que la <strong>soif de domination<\/strong> de la nature par les hommes allait avoir raison d&rsquo;eux. <\/span><br \/>\n<span style=\"color: #000000;\">\u00ab\u00a0Si nous ne revenons pas sur terre, nous ne serons pas ici encore trop longtemps\u00a0\u00bb, dit-il dans un entretien avec l&rsquo;AFP. <strong>\u00ab\u00a0Nous ne faisons plus partie de notre plan\u00e8te, nous sommes devenus des aliens\u00a0\u00bb.<\/strong><\/span><br \/>\n<span style=\"color: #000000;\">Le photographe s&rsquo;est rendu dans plus de 100 pays, du Rwanda au Guatemala en passant par le Bangladesh. Il t\u00e9moigne des pires horreurs: la faim, la guerre, la pauvret\u00e9 et les d\u00e9placements de population.\u00a0Ses photographies spectaculaires de paysages ravag\u00e9s, de communaut\u00e9s exploit\u00e9es ou vuln\u00e9rables, comme les ouvriers de l&rsquo;industrie p\u00e9troli\u00e8re du Kowe\u00eft, les chercheurs d&rsquo;or du Br\u00e9sil ou les travailleurs charg\u00e9s de d\u00e9molir les navires au Bangladesh ont inspir\u00e9 des g\u00e9n\u00e9rations de photographes. Elles sont d&rsquo;autant plus dramatiques qu&rsquo;elles sont en noir et blanc.<\/span><br \/>\n<span style=\"color: #000000;\">Originaire d&rsquo;une r\u00e9gion rurale du centre du Br\u00e9sil, le photographe a re\u00e7u une formation d&rsquo;\u00e9conomiste avant de se tourner vers la photo. <strong>Il avait environ 25 ans quand il a pris un appareil pr\u00eat\u00e9 par sa femme. \u00ab\u00a0Pour la premi\u00e8re fois, j&rsquo;ai regard\u00e9 dans un viseur et ma vie a chang\u00e9\u00a0\u00bb, raconte-t-il.<\/strong><\/span><\/p>\n<p><span style=\"color: #000000;\">Devenu professionnel au d\u00e9but des ann\u00e9es 70, il a obtenu une avalanche de prix prestigieux et ses photos se sont retrouv\u00e9es \u00e0 la Galerie Barbican de Londres ou au Centre international de la photographie de New York.\u00a0A la fin des ann\u00e9es 1990, il avait \u00e9t\u00e9 <strong>contraint de faire une pause apr\u00e8s avoir couvert le g\u00e9nocide rwandais. La mort avait fait son effet sur son moral.<\/strong> Le photographe se rappelle l&rsquo;odeur de d\u00e9composition alors que des piles de corps \u00e9taient jet\u00e9es \u00e0 terre par les bulldozers. Des sc\u00e8nes qui sont grav\u00e9es \u00e0 jamais dans sa m\u00e9moire.\u00a0\u00ab\u00a0J&rsquo;ai commenc\u00e9 \u00e0 mourir, mon corps a commenc\u00e9 \u00e0 \u00eatre malade\u00a0\u00bb, raconte-t-il. Pour se remettre, il a pass\u00e9 du temps chez lui au Br\u00e9sil mais \u00e0 sa grande consternation, les lacs de son enfance s&rsquo;\u00e9taient ass\u00e9ch\u00e9s et une partie de la for\u00eat pluviale avait disparu.\u00a0Avec son \u00e9pouse Lelia, ils ont d\u00e9cid\u00e9 de <strong>replanter les arbres. \u00ab\u00a0Nous avons replant\u00e9 plus de 2,5 millions d&rsquo;arbres.<\/strong> C&rsquo;est \u00e0 nouveau la for\u00eat pluviale. On a sauv\u00e9 les jaguars, on a plus de 170 esp\u00e8ces diff\u00e9rentes d&rsquo;oiseaux\u00a0\u00bb, dit-il.<\/span><\/p>\n<p><span style=\"color: #000000;\">Lui et son \u00e9pouse ont cr\u00e9\u00e9 l&rsquo;agence <strong>Amazonas Images<\/strong>, qui produit et publie ses photographies. Ses images \u00e9poustouflantes de la nature n&rsquo;ont d&rsquo;\u00e9gales que ses critiques envers le comportement de <strong>\u00ab\u00a0pr\u00e9dateurs profonds\u00a0\u00bb des hommes.<\/strong><\/span><br \/>\n<span style=\"color: #000000;\">\u00ab\u00a0Nous avons commenc\u00e9 \u00e0 tout d\u00e9truire, nous avons domestiqu\u00e9 le b\u00e9tail et mis le b\u00e9tail en prison, nous les produisons par dizaines de millions pour qu&rsquo;on puisse les manger\u00a0\u00bb, dit-il.\u00a0<\/span><\/p>\n<address><span style=\"color: #000000;\">Source :\u00a0HONG KONG,\u00a015 d\u00e9c 2014 (AFP)\u00a0<\/span><\/address>\n<address><span style=\"color: #000000;\">Cr\u00e9dit photo :\u00a0By Pkobel (Own work) [GFDL (http:\/\/www.gnu.org\/copyleft\/fdl.html) or CC BY-SA 3.0 (http:\/\/creativecommons.org\/licenses\/by-sa\/3.0)], via Wikimedia Commons<\/span><\/address>\n<address>\u00a0<\/address>\n<address>\u00a0<\/address>\n<address>\u00a0<\/address>\n<address>\u00a0<\/address>\n<address>\u00a0<\/address>\n<address>\u00a0<\/address>\n<address>\u00a0<\/address>\n","protected":false},"excerpt":{"rendered":"<p>Le photographe br\u00e9silien mondialement connu Sebastiao Salgado a sillonn\u00e9 le globe pour immortaliser les travers de la mondialisation, les flux migratoires et les territoires vierges.\u00a0 Mais ce qui l&rsquo;affecte le plus, c&rsquo;est le pillage aveugle des ressources de la plan\u00e8te &hellip; <a href=\"https:\/\/claire-jannot.com\/?p=5817\">Continuer la lecture <span class=\"meta-nav\">&rarr;<\/span><\/a><\/p>\n","protected":false},"author":1,"featured_media":0,"comment_status":"open","ping_status":"open","sticky":false,"template":"","format":"standard","meta":{"jetpack_post_was_ever_published":false,"_jetpack_newsletter_access":"","_jetpack_dont_email_post_to_subs":false,"_jetpack_newsletter_tier_id":0,"_jetpack_memberships_contains_paywalled_content":false,"_jetpack_memberships_contains_paid_content":false,"footnotes":"","jetpack_publicize_message":"","jetpack_publicize_feature_enabled":true,"jetpack_social_post_already_shared":true,"jetpack_social_options":{"image_generator_settings":{"template":"highway","default_image_id":0,"font":"","enabled":false},"version":2}},"categories":[2,49],"tags":[51,76,4,5,31,35,48],"class_list":["post-5817","post","type-post","status-publish","format-standard","hentry","category-ecologie","category-vie-animale-2","tag-climat","tag-culture","tag-ecologie2","tag-environnement","tag-musee","tag-photographie","tag-vie-animale"],"jetpack_publicize_connections":[],"jetpack_featured_media_url":"","jetpack_sharing_enabled":true,"jetpack_shortlink":"https:\/\/wp.me\/p5jjt5-1vP","_links":{"self":[{"href":"https:\/\/claire-jannot.com\/index.php?rest_route=\/wp\/v2\/posts\/5817","targetHints":{"allow":["GET"]}}],"collection":[{"href":"https:\/\/claire-jannot.com\/index.php?rest_route=\/wp\/v2\/posts"}],"about":[{"href":"https:\/\/claire-jannot.com\/index.php?rest_route=\/wp\/v2\/types\/post"}],"author":[{"embeddable":true,"href":"https:\/\/claire-jannot.com\/index.php?rest_route=\/wp\/v2\/users\/1"}],"replies":[{"embeddable":true,"href":"https:\/\/claire-jannot.com\/index.php?rest_route=%2Fwp%2Fv2%2Fcomments&post=5817"}],"version-history":[{"count":1,"href":"https:\/\/claire-jannot.com\/index.php?rest_route=\/wp\/v2\/posts\/5817\/revisions"}],"predecessor-version":[{"id":5819,"href":"https:\/\/claire-jannot.com\/index.php?rest_route=\/wp\/v2\/posts\/5817\/revisions\/5819"}],"wp:attachment":[{"href":"https:\/\/claire-jannot.com\/index.php?rest_route=%2Fwp%2Fv2%2Fmedia&parent=5817"}],"wp:term":[{"taxonomy":"category","embeddable":true,"href":"https:\/\/claire-jannot.com\/index.php?rest_route=%2Fwp%2Fv2%2Fcategories&post=5817"},{"taxonomy":"post_tag","embeddable":true,"href":"https:\/\/claire-jannot.com\/index.php?rest_route=%2Fwp%2Fv2%2Ftags&post=5817"}],"curies":[{"name":"wp","href":"https:\/\/api.w.org\/{rel}","templated":true}]}}