{"id":5821,"date":"2014-12-25T17:45:07","date_gmt":"2014-12-25T16:45:07","guid":{"rendered":"http:\/\/www.grandesterresbio.com\/?p=5821"},"modified":"2015-01-17T16:52:41","modified_gmt":"2015-01-17T15:52:41","slug":"mobilisation-au-sujet-de-la-maree-noire-au-bangladesh","status":"publish","type":"post","link":"https:\/\/claire-jannot.com\/?p=5821","title":{"rendered":"Mobilisation au sujet de la mar\u00e9e noire au Bangladesh"},"content":{"rendered":"<h2><span style=\"color: #000000;\">Europe Ecologie-Les Verts (EELV) lundi \u00e0 la \u00ab\u00a0mobilisation de la communaut\u00e9 internationale\u00a0\u00bb au sujet de la mar\u00e9e noire \u00ab\u00a0historique\u00a0\u00bb dans une rivi\u00e8re au Bangladesh qui \u00ab\u00a0seul n&rsquo;a pas les moyens de lutter efficacement contre un tel fl\u00e9au\u00a0\u00bb.<\/span><\/h2>\n<p><span style=\"color: #000000;\"><a href=\"https:\/\/i0.wp.com\/www.grandesterresbio.com\/wp-content\/uploads\/2014\/12\/bangladesh.jpg\"><img data-recalc-dims=\"1\" loading=\"lazy\" decoding=\"async\" class=\"alignleft wp-image-5822 \" src=\"https:\/\/i0.wp.com\/www.grandesterresbio.com\/wp-content\/uploads\/2014\/12\/bangladesh.jpg?resize=443%2C231\" alt=\"bangladesh\" width=\"443\" height=\"231\" srcset=\"https:\/\/i0.wp.com\/claire-jannot.com\/wp-content\/uploads\/2014\/12\/bangladesh.jpg?w=563&amp;ssl=1 563w, https:\/\/i0.wp.com\/claire-jannot.com\/wp-content\/uploads\/2014\/12\/bangladesh.jpg?resize=300%2C156&amp;ssl=1 300w\" sizes=\"auto, (max-width: 443px) 100vw, 443px\" \/><\/a>Un p\u00e9trolier transportant environ <strong>357.000 litres de p\u00e9trole<\/strong> a coul\u00e9 dans la r\u00e9gion prot\u00e9g\u00e9e des <strong>Sundarbans<\/strong> apr\u00e8s une collision avec un autre navire.\u00a0<\/span><br \/>\n<span style=\"color: #000000;\"><strong>\u00ab\u00a0C&rsquo;est une mar\u00e9e noire historique dans une r\u00e9serve exceptionnelle de biodiversit\u00e9<\/strong> qui est en train de se d\u00e9rouler dans une indiff\u00e9rence bien trop grande\u00a0\u00bb, \u00e9crit EELV dans un communiqu\u00e9.<\/span><br \/>\n<span style=\"color: #000000;\">Les for\u00eats de mangroves sont des lieux <strong>\u00ab\u00a0cruciaux pour la reproduction de nombre d&rsquo;esp\u00e8ces\u00a0\u00bb<\/strong> et \u00ab\u00a0constituent des lieux de p\u00eache et de ressources \u00e9conomiques pour de nombreux habitants de cette zone et les cons\u00e9quences \u00e9conomiques et sociales risquent d&rsquo;\u00eatre \u00e9galement tr\u00e8s importantes\u00a0\u00bb, poursuit le parti \u00e9cologiste.<\/span><br \/>\n<span style=\"color: #000000;\"><strong>\u00ab\u00a0Cette mar\u00e9e noire se d\u00e9roule dans la plus grande for\u00eat de mangroves du monde, class\u00e9e au Patrimoine mondial de l&rsquo;Unesco.<\/strong> Or les moyens pr\u00e9vus pour lutter contre le naufrage du p\u00e9trolier de la <strong>Bangladesh Petroleum Corporation<\/strong> semblent d\u00e9risoires et dangereux : bambous et produits chimiques sont inutiles voire destructeurs pour cet \u00e9cosyst\u00e8me\u00a0\u00bb, poursuit EELV.<\/span><br \/>\n<span style=\"color: #000000;\">\u00ab\u00a0Le Bangladesh seul n&rsquo;a pas les moyens de lutter efficacement contre un tel fl\u00e9au. La mobilisation de moyens en soutien au Bangladesh est indispensable\u00a0\u00bb. <strong>\u00ab\u00a0EELV appelle \u00e9galement \u00e0 ce qu&rsquo;une l\u00e9gislation internationale soit mise en place<\/strong> pour prot\u00e9ger les zones sensibles de ce type de risques\u00a0\u00bb, selon le texte.<\/span><\/p>\n<address><span style=\"color: #000000;\">Source :\u00a0PARIS,\u00a015 d\u00e9c 2014 (AFP)<\/span><\/address>\n<p>&nbsp;<\/p>\n","protected":false},"excerpt":{"rendered":"<p>Europe Ecologie-Les Verts (EELV) lundi \u00e0 la \u00ab\u00a0mobilisation de la communaut\u00e9 internationale\u00a0\u00bb au sujet de la mar\u00e9e noire \u00ab\u00a0historique\u00a0\u00bb dans une rivi\u00e8re au Bangladesh qui \u00ab\u00a0seul n&rsquo;a pas les moyens de lutter efficacement contre un tel fl\u00e9au\u00a0\u00bb. Un p\u00e9trolier transportant &hellip; <a href=\"https:\/\/claire-jannot.com\/?p=5821\">Continuer la lecture <span class=\"meta-nav\">&rarr;<\/span><\/a><\/p>\n","protected":false},"author":1,"featured_media":0,"comment_status":"open","ping_status":"open","sticky":false,"template":"","format":"standard","meta":{"jetpack_post_was_ever_published":false,"_jetpack_newsletter_access":"","_jetpack_dont_email_post_to_subs":false,"_jetpack_newsletter_tier_id":0,"_jetpack_memberships_contains_paywalled_content":false,"_jetpack_memberships_contains_paid_content":false,"footnotes":"","jetpack_publicize_message":"","jetpack_publicize_feature_enabled":true,"jetpack_social_post_already_shared":true,"jetpack_social_options":{"image_generator_settings":{"template":"highway","default_image_id":0,"font":"","enabled":false},"version":2}},"categories":[2,49],"tags":[39,4,5,52,36,48],"class_list":["post-5821","post","type-post","status-publish","format-standard","hentry","category-ecologie","category-vie-animale-2","tag-eau","tag-ecologie2","tag-environnement","tag-oceans","tag-pollution","tag-vie-animale"],"jetpack_publicize_connections":[],"jetpack_featured_media_url":"","jetpack_sharing_enabled":true,"jetpack_shortlink":"https:\/\/wp.me\/p5jjt5-1vT","_links":{"self":[{"href":"https:\/\/claire-jannot.com\/index.php?rest_route=\/wp\/v2\/posts\/5821","targetHints":{"allow":["GET"]}}],"collection":[{"href":"https:\/\/claire-jannot.com\/index.php?rest_route=\/wp\/v2\/posts"}],"about":[{"href":"https:\/\/claire-jannot.com\/index.php?rest_route=\/wp\/v2\/types\/post"}],"author":[{"embeddable":true,"href":"https:\/\/claire-jannot.com\/index.php?rest_route=\/wp\/v2\/users\/1"}],"replies":[{"embeddable":true,"href":"https:\/\/claire-jannot.com\/index.php?rest_route=%2Fwp%2Fv2%2Fcomments&post=5821"}],"version-history":[{"count":1,"href":"https:\/\/claire-jannot.com\/index.php?rest_route=\/wp\/v2\/posts\/5821\/revisions"}],"predecessor-version":[{"id":5823,"href":"https:\/\/claire-jannot.com\/index.php?rest_route=\/wp\/v2\/posts\/5821\/revisions\/5823"}],"wp:attachment":[{"href":"https:\/\/claire-jannot.com\/index.php?rest_route=%2Fwp%2Fv2%2Fmedia&parent=5821"}],"wp:term":[{"taxonomy":"category","embeddable":true,"href":"https:\/\/claire-jannot.com\/index.php?rest_route=%2Fwp%2Fv2%2Fcategories&post=5821"},{"taxonomy":"post_tag","embeddable":true,"href":"https:\/\/claire-jannot.com\/index.php?rest_route=%2Fwp%2Fv2%2Ftags&post=5821"}],"curies":[{"name":"wp","href":"https:\/\/api.w.org\/{rel}","templated":true}]}}