{"id":5824,"date":"2014-12-25T18:03:12","date_gmt":"2014-12-25T17:03:12","guid":{"rendered":"http:\/\/www.grandesterresbio.com\/?p=5824"},"modified":"2015-01-17T16:52:51","modified_gmt":"2015-01-17T15:52:51","slug":"debut-de-negociations-pour-les-quotas-de-peche-2015","status":"publish","type":"post","link":"https:\/\/claire-jannot.com\/?p=5824","title":{"rendered":"D\u00e9but des n\u00e9gociations pour les quotas de p\u00eache 2015"},"content":{"rendered":"<h2>P\u00eacheurs et militants \u00e9cologistes mettent\u00a0sous pression les ministres europ\u00e9ens de la P\u00eache, somm\u00e9s de concilier int\u00e9r\u00eats du secteur et conservation des poissons, \u00e0 l&rsquo;amorce de difficiles n\u00e9gociations sur les taux de captures pour 2015.<\/h2>\n<p><span style=\"color: #000000;\"><a href=\"https:\/\/i0.wp.com\/www.grandesterresbio.com\/wp-content\/uploads\/2014\/12\/800px-Le_port_de_L_Aiguillon-sur-Mer_4.jpg\"><img data-recalc-dims=\"1\" loading=\"lazy\" decoding=\"async\" class=\"alignleft wp-image-5825 \" src=\"https:\/\/i0.wp.com\/www.grandesterresbio.com\/wp-content\/uploads\/2014\/12\/800px-Le_port_de_L_Aiguillon-sur-Mer_4.jpg?resize=341%2C227\" alt=\"chaluts-www.grandesterresbio.com\" width=\"341\" height=\"227\" srcset=\"https:\/\/i0.wp.com\/claire-jannot.com\/wp-content\/uploads\/2014\/12\/800px-Le_port_de_L_Aiguillon-sur-Mer_4.jpg?w=800&amp;ssl=1 800w, https:\/\/i0.wp.com\/claire-jannot.com\/wp-content\/uploads\/2014\/12\/800px-Le_port_de_L_Aiguillon-sur-Mer_4.jpg?resize=300%2C199&amp;ssl=1 300w\" sizes=\"auto, (max-width: 341px) 100vw, 341px\" \/><\/a>\u00ab\u00a0Cela va \u00eatre difficile\u00a0\u00bb, a relev\u00e9 \u00e0 son arriv\u00e9e \u00e0 la r\u00e9union, qui doit se prolonger la ministre espagnole de l&rsquo;Agriculture, <strong>Isabel Tejerina.<\/strong> \u00ab\u00a0De notre point de vue, l&rsquo;interpr\u00e9tation de la Commission europ\u00e9enne est tr\u00e8s stricte\u00a0\u00bb et <strong>\u00ab\u00a0nous croyons qu&rsquo;il y a des marges pour les am\u00e9liorer\u00a0\u00bb au profit des p\u00eacheurs<\/strong>, a-t-elle soulign\u00e9. <\/span><\/p>\n<p><span style=\"color: #000000;\">Pour l&rsquo;Atlantique et la mer du Nord, l&rsquo;ex\u00e9cutif europ\u00e9en propose d&rsquo;<strong>augmenter ou maintenir les quantit\u00e9s de p\u00eache autoris\u00e9es pour 29 stocks et de les r\u00e9duire pour 40 stocks, notamment pour la sole, l&rsquo;\u00e9glefin et le cabillaud.<\/strong> <\/span><\/p>\n<p><span style=\"color: #000000;\">La Commission invoque les prescriptions de la politique commune de p\u00eache <strong>(PCP)<\/strong>, r\u00e9form\u00e9e en 2013 pour lutter contre la surexploitation des ressources halieutiques, affectant <strong>40% des stocks<\/strong> en Atlantique et Mer du Nord.\u00a0<\/span><br \/>\n<span style=\"color: #000000;\">La nouvelle PCP pr\u00e9voit que les taux de captures (TAC) soient <strong>fix\u00e9es de mani\u00e8re \u00e0 assurer la p\u00e9rennit\u00e9 des esp\u00e8ces d&rsquo;ici 2020<\/strong>, et d\u00e8s que possible \u00e0 partir de 2015, tout en tenant compte de l&rsquo;impact socio-\u00e9conomique. <\/span><br \/>\n<span style=\"color: #000000;\">Invoquant les progr\u00e8s en cours contre la surp\u00eache, les organisations professionnelles et grands pays p\u00eacheurs (Espagne, France et Royaume-Uni) veulent \u00e9taler les mesures n\u00e9cessaires. <\/span><br \/>\n<span style=\"color: #000000;\">\u00ab\u00a0Nous voulons voir les stocks p\u00each\u00e9s aux niveaux de <strong>rendement maximal durable<\/strong>, mais nous voulons aussi voir les p\u00eacheurs prendre la mer\u00a0\u00bb, a rappel\u00e9 lundi <strong>Europ\u00eache<\/strong>, qui regroupe des organisations nationales d&rsquo;entreprises de p\u00eache de l&rsquo;UE. <\/span><\/p>\n<p><span style=\"color: #000000;\">De leur c\u00f4t\u00e9, les ONG environnementales, dont <strong>Greenpeace, la Fondation Pew ou Oceana<\/strong>, sont mobilis\u00e9es contre tout d\u00e9lai. Dans une lettre sign\u00e9e par 137 organisations, elles demandent aux ministres de <strong>\u00ab\u00a0refuser la facilit\u00e9 de reporter les efforts \u00e0 plus tard\u00a0\u00bb<\/strong><\/span><br \/>\n<span style=\"color: #000000;\">Pour ass\u00e9ner le message, des activistes de Greenpeace ont d\u00e9ploy\u00e9 une banderole repr\u00e9sentant des <strong>fonds marins d\u00e9serts, frapp\u00e9s de l&rsquo;inscription \u00ab\u00a0empty\u00a0\u00bb (vide)<\/strong>, devant le b\u00e2timent o\u00f9 se tient la r\u00e9union des ministres. <\/span><br \/>\n<span style=\"color: #000000;\">Le Premier ministre fran\u00e7ais, Manuel Valls, avait assur\u00e9 au d\u00e9but du mois que la France d\u00e9fendra des TAC tenant compte de <strong>\u00ab\u00a0l&rsquo;impact \u00e9conomique sur la fili\u00e8re\u00a0\u00bb.<\/strong> Il avait pr\u00f4n\u00e9 de <strong>d\u00e9passer l'\u00a0\u00bbopposition st\u00e9rile entre \u00ab\u00a0les d\u00e9fenseurs des poissons\u00a0\u00bb et les \u00ab\u00a0d\u00e9fenseurs des p\u00eacheurs\u00a0\u00bb.<\/strong><\/span><\/p>\n<address><span style=\"color: #000000;\">Source :\u00a0BRUXELLES,\u00a015 d\u00e9c 2014 (AFP)<\/span><\/address>\n<address><span style=\"color: #000000;\">Cr\u00e9dit photo : Par Jean-Pierre Bazard Jpbazard (Travail personnel) [GFDL (http:\/\/www.gnu.org\/copyleft\/fdl.html) ou CC BY-SA 3.0 (http:\/\/creativecommons.org\/licenses\/by-sa\/3.0)], via Wikimedia Commons\u00a0<\/span><\/address>\n<address>\u00a0<\/address>\n<address>\u00a0<\/address>\n<address>\u00a0<\/address>\n<address>\u00a0<\/address>\n<address>\u00a0<\/address>\n","protected":false},"excerpt":{"rendered":"<p>P\u00eacheurs et militants \u00e9cologistes mettent\u00a0sous pression les ministres europ\u00e9ens de la P\u00eache, somm\u00e9s de concilier int\u00e9r\u00eats du secteur et conservation des poissons, \u00e0 l&rsquo;amorce de difficiles n\u00e9gociations sur les taux de captures pour 2015. \u00ab\u00a0Cela va \u00eatre difficile\u00a0\u00bb, a relev\u00e9 &hellip; <a href=\"https:\/\/claire-jannot.com\/?p=5824\">Continuer la lecture <span class=\"meta-nav\">&rarr;<\/span><\/a><\/p>\n","protected":false},"author":1,"featured_media":0,"comment_status":"open","ping_status":"open","sticky":false,"template":"","format":"standard","meta":{"jetpack_post_was_ever_published":false,"_jetpack_newsletter_access":"","_jetpack_dont_email_post_to_subs":false,"_jetpack_newsletter_tier_id":0,"_jetpack_memberships_contains_paywalled_content":false,"_jetpack_memberships_contains_paid_content":false,"footnotes":"","jetpack_publicize_message":"","jetpack_publicize_feature_enabled":true,"jetpack_social_post_already_shared":true,"jetpack_social_options":{"image_generator_settings":{"template":"highway","default_image_id":0,"font":"","enabled":false},"version":2}},"categories":[2,47],"tags":[3,39,4,5,52,11,48],"class_list":["post-5824","post","type-post","status-publish","format-standard","hentry","category-ecologie","category-societe","tag-consommation","tag-eau","tag-ecologie2","tag-environnement","tag-oceans","tag-societe-2","tag-vie-animale"],"jetpack_publicize_connections":[],"jetpack_featured_media_url":"","jetpack_sharing_enabled":true,"jetpack_shortlink":"https:\/\/wp.me\/p5jjt5-1vW","_links":{"self":[{"href":"https:\/\/claire-jannot.com\/index.php?rest_route=\/wp\/v2\/posts\/5824","targetHints":{"allow":["GET"]}}],"collection":[{"href":"https:\/\/claire-jannot.com\/index.php?rest_route=\/wp\/v2\/posts"}],"about":[{"href":"https:\/\/claire-jannot.com\/index.php?rest_route=\/wp\/v2\/types\/post"}],"author":[{"embeddable":true,"href":"https:\/\/claire-jannot.com\/index.php?rest_route=\/wp\/v2\/users\/1"}],"replies":[{"embeddable":true,"href":"https:\/\/claire-jannot.com\/index.php?rest_route=%2Fwp%2Fv2%2Fcomments&post=5824"}],"version-history":[{"count":3,"href":"https:\/\/claire-jannot.com\/index.php?rest_route=\/wp\/v2\/posts\/5824\/revisions"}],"predecessor-version":[{"id":5831,"href":"https:\/\/claire-jannot.com\/index.php?rest_route=\/wp\/v2\/posts\/5824\/revisions\/5831"}],"wp:attachment":[{"href":"https:\/\/claire-jannot.com\/index.php?rest_route=%2Fwp%2Fv2%2Fmedia&parent=5824"}],"wp:term":[{"taxonomy":"category","embeddable":true,"href":"https:\/\/claire-jannot.com\/index.php?rest_route=%2Fwp%2Fv2%2Fcategories&post=5824"},{"taxonomy":"post_tag","embeddable":true,"href":"https:\/\/claire-jannot.com\/index.php?rest_route=%2Fwp%2Fv2%2Ftags&post=5824"}],"curies":[{"name":"wp","href":"https:\/\/api.w.org\/{rel}","templated":true}]}}