{"id":5833,"date":"2015-01-06T20:20:03","date_gmt":"2015-01-06T19:20:03","guid":{"rendered":"http:\/\/www.grandesterresbio.com\/?p=5833"},"modified":"2015-01-06T20:20:03","modified_gmt":"2015-01-06T19:20:03","slug":"notre-dame-des-landes-ou-en-est-on","status":"publish","type":"post","link":"https:\/\/claire-jannot.com\/?p=5833","title":{"rendered":"Notre Dame des Landes : O\u00f9 en est-on ?"},"content":{"rendered":"<h2><span style=\"color: #000000;\">Fran\u00e7ois Hollande a annonc\u00e9 lundi que lorsque les recours ser(aient) \u00e9puis\u00e9s, le projet d&rsquo;a\u00e9roport \u00e0 Notre-Dames-des-Landes, pr\u00e8s de Nantes, serait \u00ab\u00a0lanc\u00e9\u00a0\u00bb.<\/span><\/h2>\n<p><span style=\"color: #000000;\"><a href=\"https:\/\/i0.wp.com\/www.grandesterresbio.com\/wp-content\/uploads\/2015\/01\/800px-W0125-NDdL_ZaD_ChicaneD281_56876.jpg\"><img data-recalc-dims=\"1\" loading=\"lazy\" decoding=\"async\" class=\"alignleft wp-image-5834 \" src=\"https:\/\/i0.wp.com\/www.grandesterresbio.com\/wp-content\/uploads\/2015\/01\/800px-W0125-NDdL_ZaD_ChicaneD281_56876.jpg?resize=337%2C224\" alt=\"notredamedeslandes-www.grandesterresbio.com\" width=\"337\" height=\"224\" srcset=\"https:\/\/i0.wp.com\/claire-jannot.com\/wp-content\/uploads\/2015\/01\/800px-W0125-NDdL_ZaD_ChicaneD281_56876.jpg?w=800&amp;ssl=1 800w, https:\/\/i0.wp.com\/claire-jannot.com\/wp-content\/uploads\/2015\/01\/800px-W0125-NDdL_ZaD_ChicaneD281_56876.jpg?resize=300%2C199&amp;ssl=1 300w\" sizes=\"auto, (max-width: 337px) 100vw, 337px\" \/><\/a>\u00ab\u00a0Ce projet est lanc\u00e9 depuis des ann\u00e9es, il est contest\u00e9, il y a des recours. <strong>Tant que les recours ne sont pas \u00e9puis\u00e9s le projet ne peut pas \u00eatre lanc\u00e9.<\/strong> Quand les recours seront \u00e9puis\u00e9s, le projet sera lanc\u00e9\u00a0\u00bb, a d\u00e9clar\u00e9 le pr\u00e9sident de la R\u00e9publique sur France Inter.<\/span><br \/>\n<span style=\"color: #000000;\">\u00ab\u00a0Comme si cela r\u00e9duisait la politique \u00e9cologique du pays\u00a0\u00bb, s&rsquo;est-il agac\u00e9. <\/span><br \/>\n<span style=\"color: #000000;\"><strong>Le projet d&rsquo;a\u00e9roport de Notre-Dames-des-landes est source de tensions<\/strong> entre l&rsquo;ex\u00e9cutif et les \u00e9cologistes depuis le d\u00e9but du quinquennat de Fran\u00e7ois Hollande.<\/span><br \/>\n<span style=\"color: #000000;\"><strong>Huit recours, non suspensifs,<\/strong> visant \u00e0 obliger l&rsquo;Etat et les collectivit\u00e9s \u00e0 r\u00e9clamer le remboursement de pr\u00e8s de <strong>38 millions d&rsquo;euros d&rsquo;aides vers\u00e9es<\/strong> au concessionnaire du futur a\u00e9roport, AGO (A\u00e9roports du Grand ouest, filiale du groupe Vinci), ont \u00e9t\u00e9 d\u00e9pos\u00e9s fin octobre. Ils s&rsquo;ajoutent \u00e0 une <strong>trentaine de contentieux<\/strong> encore en cours de traitement, selon les opposants. <\/span><br \/>\n<span style=\"color: #000000;\">Fin novembre, le Conseil d&rsquo;Etat a rejet\u00e9 les pourvois form\u00e9s par des riverains oppos\u00e9s au projet d&rsquo;a\u00e9roport pour obtenir l&rsquo;annulation de leur expropriation.<\/span><\/p>\n<p>&nbsp;<\/p>\n<address><span style=\"color: #000000;\">Source :\u00a0PARIS, 5 jan 2015 (AFP)<\/span><\/address>\n<address><span style=\"color: #000000;\">Cr\u00e9dit photo : Par Llann W\u00e9\u00b2 (Travail personnel) [CC BY-SA 3.0 (http:\/\/creativecommons.org\/licenses\/by-sa\/3.0)], via Wikimedia Commons<\/span><\/address>\n<address>\u00a0<\/address>\n<address>\u00a0<\/address>\n<address>\u00a0<\/address>\n","protected":false},"excerpt":{"rendered":"<p>Fran\u00e7ois Hollande a annonc\u00e9 lundi que lorsque les recours ser(aient) \u00e9puis\u00e9s, le projet d&rsquo;a\u00e9roport \u00e0 Notre-Dames-des-Landes, pr\u00e8s de Nantes, serait \u00ab\u00a0lanc\u00e9\u00a0\u00bb. \u00ab\u00a0Ce projet est lanc\u00e9 depuis des ann\u00e9es, il est contest\u00e9, il y a des recours. Tant que les recours &hellip; <a href=\"https:\/\/claire-jannot.com\/?p=5833\">Continuer la lecture <span class=\"meta-nav\">&rarr;<\/span><\/a><\/p>\n","protected":false},"author":1,"featured_media":0,"comment_status":"open","ping_status":"open","sticky":false,"template":"","format":"standard","meta":{"jetpack_post_was_ever_published":false,"_jetpack_newsletter_access":"","_jetpack_dont_email_post_to_subs":false,"_jetpack_newsletter_tier_id":0,"_jetpack_memberships_contains_paywalled_content":false,"_jetpack_memberships_contains_paid_content":false,"footnotes":"","jetpack_publicize_message":"","jetpack_publicize_feature_enabled":true,"jetpack_social_post_already_shared":true,"jetpack_social_options":{"image_generator_settings":{"template":"highway","default_image_id":0,"font":"","enabled":false},"version":2}},"categories":[2,47],"tags":[26,4,5,11],"class_list":["post-5833","post","type-post","status-publish","format-standard","hentry","category-ecologie","category-societe","tag-architecture","tag-ecologie2","tag-environnement","tag-societe-2"],"jetpack_publicize_connections":[],"jetpack_featured_media_url":"","jetpack_sharing_enabled":true,"jetpack_shortlink":"https:\/\/wp.me\/p5jjt5-1w5","_links":{"self":[{"href":"https:\/\/claire-jannot.com\/index.php?rest_route=\/wp\/v2\/posts\/5833","targetHints":{"allow":["GET"]}}],"collection":[{"href":"https:\/\/claire-jannot.com\/index.php?rest_route=\/wp\/v2\/posts"}],"about":[{"href":"https:\/\/claire-jannot.com\/index.php?rest_route=\/wp\/v2\/types\/post"}],"author":[{"embeddable":true,"href":"https:\/\/claire-jannot.com\/index.php?rest_route=\/wp\/v2\/users\/1"}],"replies":[{"embeddable":true,"href":"https:\/\/claire-jannot.com\/index.php?rest_route=%2Fwp%2Fv2%2Fcomments&post=5833"}],"version-history":[{"count":2,"href":"https:\/\/claire-jannot.com\/index.php?rest_route=\/wp\/v2\/posts\/5833\/revisions"}],"predecessor-version":[{"id":5836,"href":"https:\/\/claire-jannot.com\/index.php?rest_route=\/wp\/v2\/posts\/5833\/revisions\/5836"}],"wp:attachment":[{"href":"https:\/\/claire-jannot.com\/index.php?rest_route=%2Fwp%2Fv2%2Fmedia&parent=5833"}],"wp:term":[{"taxonomy":"category","embeddable":true,"href":"https:\/\/claire-jannot.com\/index.php?rest_route=%2Fwp%2Fv2%2Fcategories&post=5833"},{"taxonomy":"post_tag","embeddable":true,"href":"https:\/\/claire-jannot.com\/index.php?rest_route=%2Fwp%2Fv2%2Ftags&post=5833"}],"curies":[{"name":"wp","href":"https:\/\/api.w.org\/{rel}","templated":true}]}}