{"id":5837,"date":"2015-01-06T21:04:05","date_gmt":"2015-01-06T20:04:05","guid":{"rendered":"http:\/\/www.grandesterresbio.com\/?p=5837"},"modified":"2015-01-06T21:04:05","modified_gmt":"2015-01-06T20:04:05","slug":"2014-annee-record-de-chaleur","status":"publish","type":"post","link":"https:\/\/claire-jannot.com\/?p=5837","title":{"rendered":"2014 : Ann\u00e9e record de chaleur"},"content":{"rendered":"<h2><span style=\"color: #000000;\">2014 aura bien \u00e9t\u00e9 l&rsquo;ann\u00e9e la plus chaude observ\u00e9e en France depuis 1900, a confirm\u00e9 M\u00e9t\u00e9o-France, une ann\u00e9e record aussi pour la Grande-Bretagne, la Belgique, l&rsquo;Espagne et l&rsquo;Allemagne.<\/span><\/h2>\n<p><span style=\"color: #000000;\"><a href=\"https:\/\/i0.wp.com\/www.grandesterresbio.com\/wp-content\/uploads\/2015\/01\/800px-Secheresse_en_Haute_Marne_France.jpg\"><img data-recalc-dims=\"1\" loading=\"lazy\" decoding=\"async\" class=\"alignleft wp-image-5838 \" src=\"https:\/\/i0.wp.com\/www.grandesterresbio.com\/wp-content\/uploads\/2015\/01\/800px-Secheresse_en_Haute_Marne_France.jpg?resize=432%2C324\" alt=\"Secheresse-www.grandesterresbio.com\" width=\"432\" height=\"324\" srcset=\"https:\/\/i0.wp.com\/claire-jannot.com\/wp-content\/uploads\/2015\/01\/800px-Secheresse_en_Haute_Marne_France.jpg?w=800&amp;ssl=1 800w, https:\/\/i0.wp.com\/claire-jannot.com\/wp-content\/uploads\/2015\/01\/800px-Secheresse_en_Haute_Marne_France.jpg?resize=300%2C225&amp;ssl=1 300w\" sizes=\"auto, (max-width: 432px) 100vw, 432px\" \/><\/a>La temp\u00e9rature moyenne annuelle sur l&rsquo;Hexagone <strong>(13,8\u00b0C) a d\u00e9pass\u00e9 de 1,2\u00b0C la normale (mesur\u00e9e sur la p\u00e9riode 1981-2010)<\/strong>, observe l&rsquo;organisme. L&rsquo;ann\u00e9e 2014 aura ainsi \u00e9t\u00e9 plus chaude encore que 2011 (+1,1\u00b0C) et 2003 (+1,0\u00b0C).<\/span><\/p>\n<p><span style=\"color: #000000;\">\u00ab\u00a0L&rsquo;ann\u00e9e \u00e9coul\u00e9e est \u00e9galement une ann\u00e9e record chez nos voisins europ\u00e9ens comme la <strong>Grande-Bretagne et l&rsquo;Espagne\u00a0\u00bb, ainsi qu&rsquo;en Allemagne et en Belgique<\/strong> o\u00f9 la temp\u00e9rature moyenne annuelle a d\u00e9pass\u00e9 la normale de 1,4\u00b0C, ajoute M\u00e9t\u00e9o-France dans son \u00ab\u00a0bilan climatique d\u00e9finitif 2014\u00a0\u00bb, confirmant des pr\u00e9visions publi\u00e9es mi-novembre et mi-d\u00e9cembre. <\/span><br \/>\n<span style=\"color: #000000;\">Ces records s&rsquo;inscrivent dans une tendance au r\u00e9chauffement tr\u00e8s nette, <strong>les 15 ann\u00e9es les plus chaudes observ\u00e9es en France depuis le d\u00e9but du XXe si\u00e8cle l&rsquo;ayant toutes \u00e9t\u00e9 au cours des 25 derni\u00e8res ann\u00e9es<\/strong>, selon la m\u00eame source.<\/span><br \/>\n<span style=\"color: #000000;\">En 2014 en France, les temp\u00e9ratures auront \u00e9t\u00e9 tr\u00e8s douces sur l&rsquo;ensemble des r\u00e9gions, sans p\u00e9riode de fortes chaleurs mais avec un <strong>nombre de jours de gel tr\u00e8s inf\u00e9rieur \u00e0 la normale, battant m\u00eame des records de raret\u00e9 \u00e0 Paris, Lyon ou Besan\u00e7on.<\/strong><\/span><br \/>\n<span style=\"color: #000000;\">La quasi-totalit\u00e9 des mois ont pr\u00e9sent\u00e9 des temp\u00e9ratures nettement sup\u00e9rieures aux normales, \u00e0 l&rsquo;exception de mai et juillet, proches des normales, et du mois d&rsquo;ao\u00fbt, particuli\u00e8rement frais, rappelle-t-on.<\/span><br \/>\n<span style=\"color: #000000;\">Le premier coup de froid de l&rsquo;hiver est intervenu tardivement, fin d\u00e9cembre. <strong>Paris a connu le 28 d\u00e9cembre sa premi\u00e8re gel\u00e9e depuis plus d&rsquo;un an et n&rsquo;aura finalement exp\u00e9riment\u00e9 que deux jours de gel au total au cours de cette ann\u00e9e.<\/strong><\/span><br \/>\n<span style=\"color: #000000;\">Le thermom\u00e8tre est descendu en dessous de 0\u00b0C pendant trois jours \u00e0 Brest (normale: 16 jours de gel par an), 5 jours \u00e0 Marignane (normale: 25 jours), 12 jours \u00e0 Lyon (normale: 50 jours), 17 jours \u00e0 Tarbes (normale: 41 jours), 27 jours \u00e0 Clermont-Ferrand (normale: 64 jours) et 29 jours \u00e0 Strasbourg (normale: 66 jours), \u00e9num\u00e8re M\u00e9t\u00e9o-France.<\/span><\/p>\n<p><span style=\"color: #000000;\">En moyenne sur la France et sur l&rsquo;ann\u00e9e, <strong>la pluviom\u00e9trie a \u00e9t\u00e9 sup\u00e9rieure \u00e0 la normale de plus de 10%<\/strong>, d&rsquo;apr\u00e8s ce bilan.<\/span><\/p>\n<p><span style=\"color: #000000;\">Au Royaume-Uni aussi, l&rsquo;ann\u00e9e 2014 a \u00e9t\u00e9 la plus chaude depuis le d\u00e9but des relev\u00e9s en 1910, ont indiqu\u00e9 lundi les services m\u00e9t\u00e9orologiques britanniques.<\/span><br \/>\n<span style=\"color: #000000;\">Selon des chiffres provisoires, la temp\u00e9rature moyenne s&rsquo;est \u00e9tablie \u00e0 9,9\u00b0C, 0,2 degr\u00e9 au-dessus du pr\u00e9c\u00e9dent record de 2006. Soit une temp\u00e9rature sup\u00e9rieure de 1,1 degr\u00e9 par rapport \u00e0 la moyenne enregistr\u00e9e entre 1981 et 2010. Les services m\u00e9t\u00e9orologiques ont en outre confirm\u00e9 que 2014 aura \u00e9t\u00e9 la quatri\u00e8me ann\u00e9e la plus humide depuis 1910 au Royaume-Uni.<\/span><br \/>\n<strong><span style=\"color: #000000;\">D\u00e9but d\u00e9cembre, l&rsquo;Organisation m\u00e9t\u00e9orologique mondiale (OMM) avait indiqu\u00e9 que les temp\u00e9ratures relev\u00e9es entre janvier et octobre autour du globe, sur terre et mer, pourraient faire de 2014 l&rsquo;ann\u00e9e la plus chaude depuis 1880 dans le monde.<\/span><\/strong><\/p>\n<address><span style=\"color: #000000;\">Source :\u00a0PARIS, 5 jan 2015 (AFP)<\/span><\/address>\n<address><span style=\"color: #000000;\">Cr\u00e9dit photo :\u00a0Par Isl@m (Travail personnel) [CC BY-SA 3.0 (http:\/\/creativecommons.org\/licenses\/by-sa\/3.0)], via Wikimedia Commons<\/span><\/address>\n<address>\u00a0<\/address>\n<address>\u00a0<\/address>\n<address>\u00a0<\/address>\n<address>\u00a0<\/address>\n","protected":false},"excerpt":{"rendered":"<p>2014 aura bien \u00e9t\u00e9 l&rsquo;ann\u00e9e la plus chaude observ\u00e9e en France depuis 1900, a confirm\u00e9 M\u00e9t\u00e9o-France, une ann\u00e9e record aussi pour la Grande-Bretagne, la Belgique, l&rsquo;Espagne et l&rsquo;Allemagne. La temp\u00e9rature moyenne annuelle sur l&rsquo;Hexagone (13,8\u00b0C) a d\u00e9pass\u00e9 de 1,2\u00b0C la &hellip; <a href=\"https:\/\/claire-jannot.com\/?p=5837\">Continuer la lecture <span class=\"meta-nav\">&rarr;<\/span><\/a><\/p>\n","protected":false},"author":1,"featured_media":0,"comment_status":"open","ping_status":"open","sticky":false,"template":"","format":"standard","meta":{"jetpack_post_was_ever_published":false,"_jetpack_newsletter_access":"","_jetpack_dont_email_post_to_subs":false,"_jetpack_newsletter_tier_id":0,"_jetpack_memberships_contains_paywalled_content":false,"_jetpack_memberships_contains_paid_content":false,"footnotes":"","jetpack_publicize_message":"","jetpack_publicize_feature_enabled":true,"jetpack_social_post_already_shared":true,"jetpack_social_options":{"image_generator_settings":{"template":"highway","default_image_id":0,"font":"","enabled":false},"version":2}},"categories":[2],"tags":[51,4,5],"class_list":["post-5837","post","type-post","status-publish","format-standard","hentry","category-ecologie","tag-climat","tag-ecologie2","tag-environnement"],"jetpack_publicize_connections":[],"jetpack_featured_media_url":"","jetpack_sharing_enabled":true,"jetpack_shortlink":"https:\/\/wp.me\/p5jjt5-1w9","_links":{"self":[{"href":"https:\/\/claire-jannot.com\/index.php?rest_route=\/wp\/v2\/posts\/5837","targetHints":{"allow":["GET"]}}],"collection":[{"href":"https:\/\/claire-jannot.com\/index.php?rest_route=\/wp\/v2\/posts"}],"about":[{"href":"https:\/\/claire-jannot.com\/index.php?rest_route=\/wp\/v2\/types\/post"}],"author":[{"embeddable":true,"href":"https:\/\/claire-jannot.com\/index.php?rest_route=\/wp\/v2\/users\/1"}],"replies":[{"embeddable":true,"href":"https:\/\/claire-jannot.com\/index.php?rest_route=%2Fwp%2Fv2%2Fcomments&post=5837"}],"version-history":[{"count":1,"href":"https:\/\/claire-jannot.com\/index.php?rest_route=\/wp\/v2\/posts\/5837\/revisions"}],"predecessor-version":[{"id":5839,"href":"https:\/\/claire-jannot.com\/index.php?rest_route=\/wp\/v2\/posts\/5837\/revisions\/5839"}],"wp:attachment":[{"href":"https:\/\/claire-jannot.com\/index.php?rest_route=%2Fwp%2Fv2%2Fmedia&parent=5837"}],"wp:term":[{"taxonomy":"category","embeddable":true,"href":"https:\/\/claire-jannot.com\/index.php?rest_route=%2Fwp%2Fv2%2Fcategories&post=5837"},{"taxonomy":"post_tag","embeddable":true,"href":"https:\/\/claire-jannot.com\/index.php?rest_route=%2Fwp%2Fv2%2Ftags&post=5837"}],"curies":[{"name":"wp","href":"https:\/\/api.w.org\/{rel}","templated":true}]}}