{"id":5840,"date":"2015-01-06T21:25:20","date_gmt":"2015-01-06T20:25:20","guid":{"rendered":"http:\/\/www.grandesterresbio.com\/?p=5840"},"modified":"2020-03-13T09:21:11","modified_gmt":"2020-03-13T08:21:11","slug":"la-pionniere-du-mouvement-naturiste-seteint-a-103-ans","status":"publish","type":"post","link":"https:\/\/claire-jannot.com\/?p=5840","title":{"rendered":"La pionni\u00e8re du mouvement naturiste s&rsquo;\u00e9teint \u00e0 103 ans"},"content":{"rendered":"<h2>Christiane Lecocq, qui avait fond\u00e9 il y a 65 ans la F\u00e9d\u00e9ration fran\u00e7aise de naturisme, est d\u00e9c\u00e9d\u00e9e le 24 d\u00e9cembre \u00e0 l&rsquo;\u00e2ge de 103 ans, a-t-on appris vendredi aupr\u00e8s de l&rsquo;association.<\/h2>\n<p><span style=\"color: #000000;\"><a href=\"https:\/\/i0.wp.com\/www.grandesterresbio.com\/wp-content\/uploads\/2015\/01\/755px-Sign-_Naturists_area.jpg\"><img data-recalc-dims=\"1\" loading=\"lazy\" decoding=\"async\" class=\"alignleft wp-image-5841 \" src=\"https:\/\/i0.wp.com\/www.grandesterresbio.com\/wp-content\/uploads\/2015\/01\/755px-Sign-_Naturists_area.jpg?resize=438%2C348\" alt=\"aireNaturiste -www.grandesterresbio.com\" width=\"438\" height=\"348\" srcset=\"https:\/\/i0.wp.com\/claire-jannot.com\/wp-content\/uploads\/2015\/01\/755px-Sign-_Naturists_area.jpg?w=755&amp;ssl=1 755w, https:\/\/i0.wp.com\/claire-jannot.com\/wp-content\/uploads\/2015\/01\/755px-Sign-_Naturists_area.jpg?resize=300%2C238&amp;ssl=1 300w\" sizes=\"auto, (max-width: 438px) 100vw, 438px\" \/><\/a>Native de Tourcoing (Nord), <strong>Christiane Lecocq, au c\u00f4t\u00e9 de son \u00e9poux Albert<\/strong>, a <strong>\u00ab\u00a0\u0153uvr\u00e9 au d\u00e9veloppement des valeurs naturistes et \u00e0 leur promotion\u00a0\u00bb<\/strong>, en cr\u00e9ant la <strong>F\u00e9d\u00e9ration fran\u00e7aise de naturisme (FFN) en 1950<\/strong>, puis en cofondant la F\u00e9d\u00e9ration naturiste internationale (FNI) en 1953, selon un billet post\u00e9 sur le site de la FFN.<\/span><br \/>\n<span style=\"color: #000000;\">\u00ab\u00a0Si la France est aujourd&rsquo;hui la <strong>premi\u00e8re destination naturiste mondiale, avec 3,5 millions de pratiquants<\/strong>, dont plus de 1,5 million de Fran\u00e7ais, elle ne peut nier que c&rsquo;est notamment gr\u00e2ce \u00e0 elle!\u00a0\u00bb, pr\u00e9cise Armand Jamier, pr\u00e9sident de la FFN, sur le site.<\/span><br \/>\n<span style=\"color: #000000;\">\u00ab\u00a0D\u00e8s les ann\u00e9es 50, le couple Lecocq a tout de suite <strong>mis en avant le caract\u00e8re social et familial du naturisme<\/strong> et a pressenti qu&rsquo;il pouvait devenir un produit touristique comme un autre\u00a0\u00bb, a rench\u00e9ri Yves Leclerc, vice-pr\u00e9sident de la FFN, joint par l&rsquo;AFP, confirmant une information d\u00e9voil\u00e9e par Le Parisien. <\/span><\/p>\n<p><span style=\"color: #000000;\">Le couple avait notamment cr\u00e9\u00e9 en 1950 le centre de vacances naturiste de <strong>Montalivet<\/strong> (Gironde), \u00ab\u00a0aujourd&rsquo;hui le plus important d&rsquo;Europe\u00a0\u00bb, selon M. Leclerc.<\/span><br \/>\n<span style=\"color: #000000;\">Mme Lecocq, qui a v\u00e9cu \u00e0 Carri\u00e8res-sur-Seine (Yvelines), est d\u00e9c\u00e9d\u00e9e \u00e0 Chatou, dans le m\u00eame d\u00e9partement. Elle devait \u00eatre inhum\u00e9e vendredi au cimeti\u00e8re de Carri\u00e8res-sur-Seine, o\u00f9 repose son \u00e9poux.<\/span><br \/>\n<span style=\"color: #000000;\"><strong>La FNI compte 16 millions d&rsquo;adeptes issus de 38 pays<\/strong>, selon M. Leclerc.<\/span><\/p>\n<address><span style=\"color: #000000;\">Source :PARIS, 2 jan 2015 (AFP)<\/span><\/address>\n<address><span style=\"color: #000000;\">Cr\u00e9dit photo :\u00a0Par Gerbil (Travail personnel) [CC BY-SA 3.0 (http:\/\/creativecommons.org\/licenses\/by-sa\/3.0) ou GFDL (http:\/\/www.gnu.org\/copyleft\/fdl.html)], via Wikimedia Commons<\/span><\/address>\n<address>\u00a0<\/address>\n<address>\u00a0<\/address>\n<address>\u00a0<\/address>\n<address>\u00a0<\/address>\n<address>\u00a0<\/address>\n","protected":false},"excerpt":{"rendered":"<p>Christiane Lecocq, qui avait fond\u00e9 il y a 65 ans la F\u00e9d\u00e9ration fran\u00e7aise de naturisme, est d\u00e9c\u00e9d\u00e9e le 24 d\u00e9cembre \u00e0 l&rsquo;\u00e2ge de 103 ans, a-t-on appris vendredi aupr\u00e8s de l&rsquo;association. Native de Tourcoing (Nord), Christiane Lecocq, au c\u00f4t\u00e9 de &hellip; <a href=\"https:\/\/claire-jannot.com\/?p=5840\">Continuer la lecture <span class=\"meta-nav\">&rarr;<\/span><\/a><\/p>\n","protected":false},"author":1,"featured_media":0,"comment_status":"open","ping_status":"open","sticky":false,"template":"","format":"standard","meta":{"jetpack_post_was_ever_published":false,"_jetpack_newsletter_access":"","_jetpack_dont_email_post_to_subs":false,"_jetpack_newsletter_tier_id":0,"_jetpack_memberships_contains_paywalled_content":false,"_jetpack_memberships_contains_paid_content":false,"footnotes":"","jetpack_publicize_message":"","jetpack_publicize_feature_enabled":true,"jetpack_social_post_already_shared":true,"jetpack_social_options":{"image_generator_settings":{"template":"highway","default_image_id":0,"font":"","enabled":false},"version":2}},"categories":[47],"tags":[76,27,11],"class_list":["post-5840","post","type-post","status-publish","format-standard","hentry","category-societe","tag-culture","tag-insolite","tag-societe-2"],"jetpack_publicize_connections":[],"jetpack_featured_media_url":"","jetpack_sharing_enabled":true,"jetpack_shortlink":"https:\/\/wp.me\/p5jjt5-1wc","_links":{"self":[{"href":"https:\/\/claire-jannot.com\/index.php?rest_route=\/wp\/v2\/posts\/5840","targetHints":{"allow":["GET"]}}],"collection":[{"href":"https:\/\/claire-jannot.com\/index.php?rest_route=\/wp\/v2\/posts"}],"about":[{"href":"https:\/\/claire-jannot.com\/index.php?rest_route=\/wp\/v2\/types\/post"}],"author":[{"embeddable":true,"href":"https:\/\/claire-jannot.com\/index.php?rest_route=\/wp\/v2\/users\/1"}],"replies":[{"embeddable":true,"href":"https:\/\/claire-jannot.com\/index.php?rest_route=%2Fwp%2Fv2%2Fcomments&post=5840"}],"version-history":[{"count":1,"href":"https:\/\/claire-jannot.com\/index.php?rest_route=\/wp\/v2\/posts\/5840\/revisions"}],"predecessor-version":[{"id":5842,"href":"https:\/\/claire-jannot.com\/index.php?rest_route=\/wp\/v2\/posts\/5840\/revisions\/5842"}],"wp:attachment":[{"href":"https:\/\/claire-jannot.com\/index.php?rest_route=%2Fwp%2Fv2%2Fmedia&parent=5840"}],"wp:term":[{"taxonomy":"category","embeddable":true,"href":"https:\/\/claire-jannot.com\/index.php?rest_route=%2Fwp%2Fv2%2Fcategories&post=5840"},{"taxonomy":"post_tag","embeddable":true,"href":"https:\/\/claire-jannot.com\/index.php?rest_route=%2Fwp%2Fv2%2Ftags&post=5840"}],"curies":[{"name":"wp","href":"https:\/\/api.w.org\/{rel}","templated":true}]}}