{"id":5857,"date":"2015-01-17T16:33:15","date_gmt":"2015-01-17T15:33:15","guid":{"rendered":"http:\/\/www.grandesterresbio.com\/?p=5857"},"modified":"2015-01-17T16:33:15","modified_gmt":"2015-01-17T15:33:15","slug":"le-logo-paris-climat-2015-la-tour-eiffel-sur-une-feuille","status":"publish","type":"post","link":"https:\/\/claire-jannot.com\/?p=5857","title":{"rendered":"Le logo Paris Climat 2015  : La tour Eiffel sur une feuille"},"content":{"rendered":"<h2><span style=\"color: #000000;\">Une feuille verte baign\u00e9e par le soleil et frapp\u00e9e d&rsquo;une tour Eiffel sera le logo de la grande\u00a0conf\u00e9rence sur le climat qui se tiendra \u00e0 Paris fin 2015, a d\u00e9voil\u00e9 mercredi le ministre des Affaires \u00e9trang\u00e8res, Laurent\u00a0Fabius.<\/span><\/h2>\n<p><span style=\"color: #000000;\"><a style=\"color: #000000;\" href=\"https:\/\/i0.wp.com\/www.grandesterresbio.com\/wp-content\/uploads\/2015\/01\/Logo-COP21-Paris-Climat-2015.jpg\"><img data-recalc-dims=\"1\" loading=\"lazy\" decoding=\"async\" class=\"alignleft wp-image-5858 \" src=\"https:\/\/i0.wp.com\/www.grandesterresbio.com\/wp-content\/uploads\/2015\/01\/Logo-COP21-Paris-Climat-2015.jpg?resize=247%2C247\" alt=\"Logo Paris Climat 2015-www.grandesterresbio.com\" width=\"247\" height=\"247\" srcset=\"https:\/\/i0.wp.com\/claire-jannot.com\/wp-content\/uploads\/2015\/01\/Logo-COP21-Paris-Climat-2015.jpg?w=768&amp;ssl=1 768w, https:\/\/i0.wp.com\/claire-jannot.com\/wp-content\/uploads\/2015\/01\/Logo-COP21-Paris-Climat-2015.jpg?resize=150%2C150&amp;ssl=1 150w, https:\/\/i0.wp.com\/claire-jannot.com\/wp-content\/uploads\/2015\/01\/Logo-COP21-Paris-Climat-2015.jpg?resize=300%2C300&amp;ssl=1 300w\" sizes=\"auto, (max-width: 247px) 100vw, 247px\" \/><\/a>\u00ab\u00a0Un symbole de la nature, de biodiversit\u00e9, et puis le soleil sans qui l&rsquo;on ne peut vivre, \u00e0 condition que la chaleur ne soit\u00a0pas excessive\u00a0\u00bb, a expliqu\u00e9 le ministre, qui pr\u00e9sidera <strong>\u00ab\u00a0la plus vaste conf\u00e9rence que la France aura jamais organis\u00e9e\u00a0\u00bb<\/strong>.<\/span><\/p>\n<p><span style=\"color: #000000;\">Quelque <strong>40.000 participants<\/strong>, d\u00e9l\u00e9gu\u00e9s, experts, membres de la soci\u00e9t\u00e9 civile, journalistes, sont attendus, a-t-il pr\u00e9cis\u00e9.\u00a0\u00ab\u00a0C&rsquo;est dans moins de 300 jours. L&rsquo;enjeu et le travail seront consid\u00e9rables et nous allons mettre toute notre \u00e9nergie\u00a0\u00bb\u00a0pour parvenir \u00e0 <strong>un accord permettant de limiter \u00e0 deux degr\u00e9s la hausse de la temp\u00e9rature moyenne<\/strong> par rapport \u00e0 l&rsquo;\u00e8re pr\u00e9-industrielle sachant que la plan\u00e8te a d\u00e9j\u00e0 gagn\u00e9 0,8\u00b0C, a-t-il dit.\u00a0Le slogan de la 21e COP (conf\u00e9rence des parties de la Convention de l&rsquo;Onu sur le climat) sera <strong>\u00ab\u00a0Tous ensemble pour le\u00a0climat\u00a0\u00bb.<\/strong><\/span><\/p>\n<p><span style=\"color: #000000;\">Les 195 pays membres de cette convention onusienne sont engag\u00e9s dans des n\u00e9gociations qui doivent d\u00e9boucher \u00e0 la fin\u00a0de l&rsquo;ann\u00e9e sur un accord <strong>les engageant tous dans la lutte contre le d\u00e9r\u00e8glement climatique \u00e0 partir de 2020.<\/strong>\u00a0Cet accord doit prendre le relais du <strong>protocole de Kyoto<\/strong>, qui ne concerne que les pays d\u00e9velopp\u00e9s, \u00e0 l&rsquo;exception notable\u00a0des Etats-Unis qui ne l&rsquo;ont pas ratifi\u00e9 et du Canada qui s&rsquo;est retir\u00e9 de la deuxi\u00e8me p\u00e9riode de Kyoto (2012-2020).<\/span><\/p>\n<address><span style=\"color: #000000;\">Source :\u00a0PARIS, 14 jan 2015 (AFP)<\/span><\/address>\n","protected":false},"excerpt":{"rendered":"<p>Une feuille verte baign\u00e9e par le soleil et frapp\u00e9e d&rsquo;une tour Eiffel sera le logo de la grande\u00a0conf\u00e9rence sur le climat qui se tiendra \u00e0 Paris fin 2015, a d\u00e9voil\u00e9 mercredi le ministre des Affaires \u00e9trang\u00e8res, Laurent\u00a0Fabius. \u00ab\u00a0Un symbole de &hellip; <a href=\"https:\/\/claire-jannot.com\/?p=5857\">Continuer la lecture <span class=\"meta-nav\">&rarr;<\/span><\/a><\/p>\n","protected":false},"author":1,"featured_media":0,"comment_status":"open","ping_status":"open","sticky":false,"template":"","format":"standard","meta":{"jetpack_post_was_ever_published":false,"_jetpack_newsletter_access":"","_jetpack_dont_email_post_to_subs":false,"_jetpack_newsletter_tier_id":0,"_jetpack_memberships_contains_paywalled_content":false,"_jetpack_memberships_contains_paid_content":false,"footnotes":"","jetpack_publicize_message":"","jetpack_publicize_feature_enabled":true,"jetpack_social_post_already_shared":true,"jetpack_social_options":{"image_generator_settings":{"template":"highway","default_image_id":0,"font":"","enabled":false},"version":2}},"categories":[2,47],"tags":[51,4,44,5,11],"class_list":["post-5857","post","type-post","status-publish","format-standard","hentry","category-ecologie","category-societe","tag-climat","tag-ecologie2","tag-energie","tag-environnement","tag-societe-2"],"jetpack_publicize_connections":[],"jetpack_featured_media_url":"","jetpack_sharing_enabled":true,"jetpack_shortlink":"https:\/\/wp.me\/p5jjt5-1wt","_links":{"self":[{"href":"https:\/\/claire-jannot.com\/index.php?rest_route=\/wp\/v2\/posts\/5857","targetHints":{"allow":["GET"]}}],"collection":[{"href":"https:\/\/claire-jannot.com\/index.php?rest_route=\/wp\/v2\/posts"}],"about":[{"href":"https:\/\/claire-jannot.com\/index.php?rest_route=\/wp\/v2\/types\/post"}],"author":[{"embeddable":true,"href":"https:\/\/claire-jannot.com\/index.php?rest_route=\/wp\/v2\/users\/1"}],"replies":[{"embeddable":true,"href":"https:\/\/claire-jannot.com\/index.php?rest_route=%2Fwp%2Fv2%2Fcomments&post=5857"}],"version-history":[{"count":1,"href":"https:\/\/claire-jannot.com\/index.php?rest_route=\/wp\/v2\/posts\/5857\/revisions"}],"predecessor-version":[{"id":5859,"href":"https:\/\/claire-jannot.com\/index.php?rest_route=\/wp\/v2\/posts\/5857\/revisions\/5859"}],"wp:attachment":[{"href":"https:\/\/claire-jannot.com\/index.php?rest_route=%2Fwp%2Fv2%2Fmedia&parent=5857"}],"wp:term":[{"taxonomy":"category","embeddable":true,"href":"https:\/\/claire-jannot.com\/index.php?rest_route=%2Fwp%2Fv2%2Fcategories&post=5857"},{"taxonomy":"post_tag","embeddable":true,"href":"https:\/\/claire-jannot.com\/index.php?rest_route=%2Fwp%2Fv2%2Ftags&post=5857"}],"curies":[{"name":"wp","href":"https:\/\/api.w.org\/{rel}","templated":true}]}}