{"id":5867,"date":"2015-01-17T17:13:45","date_gmt":"2015-01-17T16:13:45","guid":{"rendered":"http:\/\/www.grandesterresbio.com\/?p=5867"},"modified":"2020-03-13T09:20:53","modified_gmt":"2020-03-13T08:20:53","slug":"32eme-festival-du-film-denvironnement-du-3-au-10-fevrier-2015","status":"publish","type":"post","link":"https:\/\/claire-jannot.com\/?p=5867","title":{"rendered":"32\u00e8me Festival du film d&rsquo;environnement : du 3 au 10 f\u00e9vrier 2015"},"content":{"rendered":"<h2><span style=\"color: #000000;\">Le 32e Festival International du Film d&rsquo;Environnement (Fife) proposera plus d&rsquo;une centaine de films et webdocs du 3 au 10 f\u00e9vrier pour sensibiliser le public aux enjeux environnementaux, dans la perspective de la conf\u00e9rence de Paris sur le climat en d\u00e9cembre.<\/span><\/h2>\n<p><span style=\"color: #000000;\"><a href=\"https:\/\/i0.wp.com\/www.grandesterresbio.com\/wp-content\/uploads\/2015\/01\/fife-site-940x300.jpg\"><img data-recalc-dims=\"1\" loading=\"lazy\" decoding=\"async\" class=\"alignleft wp-image-5868 \" src=\"https:\/\/i0.wp.com\/www.grandesterresbio.com\/wp-content\/uploads\/2015\/01\/fife-site-940x300.jpg?resize=442%2C147\" alt=\"fife-www.grandesterresbio.com\" width=\"442\" height=\"147\" srcset=\"https:\/\/i0.wp.com\/claire-jannot.com\/wp-content\/uploads\/2015\/01\/fife-site-940x300.jpg?w=900&amp;ssl=1 900w, https:\/\/i0.wp.com\/claire-jannot.com\/wp-content\/uploads\/2015\/01\/fife-site-940x300.jpg?resize=300%2C100&amp;ssl=1 300w\" sizes=\"auto, (max-width: 442px) 100vw, 442px\" \/><\/a>Cette \u00e9dition du festival, organis\u00e9 <strong>depuis 2004 par la R\u00e9gion Ile-de-France<\/strong>, marque <strong>\u00ab\u00a0le lancement de l&rsquo;ann\u00e9e du climat par la R\u00e9gion\u00a0\u00bb<\/strong>, a d\u00e9clar\u00e9 mercredi <strong>Corinne Rufet<\/strong>, vice-pr\u00e9sidente de la R\u00e9gion charg\u00e9e de l&rsquo;environnement, de l&rsquo;agriculture et de l&rsquo;\u00e9nergie, au cours d&rsquo;une conf\u00e9rence de presse. <strong>Cent-un films et 20 webdocumentaires de 41 pays<\/strong>, plusieurs d\u00e9bats et rencontres figurent au menu de ce festival gratuit, qui se tiendra dans une quinzaine de lieux de Paris et de la r\u00e9gion parisienne. Une s\u00e9rie de prix seront d\u00e9cern\u00e9s par des jurys ou le public.<\/span><\/p>\n<p><span style=\"color: #000000;\">Outre <strong>le r\u00e9chauffement climatique<\/strong>, plusieurs autres th\u00e8mes seront \u00e9voqu\u00e9s: <strong>les \u00ab\u00a0initiatives citoyennes et solidaires en mati\u00e8re de d\u00e9veloppement durable\u00a0\u00bb<\/strong>, les liens entre l&rsquo;homme et l&rsquo;animal, \u00ab\u00a0sant\u00e9 et environnement\u00a0\u00bb, l&rsquo;eau, l&rsquo;environnement urbain&#8230;<\/span><\/p>\n<p><span style=\"color: #000000;\">La R\u00e9gion a un <strong>\u00ab\u00a0r\u00f4le essentiel\u00a0\u00bb \u00e0 jouer<\/strong>, notamment pour \u00ab\u00a0la mobilisation des citoyens, et donc des Franciliens, pour qu&rsquo;ils comprennent le mieux possible les enjeux\u00a0\u00bb de la conf\u00e9rence de Paris, a soulign\u00e9 Mme Rufet. Dans ce but, elle a <strong>dot\u00e9 de deux millions d&rsquo;euros pour 2015<\/strong> \u00ab\u00a0un fonds sp\u00e9cial\u00a0\u00bb cr\u00e9\u00e9 \u00ab\u00a0pour soutenir le monde associatif\u00a0\u00bb, contre <strong>700.000 euros en 2014<\/strong>, a-t-elle indiqu\u00e9, pr\u00e9cisant qu&rsquo;une dizaine de manifestations rythmeront l&rsquo;ann\u00e9e.<\/span><\/p>\n<address><span style=\"color: #000000;\">Source :\u00a0PARIS, 14 jan 2015 (AFP)<\/span><\/address>\n<address>\u00a0<\/address>\n<address>\u00a0<\/address>\n<address>\u00a0<\/address>\n","protected":false},"excerpt":{"rendered":"<p>Le 32e Festival International du Film d&rsquo;Environnement (Fife) proposera plus d&rsquo;une centaine de films et webdocs du 3 au 10 f\u00e9vrier pour sensibiliser le public aux enjeux environnementaux, dans la perspective de la conf\u00e9rence de Paris sur le climat en &hellip; <a href=\"https:\/\/claire-jannot.com\/?p=5867\">Continuer la lecture <span class=\"meta-nav\">&rarr;<\/span><\/a><\/p>\n","protected":false},"author":1,"featured_media":0,"comment_status":"open","ping_status":"open","sticky":false,"template":"","format":"standard","meta":{"jetpack_post_was_ever_published":false,"_jetpack_newsletter_access":"","_jetpack_dont_email_post_to_subs":false,"_jetpack_newsletter_tier_id":0,"_jetpack_memberships_contains_paywalled_content":false,"_jetpack_memberships_contains_paid_content":false,"footnotes":"","jetpack_publicize_message":"","jetpack_publicize_feature_enabled":true,"jetpack_social_post_already_shared":true,"jetpack_social_options":{"image_generator_settings":{"template":"highway","default_image_id":0,"font":"","enabled":false},"version":2}},"categories":[2,47],"tags":[28,51,76,4,5,36,11],"class_list":["post-5867","post","type-post","status-publish","format-standard","hentry","category-ecologie","category-societe","tag-art","tag-climat","tag-culture","tag-ecologie2","tag-environnement","tag-pollution","tag-societe-2"],"jetpack_publicize_connections":[],"jetpack_featured_media_url":"","jetpack_sharing_enabled":true,"jetpack_shortlink":"https:\/\/wp.me\/p5jjt5-1wD","_links":{"self":[{"href":"https:\/\/claire-jannot.com\/index.php?rest_route=\/wp\/v2\/posts\/5867","targetHints":{"allow":["GET"]}}],"collection":[{"href":"https:\/\/claire-jannot.com\/index.php?rest_route=\/wp\/v2\/posts"}],"about":[{"href":"https:\/\/claire-jannot.com\/index.php?rest_route=\/wp\/v2\/types\/post"}],"author":[{"embeddable":true,"href":"https:\/\/claire-jannot.com\/index.php?rest_route=\/wp\/v2\/users\/1"}],"replies":[{"embeddable":true,"href":"https:\/\/claire-jannot.com\/index.php?rest_route=%2Fwp%2Fv2%2Fcomments&post=5867"}],"version-history":[{"count":2,"href":"https:\/\/claire-jannot.com\/index.php?rest_route=\/wp\/v2\/posts\/5867\/revisions"}],"predecessor-version":[{"id":5870,"href":"https:\/\/claire-jannot.com\/index.php?rest_route=\/wp\/v2\/posts\/5867\/revisions\/5870"}],"wp:attachment":[{"href":"https:\/\/claire-jannot.com\/index.php?rest_route=%2Fwp%2Fv2%2Fmedia&parent=5867"}],"wp:term":[{"taxonomy":"category","embeddable":true,"href":"https:\/\/claire-jannot.com\/index.php?rest_route=%2Fwp%2Fv2%2Fcategories&post=5867"},{"taxonomy":"post_tag","embeddable":true,"href":"https:\/\/claire-jannot.com\/index.php?rest_route=%2Fwp%2Fv2%2Ftags&post=5867"}],"curies":[{"name":"wp","href":"https:\/\/api.w.org\/{rel}","templated":true}]}}