{"id":5871,"date":"2015-01-17T17:33:20","date_gmt":"2015-01-17T16:33:20","guid":{"rendered":"http:\/\/www.grandesterresbio.com\/?p=5871"},"modified":"2015-01-17T17:33:20","modified_gmt":"2015-01-17T16:33:20","slug":"au-burkina-faso-le-sahel-reverdit","status":"publish","type":"post","link":"https:\/\/claire-jannot.com\/?p=5871","title":{"rendered":"Au Burkina Faso, le Sahel reverdit"},"content":{"rendered":"<h2><span style=\"color: #000000;\">Avant des roches arides, maintenant des cultures verdoyantes : en 30 ans, le Burkina Faso a r\u00e9ussi, gr\u00e2ce \u00e0 des techniques simples, \u00e0 regagner pr\u00e8s de 3.000 km\u00b2 sur le Sahel, d\u00e9montrant que la d\u00e9sertification n&rsquo;est pas une fatalit\u00e9.<\/span><\/h2>\n<p><span style=\"color: #000000;\"><a href=\"https:\/\/i0.wp.com\/www.grandesterresbio.com\/wp-content\/uploads\/2015\/01\/Step_4-_Final_maturing_beginning_5012011706.jpg\"><img data-recalc-dims=\"1\" loading=\"lazy\" decoding=\"async\" class=\"alignleft wp-image-5872 \" src=\"https:\/\/i0.wp.com\/www.grandesterresbio.com\/wp-content\/uploads\/2015\/01\/Step_4-_Final_maturing_beginning_5012011706.jpg?resize=365%2C487\" alt=\"agriculteurauburkina-www.grandesterresbio.com\" width=\"365\" height=\"487\" srcset=\"https:\/\/i0.wp.com\/claire-jannot.com\/wp-content\/uploads\/2015\/01\/Step_4-_Final_maturing_beginning_5012011706.jpg?w=450&amp;ssl=1 450w, https:\/\/i0.wp.com\/claire-jannot.com\/wp-content\/uploads\/2015\/01\/Step_4-_Final_maturing_beginning_5012011706.jpg?resize=225%2C300&amp;ssl=1 225w\" sizes=\"auto, (max-width: 365px) 100vw, 365px\" \/><\/a>Ainsi, <strong>Rim<\/strong>, petite bourgade paisible de 3.000 \u00e2mes \u00e0 quelques dizaines de kilom\u00e8tres du <strong>Mali.<\/strong> De longues tiges ploient \u00e0 perte de vue en contrebas du village, sous le poids de lourds \u00e9pis de <strong>\u00ab\u00a0baniga\u00a0\u00bb, un sorgho<\/strong> de couleur blanche cultiv\u00e9 dans cette partie du Burkina.<\/span><br \/>\n<span style=\"color: #000000;\"><strong>\u00ab\u00a0Cet endroit \u00e9tait un d\u00e9sert.<\/strong> Mais, des peuples ont r\u00e9ussi \u00e0 faire reverdir la r\u00e9gion\u00a0\u00bb, s&rsquo;enthousiasme <strong>Amanda Lenhardt<\/strong>, chercheuse \u00e0 l&rsquo;Institut de d\u00e9veloppement \u00e0 l&rsquo;\u00e9tranger (Overseas development institute, ODI), auteure d&rsquo;un rapport sur le sujet.<\/span><\/p>\n<p><span style=\"color: #000000;\">A Rim comme ailleurs dans le nord du pays, les paysans ne jurent que par le <strong>\u00ab\u00a0za\u00ef\u00a0\u00bb, ou \u00ab\u00a0cordon pierreux\u00a0\u00bb<\/strong>. Une m\u00e9thode qui leur a permis de revitaliser des sols et de produire \u00e0 nouveau sur des terrains jadis impropres \u00e0 l&rsquo;agriculture.<\/span><br \/>\n<span style=\"color: #000000;\">La technique <strong>consiste \u00e0 dresser de petites barri\u00e8res rocailleuses afin de \u00ab\u00a0freiner le ruissellement de l&rsquo;eau\u00a0\u00bb<\/strong>, ce qui permet \u00e0 cette derni\u00e8re de \u00ab\u00a0s&rsquo;infiltrer\u00a0\u00bb dans le sol et \u00e0 la terre de ne pas glisser en aval, explique <strong>Paulin Drabo<\/strong>, un agronome.<\/span><br \/>\n<span style=\"color: #000000;\">Des trous garnis d&rsquo;engrais sont ensuite creus\u00e9s pr\u00e8s des pierres. La plante, mieux aliment\u00e9e, peut ainsi pousser. La vie des paysans de Rim s&rsquo;en est retrouv\u00e9e boulevers\u00e9e, dans un pays o\u00f9 <strong>80% de la population vit de l&rsquo;agriculture<\/strong>.<\/span><\/p>\n<p><span style=\"color: #000000;\">Les r\u00e9coltes, bien plus abondantes, s&rsquo;en ressentent. \u00ab\u00a0Actuellement chez moi, les greniers sont pleins, auxquels que je n&rsquo;ai pas encore touch\u00e9. J&rsquo;ai \u00e9galement suffisamment de haricots\u00a0\u00bb, t\u00e9moigne Sa\u00efdou Porgo, le p\u00e8re de Souleymane.<\/span><br \/>\n<span style=\"color: #000000;\">Le cordon pierreux a enrichi ce chef d&rsquo;une famille de 11 enfants. Sa\u00efdou Porgo affirme qu&rsquo;il a ainsi pu acqu\u00e9rir \u00ab\u00a0des ch\u00e8vres, une moto, des boeufs\u00a0\u00bb.<\/span><br \/>\n<span style=\"color: #000000;\">\u00ab\u00a0En cas de difficult\u00e9s je peux les vendre pour payer \u00e0 manger. Tout cela me permet de bien g\u00e9rer ma famille\u00a0\u00bb, s&rsquo;enorgueillit-il.<\/span><br \/>\n<span style=\"color: #000000;\"><strong>Une trentaine de paysans se sont mis au \u00ab\u00a0za\u00ef\u00a0\u00bb \u00e0 Rim, contre 700.000 sur l&rsquo;ensemble du territoire<\/strong>, recense Jo\u00ebl Ou\u00e9draogo, le directeur de la F\u00e9d\u00e9ration nationale des groupements Naam (\u00ab\u00a0royaut\u00e9\u00a0\u00bb en moor\u00e9, la principale langue burkinab\u00e8), une <strong>ONG de soutien au monde agricole.<\/strong><\/span><br \/>\n<span style=\"color: #000000;\">Entre 200.000 et 300.000 hectares de terres ont ainsi \u00e9t\u00e9 r\u00e9habilit\u00e9es et se retrouvent exploitables, estime-t-il. Soit entre <strong>2.000 et 3.000 km\u00b2<\/strong>, environ la surface du Luxembourg.\u00a0<\/span><span style=\"color: #000000;\">Un r\u00e9sultat saisissant dans cette <strong>r\u00e9gion sah\u00e9lienne confront\u00e9e \u00e0 une avanc\u00e9e du d\u00e9sert<\/strong> et \u00e0 une \u00e9volution de la pluviom\u00e9trie, souligne Amanda Lenhardt, dont l&rsquo;organisation, ODI, est sp\u00e9cialis\u00e9e dans l&rsquo;analyse des avanc\u00e9es sur les questions de d\u00e9veloppement.\u00a0 <strong>Le Burkina Faso d\u00e9montre qu&rsquo;il est \u00ab\u00a0possible\u00a0\u00bb de \u00ab\u00a0combattre les changements climatiques\u00a0\u00bb<\/strong>, se f\u00e9licite cette chercheuse canadienne.<\/span><br \/>\n<span style=\"color: #000000;\">Cette m\u00e9thode \u00ab\u00a0incroyablement simple\u00a0\u00bb est connue \u00ab\u00a0partout\u00a0\u00bb dans le Sahel, mais est davantage et mieux employ\u00e9e au Burkina qu&rsquo;ailleurs et se transmet gr\u00e2ce au bouche-\u00e0-oreille, selon elle.<\/span><br \/>\n<span style=\"color: #000000;\">L&rsquo;impact est particuli\u00e8rement criant vu du ciel. Entre une terre ignorant le \u00ab\u00a0za\u00ef\u00a0\u00bb et un champ o\u00f9 il est employ\u00e9, les couleurs varient de l&rsquo;ocre d&rsquo;\u00e9tendues rocailleuses et dess\u00e9ch\u00e9es \u00e0 un vert pr\u00e9cieux, symbole de nourriture et tout simplement de vie.<\/span><br \/>\n<span style=\"color: #000000;\">L&rsquo;enjeu d\u00e9passe la simple s\u00e9curit\u00e9 alimentaire, d\u00e9j\u00e0 primordiale, au Burkina Faso, une ancienne colonie fran\u00e7aise enclav\u00e9e.<\/span><br \/>\n<span style=\"color: #000000;\"><strong>Cet Etat sah\u00e9lien pauvre, comme la plupart des pays en d\u00e9veloppement, conna\u00eet un important exode rural<\/strong>, qui met sous pression les principaux centres urbains.<\/span><br \/>\n<span style=\"color: #000000;\">Un exode qui a bien moins raison d&rsquo;\u00eatre si les campagnes gardent leur attrait pour la jeunesse burkinab\u00e8, dans un pays o\u00f9 <strong>60% des 17 millions d&rsquo;habitants a moins de 25 ans.<\/strong>\u00a0 Souleymane Porgo en est l&rsquo;incarnation. Pendant un an, lui a fui ses terres ingrates pour chercher fortune en C\u00f4te d&rsquo;Ivoire voisine. Apr\u00e8s s&rsquo;\u00eatre converti au za\u00ef, son p\u00e8re l&rsquo;a rappel\u00e9. Et six ans plus tard, c&rsquo;est toujours \u00e0 Rim qu&rsquo;il voit son avenir.<\/span><\/p>\n<address><span style=\"color: #000000;\">Source : RIM (Burkina Faso), 9 jan 2015 (AFP)<\/span><\/address>\n<address><span style=\"color: #000000;\">Cr\u00e9dit photo :\u00a0Par SuSanA Secretariat [CC BY 2.0 (http:\/\/creativecommons.org\/licenses\/by\/2.0)], via Wikimedia Commons<\/span><\/address>\n<address>\u00a0<\/address>\n<address>\u00a0<\/address>\n<address>\u00a0<\/address>\n<address>\u00a0<\/address>\n","protected":false},"excerpt":{"rendered":"<p>Avant des roches arides, maintenant des cultures verdoyantes : en 30 ans, le Burkina Faso a r\u00e9ussi, gr\u00e2ce \u00e0 des techniques simples, \u00e0 regagner pr\u00e8s de 3.000 km\u00b2 sur le Sahel, d\u00e9montrant que la d\u00e9sertification n&rsquo;est pas une fatalit\u00e9. Ainsi, &hellip; <a href=\"https:\/\/claire-jannot.com\/?p=5871\">Continuer la lecture <span class=\"meta-nav\">&rarr;<\/span><\/a><\/p>\n","protected":false},"author":1,"featured_media":0,"comment_status":"open","ping_status":"open","sticky":false,"template":"","format":"standard","meta":{"jetpack_post_was_ever_published":false,"_jetpack_newsletter_access":"","_jetpack_dont_email_post_to_subs":false,"_jetpack_newsletter_tier_id":0,"_jetpack_memberships_contains_paywalled_content":false,"_jetpack_memberships_contains_paid_content":false,"footnotes":"","jetpack_publicize_message":"","jetpack_publicize_feature_enabled":true,"jetpack_social_post_already_shared":true,"jetpack_social_options":{"image_generator_settings":{"template":"highway","default_image_id":0,"font":"","enabled":false},"version":2}},"categories":[1],"tags":[42,51,39,4,5,11],"class_list":["post-5871","post","type-post","status-publish","format-standard","hentry","category-alimentation","tag-agriculture","tag-climat","tag-eau","tag-ecologie2","tag-environnement","tag-societe-2"],"jetpack_publicize_connections":[],"jetpack_featured_media_url":"","jetpack_sharing_enabled":true,"jetpack_shortlink":"https:\/\/wp.me\/p5jjt5-1wH","_links":{"self":[{"href":"https:\/\/claire-jannot.com\/index.php?rest_route=\/wp\/v2\/posts\/5871","targetHints":{"allow":["GET"]}}],"collection":[{"href":"https:\/\/claire-jannot.com\/index.php?rest_route=\/wp\/v2\/posts"}],"about":[{"href":"https:\/\/claire-jannot.com\/index.php?rest_route=\/wp\/v2\/types\/post"}],"author":[{"embeddable":true,"href":"https:\/\/claire-jannot.com\/index.php?rest_route=\/wp\/v2\/users\/1"}],"replies":[{"embeddable":true,"href":"https:\/\/claire-jannot.com\/index.php?rest_route=%2Fwp%2Fv2%2Fcomments&post=5871"}],"version-history":[{"count":2,"href":"https:\/\/claire-jannot.com\/index.php?rest_route=\/wp\/v2\/posts\/5871\/revisions"}],"predecessor-version":[{"id":5874,"href":"https:\/\/claire-jannot.com\/index.php?rest_route=\/wp\/v2\/posts\/5871\/revisions\/5874"}],"wp:attachment":[{"href":"https:\/\/claire-jannot.com\/index.php?rest_route=%2Fwp%2Fv2%2Fmedia&parent=5871"}],"wp:term":[{"taxonomy":"category","embeddable":true,"href":"https:\/\/claire-jannot.com\/index.php?rest_route=%2Fwp%2Fv2%2Fcategories&post=5871"},{"taxonomy":"post_tag","embeddable":true,"href":"https:\/\/claire-jannot.com\/index.php?rest_route=%2Fwp%2Fv2%2Ftags&post=5871"}],"curies":[{"name":"wp","href":"https:\/\/api.w.org\/{rel}","templated":true}]}}