{"id":5879,"date":"2015-01-22T19:23:29","date_gmt":"2015-01-22T18:23:29","guid":{"rendered":"http:\/\/www.grandesterresbio.com\/?p=5879"},"modified":"2015-01-22T19:23:29","modified_gmt":"2015-01-22T18:23:29","slug":"algues-vertes-en-bretagne-la-responsabilite-de-letat-engagee","status":"publish","type":"post","link":"https:\/\/claire-jannot.com\/?p=5879","title":{"rendered":"Algues vertes en Bretagne, la responsabilit\u00e9 de l&rsquo;Etat engag\u00e9e"},"content":{"rendered":"<h2><span style=\"color: #000000;\">La cour administrative d&rsquo;appel de Nantes a d\u00e9bout\u00e9 le minist\u00e8re de l&rsquo;Ecologie qui d\u00e9fendait la pertinence d&rsquo;arr\u00eat\u00e9s pr\u00e9fectoraux dans la lutte contre les algues vertes en Bretagne, jug\u00e9s insuffisants en premi\u00e8re instance.<\/span><\/h2>\n<p><span style=\"color: #000000;\"><a href=\"https:\/\/i0.wp.com\/www.grandesterresbio.com\/wp-content\/uploads\/2015\/01\/233_Cap_Coz.jpg\"><img data-recalc-dims=\"1\" loading=\"lazy\" decoding=\"async\" class=\"alignleft wp-image-5880 \" src=\"https:\/\/i0.wp.com\/www.grandesterresbio.com\/wp-content\/uploads\/2015\/01\/233_Cap_Coz.jpg?resize=376%2C282\" alt=\"Fouesnant-la plage du Cap Coz-www.grandesterresbio.com\" width=\"376\" height=\"282\" srcset=\"https:\/\/i0.wp.com\/claire-jannot.com\/wp-content\/uploads\/2015\/01\/233_Cap_Coz.jpg?w=800&amp;ssl=1 800w, https:\/\/i0.wp.com\/claire-jannot.com\/wp-content\/uploads\/2015\/01\/233_Cap_Coz.jpg?resize=300%2C225&amp;ssl=1 300w\" sizes=\"auto, (max-width: 376px) 100vw, 376px\" \/><\/a>Dans une d\u00e9cision de 23 pages, particuli\u00e8rement argument\u00e9e au plan technique et juridique, la cour rel\u00e8ve des <strong>carences dans les programmes de lutte contre les mar\u00e9es vertes.<\/strong>\u00a0<\/span><span style=\"color: #000000;\">La cour d&rsquo;appel, qui a formul\u00e9 une d\u00e9cision similaire pour chacun des <strong>quatre d\u00e9partements bretons<\/strong>, fait valoir que, dans le cas des C\u00f4tes-d&rsquo;Armor, l&rsquo;arr\u00eat\u00e9 proc\u00e8de \u00ab\u00a0sur de nombreux points, d&rsquo;une sous-estimation importante de l&rsquo;ampleur et de la nature des mesures qu&rsquo;il appartenait au pr\u00e9fet des C\u00f4tes d&rsquo;Armor de d\u00e9cider\u00a0\u00bb pour atteindre l&rsquo;objectif vis\u00e9 de r\u00e9duction des algues vertes.<\/span><br \/>\n<span style=\"color: #000000;\">La cour rejette en cons\u00e9quence les recours d\u00e9pos\u00e9s par le minist\u00e8re de l&rsquo;Ecologie et d\u00e9cide \u00e9galement que \u00ab\u00a0ne sont pas admises (&#8230;) les interventions\u00a0\u00bb d\u00e9pos\u00e9es par plusieurs organismes syndicaux ou professionnels, dont la <strong>F\u00e9d\u00e9ration r\u00e9gionale des syndicats d&rsquo;exploitants agricoles (FRSEA)<\/strong> qui contestaient le jugement de premi\u00e8re instance. <\/span><\/p>\n<p><span style=\"color: #000000;\">Les arr\u00eat\u00e9s pr\u00e9fectoraux en cause -un pour chacun des quatre d\u00e9partements bretons- entraient dans le cadre du <strong>4e plan d&rsquo;action contre la pollution des eaux par les nitrates d&rsquo;origine agricole<\/strong>, massivement en cause dans la prolif\u00e9ration des algues vertes sur les c\u00f4tes.<\/span><br \/>\n<span style=\"color: #000000;\">L&rsquo;Etat est \u00e9galement condamn\u00e9 \u00e0 verser <strong>1.000 euros \u00e0 plusieurs associations environnementales.<\/strong> <\/span><br \/>\n<span style=\"color: #000000;\">\u00ab\u00a0Tr\u00e8s souvent, en mati\u00e8re d&rsquo;environnement, on a des juges qui se contentent d&rsquo;annuler sur la forme. L\u00e0, les juges sont all\u00e9s plus loin. Ils sont entr\u00e9s dans les d\u00e9tails et ont voulu indiquer aux autorit\u00e9s ce qu&rsquo;on devrait trouver dans ces plans\u00a0\u00bb, a comment\u00e9 <strong>Gilles Huet, d\u00e9l\u00e9gu\u00e9 g\u00e9n\u00e9ral d&rsquo;Eau et Rivi\u00e8res de Bretagne.<\/strong> <\/span><\/p>\n<p><span style=\"color: #000000;\">\u00ab\u00a0Les observations des juges portent sur le 4\u00e8 plan anti-algues vertes mais elles sont int\u00e9gralement valables pour le 5\u00e8 plan, lanc\u00e9 en mars 2014, qui ne les int\u00e8grent pourtant pas\u00a0\u00bb, a-t-il d\u00e9plor\u00e9.<\/span><br \/>\n<span style=\"color: #000000;\">Enfin, depuis deux ans, <strong>la r\u00e9glementation a \u00e9t\u00e9 assouplie par d\u00e9cret.<\/strong>\u00a0<\/span><br \/>\n<span style=\"color: #000000;\">Depuis le 1er janvier 2014, <strong>les \u00e9levages de moins de 2.000 porcs sont dispens\u00e9s d&rsquo;enqu\u00eate publique, portant principalement sur l&rsquo;impact environnemental, pour toute ouverture ou extension (contre 450 porcs auparavant).<\/strong> Au-del\u00e0 de 2.000 animaux, une autorisation reste requise.<\/span><br \/>\n<span style=\"color: #000000;\">Fin d\u00e9cembre, la cour administrative d&rsquo;appel de Nantes avait \u00e9galement confirm\u00e9 une d\u00e9cision du tribunal administratif de Rennes, <strong>condamnant l&rsquo;Etat \u00e0 verser quelque 7 millions d&rsquo;euros aux C\u00f4tes-d&rsquo;Armor<\/strong>, le premier d\u00e9partement touch\u00e9 par le ph\u00e9nom\u00e8ne des algues vertes il y a plus de 30 ans, pour l&rsquo;indemniser des sommes engag\u00e9es jusqu&rsquo;en 2009 dans la lutte contre les algues vertes.<\/span><\/p>\n<address><span style=\"color: #000000;\">Source :\u00a0RENNES, 8 jan 2015 (AFP)\u00a0<\/span><\/address>\n<address><span style=\"color: #000000;\">Cr\u00e9dit photo :\u00a0By Moreau.henri (Own work) [CC BY-SA 3.0 (http:\/\/creativecommons.org\/licenses\/by-sa\/3.0)], via Wikimedia Commons<\/span><\/address>\n<address>\u00a0<\/address>\n<address>\u00a0<\/address>\n<address>\u00a0<\/address>\n<address>\u00a0<\/address>\n<address>\u00a0<\/address>\n<address>\u00a0<\/address>\n","protected":false},"excerpt":{"rendered":"<p>La cour administrative d&rsquo;appel de Nantes a d\u00e9bout\u00e9 le minist\u00e8re de l&rsquo;Ecologie qui d\u00e9fendait la pertinence d&rsquo;arr\u00eat\u00e9s pr\u00e9fectoraux dans la lutte contre les algues vertes en Bretagne, jug\u00e9s insuffisants en premi\u00e8re instance. Dans une d\u00e9cision de 23 pages, particuli\u00e8rement argument\u00e9e &hellip; <a href=\"https:\/\/claire-jannot.com\/?p=5879\">Continuer la lecture <span class=\"meta-nav\">&rarr;<\/span><\/a><\/p>\n","protected":false},"author":1,"featured_media":0,"comment_status":"open","ping_status":"open","sticky":false,"template":"","format":"standard","meta":{"jetpack_post_was_ever_published":false,"_jetpack_newsletter_access":"","_jetpack_dont_email_post_to_subs":false,"_jetpack_newsletter_tier_id":0,"_jetpack_memberships_contains_paywalled_content":false,"_jetpack_memberships_contains_paid_content":false,"footnotes":"","jetpack_publicize_message":"","jetpack_publicize_feature_enabled":true,"jetpack_social_post_already_shared":true,"jetpack_social_options":{"image_generator_settings":{"template":"highway","default_image_id":0,"font":"","enabled":false},"version":2}},"categories":[2,47],"tags":[42,39,4,5,52,36,11],"class_list":["post-5879","post","type-post","status-publish","format-standard","hentry","category-ecologie","category-societe","tag-agriculture","tag-eau","tag-ecologie2","tag-environnement","tag-oceans","tag-pollution","tag-societe-2"],"jetpack_publicize_connections":[],"jetpack_featured_media_url":"","jetpack_sharing_enabled":true,"jetpack_shortlink":"https:\/\/wp.me\/p5jjt5-1wP","_links":{"self":[{"href":"https:\/\/claire-jannot.com\/index.php?rest_route=\/wp\/v2\/posts\/5879","targetHints":{"allow":["GET"]}}],"collection":[{"href":"https:\/\/claire-jannot.com\/index.php?rest_route=\/wp\/v2\/posts"}],"about":[{"href":"https:\/\/claire-jannot.com\/index.php?rest_route=\/wp\/v2\/types\/post"}],"author":[{"embeddable":true,"href":"https:\/\/claire-jannot.com\/index.php?rest_route=\/wp\/v2\/users\/1"}],"replies":[{"embeddable":true,"href":"https:\/\/claire-jannot.com\/index.php?rest_route=%2Fwp%2Fv2%2Fcomments&post=5879"}],"version-history":[{"count":2,"href":"https:\/\/claire-jannot.com\/index.php?rest_route=\/wp\/v2\/posts\/5879\/revisions"}],"predecessor-version":[{"id":5882,"href":"https:\/\/claire-jannot.com\/index.php?rest_route=\/wp\/v2\/posts\/5879\/revisions\/5882"}],"wp:attachment":[{"href":"https:\/\/claire-jannot.com\/index.php?rest_route=%2Fwp%2Fv2%2Fmedia&parent=5879"}],"wp:term":[{"taxonomy":"category","embeddable":true,"href":"https:\/\/claire-jannot.com\/index.php?rest_route=%2Fwp%2Fv2%2Fcategories&post=5879"},{"taxonomy":"post_tag","embeddable":true,"href":"https:\/\/claire-jannot.com\/index.php?rest_route=%2Fwp%2Fv2%2Ftags&post=5879"}],"curies":[{"name":"wp","href":"https:\/\/api.w.org\/{rel}","templated":true}]}}