{"id":5888,"date":"2015-01-23T14:18:30","date_gmt":"2015-01-23T13:18:30","guid":{"rendered":"http:\/\/www.grandesterresbio.com\/?p=5888"},"modified":"2015-03-18T14:04:29","modified_gmt":"2015-03-18T13:04:29","slug":"aoste-arretez-de-nous-prendre-pour-des-jambons","status":"publish","type":"post","link":"https:\/\/claire-jannot.com\/?p=5888","title":{"rendered":"Aoste : Arr\u00eatez de nous prendre pour des jambons !"},"content":{"rendered":"<h2><span style=\"color: #000000;\">Aoste, c\u00e9l\u00e8bre marque de jambon nous gratifie d\u2019une publicit\u00e9 qui fait le \u00ab badbuzz \u00bb depuis quelques jours dans la communaut\u00e9 v\u00e9g\u00e9tarienne. Simple publicit\u00e9 humoristique ou opportunisme insultant une communaut\u00e9 ? On vous laisse juger par vous-m\u00eame.<\/span><\/h2>\n<p><span style=\"color: #000000;\"><a style=\"color: #000000;\" href=\"https:\/\/i0.wp.com\/www.grandesterresbio.com\/wp-content\/uploads\/2015\/01\/aoste.jpg\"><img data-recalc-dims=\"1\" loading=\"lazy\" decoding=\"async\" class=\"alignleft wp-image-5890 \" src=\"https:\/\/i0.wp.com\/www.grandesterresbio.com\/wp-content\/uploads\/2015\/01\/aoste.jpg?resize=431%2C234\" alt=\"aoste-www.grandesterresbio.com\" width=\"431\" height=\"234\" srcset=\"https:\/\/i0.wp.com\/claire-jannot.com\/wp-content\/uploads\/2015\/01\/aoste.jpg?w=776&amp;ssl=1 776w, https:\/\/i0.wp.com\/claire-jannot.com\/wp-content\/uploads\/2015\/01\/aoste.jpg?resize=300%2C163&amp;ssl=1 300w\" sizes=\"auto, (max-width: 431px) 100vw, 431px\" \/><\/a>Le web \u00ab\u00a0v\u00e9g\u00e9tarien\u00a0\u00bb s\u2019indigne :\u00a0Les b\u00e9n\u00e9fices du r\u00e9gime v\u00e9g\u00e9tarien ou m\u00eame d\u2019une critique de <strong>l\u2019industrie de la viande<\/strong> se voit balay\u00e9 d\u2019un revers de main par ce <strong>spot t\u00e9l\u00e9vis\u00e9<\/strong> pour le moins \u00e9tonnant. Par ailleurs, elle divise la soci\u00e9t\u00e9 en 2 classes niant l\u2019existence d\u2019une consommation de viande locale de qualit\u00e9 \u00e0 \u00e9chelle mesur\u00e9e. \u00ab\u00a0Si tu le veux vraiment, fais le\u2026 Mais fais-le bien !\u00a0\u00bb La publicit\u00e9 incite donc au raisonnement binaire : <strong>c\u2019est Aoste (l\u2019industrie sous film plastique) ou rien !<\/strong> Les r\u00e9actions ne se sont d\u2019ailleurs pas faites attendre et certains sont mont\u00e9s au cr\u00e9neau pour d\u00e9fendre ce mode de vie et incriminer la publicit\u00e9 jug\u00e9e caricaturale et r\u00e9ductrice.<\/span><\/p>\n<p><span style=\"color: #000000;\">Un \u00e9dito publi\u00e9 sur <strong>terraeco.net\u00a0<\/strong>et dont le titre est sans appel <strong>\u00ab Dis Aoste, tu voudrais pas foutre la paix aux v\u00e9g\u00e9tariens ? \u00bb<\/strong> vient s\u2019inscrire dans ce floril\u00e8ge de r\u00e9ponses outr\u00e9es par les amalgames v\u00e9hicul\u00e9s par cette publicit\u00e9. En voici un extrait :<\/span><\/p>\n<p><span style=\"color: #000000;\">\u00ab Et non, Aoste, je ne suis pas hippie, je ne suis pas malade, je ne suis pas carenc\u00e9e, je ne suis pas triste, je ne suis pas chiante, je ne suis pas en manque. Et surtout, Aoste, ingurgiter le moindre bout de ton jambon ne me ferait pas pleurer. Pas de joie en tout cas.<\/span><\/p>\n<p><span style=\"color: #000000;\">Et pourtant, Aoste, c\u2019est \u00e0 cause de toi, \u00e0 cause de publicit\u00e9s d\u2019un autre \u00e2ge comme la tienne, que je dois tous les jours m\u2019expliquer, me justifier, et raconter le pourquoi du comment. A midi, le soir, au restaurant, quand je rencontre de nouvelles personnes. Et j\u2019en ai un peu marre, figure-toi. \u00bb<\/span><\/p>\n<p><span style=\"color: #000000;\"><strong>Mais qui est Aoste ?\u00a0<\/strong>Consommer du jambon Aoste reviendrait donc \u00e0 \u00ab\u00a0bien faire les choses\u00a0\u00bb ? Il y a de quoi en douter ! Comme l\u2019explique le mensuel <strong>Politis<\/strong> dans son article\u00a0<strong>\u00ab\u00a0Arnaque au \u00ab\u00a0Made in France\u00a0\u00bb agricole et gastronomique\u00a0\u00bb<\/strong> : \u00ab\u00a0le jambon d\u2019Aoste qui a envahi les gondoles des grandes surfaces n\u2019est que le <strong>sous-produit d\u2019une multinationale am\u00e9ricaine.<\/strong> Ses filiales ramassent des carcasses de porcs dans tous les pays du monde (et en Bretagne) mais le r\u00e9sultat <strong>n\u2019a rien \u00e0 voir avec la charcuterie de la ville italienne d\u2019Aoste dont elle n\u2019a plus le droit de se r\u00e9clamer apr\u00e8s de nombreux proc\u00e8s<\/strong> et surtout l\u2019intervention (en 2008) de la Commission europ\u00e9enne qui a mis fin \u00e0 cette tromperie organis\u00e9e par Cochonou et Justin Bridou, saloperies industrielles bien connues et pass\u00e9es sous coupe am\u00e9ricaine. <strong>Elle a sauv\u00e9 son appellation trompeuse en installant ses usines dans la commune d\u2019Aoste qui se trouve en Is\u00e8re\u00a0; et vend ses produits sous le nom de \u00ab\u00a0Jambon d\u2019Aoste\u00a0\u00bb.\u00a0\u00bb<\/strong><\/span><\/p>\n<p><span style=\"color: #000000;\">Et oui, Aoste n\u2019est ni plus ni moins qu\u2019une <strong>filiale agroalimentaire am\u00e9ricaine qui produit du \u00ab\u00a0jambon\u00a0\u00bb de la pire des fa\u00e7ons qui soit<\/strong>, utilisant comme mati\u00e8re premi\u00e8re des <strong>porcs issus des \u00e9levages intensifs du monde entier.<\/strong> Ces \u00e9levages porcins sont connus pour \u00eatre des enfers sur Terre pour les cochons, tout en \u00e9tant <strong>extr\u00eamement polluants, destructeurs pour l\u2019\u00e9conomie et largement subventionn\u00e9s par des fonds publics.<\/strong><\/span><\/p>\n<p><span style=\"color: #000000;\">Les m\u00e9thodes de <strong>Smithfield food, le g\u00e9ant am\u00e9ricain qui poss\u00e8de Aoste<\/strong>, num\u00e9ro 1 mondial de la production porcine. Au menu : <strong>mort des petits producteurs, amende record pour pollution, peste porcine, lourds traitements m\u00e9dicamenteux, engraissement ultra-rapide au soja OGM<\/strong>\u2026\u00e7a donne l\u2019eau \u00e0 la bouche, non ?<\/span><\/p>\n<p><span style=\"color: #000000;\">Alors, \u00ab\u00a0badbuzz\u00a0\u00bb programm\u00e9 par la compagnie pour attirer les regards et alimenter la caricature sur fond d\u2019humour gras ? Stigmatisation ou simple taquinerie ? Chacun verra midi \u00e0 sa porte. Il est vrai qu\u2019Aoste ne risque pas grand chose\u2026 Choquer une communaut\u00e9 qui ne consomme pas ses produits, \u00e7a n\u2019est pas bien grave. Mais comment vont r\u00e9agir les consommateurs \u00e9clair\u00e9s ? Une chose est s\u00fbre, faire de la publicit\u00e9 pour du jambon sur le dos des v\u00e9g\u00e9tariens rel\u00e8ve d\u2019un certain cynisme qui n\u2019a pas fini de faire couler de l\u2019encre.<\/span><\/p>\n<p><strong><span style=\"color: #000000;\">Voil\u00e0 qui aurait sans doute fait sourire Cabu, v\u00e9g\u00e9tarien r\u00e9solu, qui luttait \u00e0 sa mani\u00e8re contre le beauf moyen et le joug du tout industriel.<\/span><\/strong><\/p>\n<address>\u00a0<\/address>\n<address><span style=\"color: #000000;\">Source :\u00a0mrmondialisation.org<\/span><\/address>\n<address><span style=\"color: #000000;\">Cr\u00e9dit photo : capture d&rsquo;\u00e9cran<\/span><\/address>\n<address>\u00a0<\/address>\n<address>\u00a0<\/address>\n<address>\u00a0<\/address>\n","protected":false},"excerpt":{"rendered":"<p>Aoste, c\u00e9l\u00e8bre marque de jambon nous gratifie d\u2019une publicit\u00e9 qui fait le \u00ab badbuzz \u00bb depuis quelques jours dans la communaut\u00e9 v\u00e9g\u00e9tarienne. Simple publicit\u00e9 humoristique ou opportunisme insultant une communaut\u00e9 ? On vous laisse juger par vous-m\u00eame. Le web \u00ab\u00a0v\u00e9g\u00e9tarien\u00a0\u00bb &hellip; <a href=\"https:\/\/claire-jannot.com\/?p=5888\">Continuer la lecture <span class=\"meta-nav\">&rarr;<\/span><\/a><\/p>\n","protected":false},"author":1,"featured_media":0,"comment_status":"open","ping_status":"open","sticky":false,"template":"","format":"standard","meta":{"jetpack_post_was_ever_published":false,"_jetpack_newsletter_access":"","_jetpack_dont_email_post_to_subs":false,"_jetpack_newsletter_tier_id":0,"_jetpack_memberships_contains_paywalled_content":false,"_jetpack_memberships_contains_paid_content":false,"footnotes":"","jetpack_publicize_message":"","jetpack_publicize_feature_enabled":true,"jetpack_social_post_already_shared":true,"jetpack_social_options":{"image_generator_settings":{"template":"highway","default_image_id":0,"font":"","enabled":false},"version":2}},"categories":[1,47,49],"tags":[42,58,3,9,10,11,48],"class_list":["post-5888","post","type-post","status-publish","format-standard","hentry","category-alimentation","category-societe","category-vie-animale-2","tag-agriculture","tag-alimentation-2","tag-consommation","tag-ogm","tag-sante","tag-societe-2","tag-vie-animale"],"jetpack_publicize_connections":[],"jetpack_featured_media_url":"","jetpack_sharing_enabled":true,"jetpack_shortlink":"https:\/\/wp.me\/p5jjt5-1wY","_links":{"self":[{"href":"https:\/\/claire-jannot.com\/index.php?rest_route=\/wp\/v2\/posts\/5888","targetHints":{"allow":["GET"]}}],"collection":[{"href":"https:\/\/claire-jannot.com\/index.php?rest_route=\/wp\/v2\/posts"}],"about":[{"href":"https:\/\/claire-jannot.com\/index.php?rest_route=\/wp\/v2\/types\/post"}],"author":[{"embeddable":true,"href":"https:\/\/claire-jannot.com\/index.php?rest_route=\/wp\/v2\/users\/1"}],"replies":[{"embeddable":true,"href":"https:\/\/claire-jannot.com\/index.php?rest_route=%2Fwp%2Fv2%2Fcomments&post=5888"}],"version-history":[{"count":3,"href":"https:\/\/claire-jannot.com\/index.php?rest_route=\/wp\/v2\/posts\/5888\/revisions"}],"predecessor-version":[{"id":5892,"href":"https:\/\/claire-jannot.com\/index.php?rest_route=\/wp\/v2\/posts\/5888\/revisions\/5892"}],"wp:attachment":[{"href":"https:\/\/claire-jannot.com\/index.php?rest_route=%2Fwp%2Fv2%2Fmedia&parent=5888"}],"wp:term":[{"taxonomy":"category","embeddable":true,"href":"https:\/\/claire-jannot.com\/index.php?rest_route=%2Fwp%2Fv2%2Fcategories&post=5888"},{"taxonomy":"post_tag","embeddable":true,"href":"https:\/\/claire-jannot.com\/index.php?rest_route=%2Fwp%2Fv2%2Ftags&post=5888"}],"curies":[{"name":"wp","href":"https:\/\/api.w.org\/{rel}","templated":true}]}}