{"id":5903,"date":"2015-01-25T16:10:51","date_gmt":"2015-01-25T15:10:51","guid":{"rendered":"http:\/\/www.grandesterresbio.com\/?p=5903"},"modified":"2015-01-25T16:10:51","modified_gmt":"2015-01-25T15:10:51","slug":"greve-des-collecteurs-des-dechets-en-verre-a-paris","status":"publish","type":"post","link":"https:\/\/claire-jannot.com\/?p=5903","title":{"rendered":"Gr\u00e8ve des collecteurs des d\u00e9chets en verre \u00e0 Paris"},"content":{"rendered":"<h2><span style=\"color: #000000;\">Les \u00e9boueurs charg\u00e9s de la collecte des d\u00e9chets en verre dans plusieurs arrondissements de Paris sont en gr\u00e8ve depuis un mois pour protester contre la d\u00e9gradation de leurs conditions de travail et de s\u00e9curit\u00e9, a-t-on appris jeudi aupr\u00e8s des salari\u00e9s gr\u00e9vistes.<\/span><\/h2>\n<p><span style=\"color: #000000;\"><a href=\"https:\/\/i0.wp.com\/www.grandesterresbio.com\/wp-content\/uploads\/2015\/01\/Camion_poubelle_PVI_Suez-Sita_-_Colombes.jpg\"><img data-recalc-dims=\"1\" loading=\"lazy\" decoding=\"async\" class=\"alignleft wp-image-5904 \" src=\"https:\/\/i0.wp.com\/www.grandesterresbio.com\/wp-content\/uploads\/2015\/01\/Camion_poubelle_PVI_Suez-Sita_-_Colombes.jpg?resize=369%2C255\" alt=\"CamionSita-www.grandesterresbio.com\" width=\"369\" height=\"255\" srcset=\"https:\/\/i0.wp.com\/claire-jannot.com\/wp-content\/uploads\/2015\/01\/Camion_poubelle_PVI_Suez-Sita_-_Colombes.jpg?w=800&amp;ssl=1 800w, https:\/\/i0.wp.com\/claire-jannot.com\/wp-content\/uploads\/2015\/01\/Camion_poubelle_PVI_Suez-Sita_-_Colombes.jpg?resize=300%2C207&amp;ssl=1 300w\" sizes=\"auto, (max-width: 369px) 100vw, 369px\" \/><\/a>Selon la CGT, le conflit, qui a d\u00e9marr\u00e9 le <strong>22 d\u00e9cembre dernier, est suivi par 90%<\/strong> des 35 employ\u00e9s du site de l&rsquo;entreprise Sita \u00e0 Vitry-sur-Seine (Val-de-Marne). <\/span><\/p>\n<p><span style=\"color: #000000;\">Les gr\u00e9vistes r\u00e9clament notamment un <strong>\u00e9quipier suppl\u00e9mentaire<\/strong> pour chaque tourn\u00e9e. \u00ab\u00a0Avant, il y avait deux ripeurs (les \u00e9boueurs travaillant \u00e0 l&rsquo;arri\u00e8re d&rsquo;une benne, ndlr) et un conducteur par camion. Maintenant, il n&rsquo;y a plus qu&rsquo;un ripeur\u00a0\u00bb, explique <strong>Mohamed Benacer, d\u00e9l\u00e9gu\u00e9 du personnel et membre du CHSCT.<\/strong> <\/span><br \/>\n<span style=\"color: #000000;\">\u00ab\u00a0On doit parfois manier des conteneurs de <strong>700 kg<\/strong>, on ne peut pas avec un seul ripeur. Il peut y avoir des accidents du travail\u00a0\u00bb, ajoute-t-il.\u00a0<\/span><br \/>\n<span style=\"color: #000000;\">Les \u00e9boueurs demandent \u00e9galement<strong> l&#8217;embauche des int\u00e9rimaires et le remplacement des v\u00e9hicules qu&rsquo;ils jugent v\u00e9tustes.<\/strong><\/span><br \/>\n<span style=\"color: #000000;\">\u00ab\u00a0Cela fait douze ans que les bennes tournent matin et soir, six jours sur sept. Les plate-formes sont compl\u00e8tement dessoud\u00e9es, elles peuvent l\u00e2cher \u00e0 tout moment\u00a0\u00bb, d\u00e9plore Mohamed Benacer. <\/span><br \/>\n<span style=\"color: #000000;\"><strong>Jeudi, une quarantaine de personnes se sont rassembl\u00e9es devant la Mairie de Paris pour soutenir les gr\u00e9vistes.<\/strong> Parmi eux, <strong>plusieurs \u00e9lus Front de Gauche, PCF et Parti de Gauche au Conseil de Paris. <\/strong><\/span><span style=\"color: #000000;\">\u00ab\u00a0Il est important que la Ville de Paris assume sa responsabilit\u00e9 de donneur d&rsquo;ordre, exige l&#8217;embauche du personnel et am\u00e9liore les conditions de travail\u00a0\u00bb, a d\u00e9clar\u00e9 <strong>Danielle Simonnet, conseill\u00e8re de Paris (Parti de Gauche).<\/strong> <\/span><br \/>\n<span style=\"color: #000000;\"><strong>La Sita, une filiale du groupe Suez-Environnement, est charg\u00e9e par la Mairie de Paris de la collecte du verre dans huit arrondissements de la capitale.<\/strong> Depuis le d\u00e9but du conflit, <strong>des sous-traitants<\/strong> assurent la collecte des d\u00e9chets en verre dans ces arrondissements. <\/span><br \/>\n<span style=\"color: #000000;\">Contact\u00e9e par l&rsquo;AFP, la direction de Sita n&rsquo;\u00e9tait pas joignable jeudi.<\/span><\/p>\n<address><span style=\"color: #000000;\">Source :\u00a0PARIS,\u00a022 jan 2015 (AFP)<\/span><\/address>\n<address><span style=\"color: #000000;\">Cr\u00e9dit photo :\u00a0Par Kevin. B (Travail personnel) [CC BY-SA 3.0 (http:\/\/creativecommons.org\/licenses\/by-sa\/3.0)], via Wikimedia Commons<\/span><\/address>\n<address>\u00a0<\/address>\n<address>\u00a0<\/address>\n<address>\u00a0<\/address>\n","protected":false},"excerpt":{"rendered":"<p>Les \u00e9boueurs charg\u00e9s de la collecte des d\u00e9chets en verre dans plusieurs arrondissements de Paris sont en gr\u00e8ve depuis un mois pour protester contre la d\u00e9gradation de leurs conditions de travail et de s\u00e9curit\u00e9, a-t-on appris jeudi aupr\u00e8s des salari\u00e9s &hellip; <a href=\"https:\/\/claire-jannot.com\/?p=5903\">Continuer la lecture <span class=\"meta-nav\">&rarr;<\/span><\/a><\/p>\n","protected":false},"author":1,"featured_media":0,"comment_status":"open","ping_status":"open","sticky":false,"template":"","format":"standard","meta":{"jetpack_post_was_ever_published":false,"_jetpack_newsletter_access":"","_jetpack_dont_email_post_to_subs":false,"_jetpack_newsletter_tier_id":0,"_jetpack_memberships_contains_paywalled_content":false,"_jetpack_memberships_contains_paid_content":false,"footnotes":"","jetpack_publicize_message":"","jetpack_publicize_feature_enabled":true,"jetpack_social_post_already_shared":true,"jetpack_social_options":{"image_generator_settings":{"template":"highway","default_image_id":0,"font":"","enabled":false},"version":2}},"categories":[47],"tags":[5,19,11,20],"class_list":["post-5903","post","type-post","status-publish","format-standard","hentry","category-societe","tag-environnement","tag-recyclage","tag-societe-2","tag-tri"],"jetpack_publicize_connections":[],"jetpack_featured_media_url":"","jetpack_sharing_enabled":true,"jetpack_shortlink":"https:\/\/wp.me\/p5jjt5-1xd","_links":{"self":[{"href":"https:\/\/claire-jannot.com\/index.php?rest_route=\/wp\/v2\/posts\/5903","targetHints":{"allow":["GET"]}}],"collection":[{"href":"https:\/\/claire-jannot.com\/index.php?rest_route=\/wp\/v2\/posts"}],"about":[{"href":"https:\/\/claire-jannot.com\/index.php?rest_route=\/wp\/v2\/types\/post"}],"author":[{"embeddable":true,"href":"https:\/\/claire-jannot.com\/index.php?rest_route=\/wp\/v2\/users\/1"}],"replies":[{"embeddable":true,"href":"https:\/\/claire-jannot.com\/index.php?rest_route=%2Fwp%2Fv2%2Fcomments&post=5903"}],"version-history":[{"count":1,"href":"https:\/\/claire-jannot.com\/index.php?rest_route=\/wp\/v2\/posts\/5903\/revisions"}],"predecessor-version":[{"id":5905,"href":"https:\/\/claire-jannot.com\/index.php?rest_route=\/wp\/v2\/posts\/5903\/revisions\/5905"}],"wp:attachment":[{"href":"https:\/\/claire-jannot.com\/index.php?rest_route=%2Fwp%2Fv2%2Fmedia&parent=5903"}],"wp:term":[{"taxonomy":"category","embeddable":true,"href":"https:\/\/claire-jannot.com\/index.php?rest_route=%2Fwp%2Fv2%2Fcategories&post=5903"},{"taxonomy":"post_tag","embeddable":true,"href":"https:\/\/claire-jannot.com\/index.php?rest_route=%2Fwp%2Fv2%2Ftags&post=5903"}],"curies":[{"name":"wp","href":"https:\/\/api.w.org\/{rel}","templated":true}]}}