{"id":5918,"date":"2015-01-30T12:35:16","date_gmt":"2015-01-30T11:35:16","guid":{"rendered":"http:\/\/www.grandesterresbio.com\/?p=5918"},"modified":"2015-01-30T12:35:16","modified_gmt":"2015-01-30T11:35:16","slug":"rennes-experimente-lelectricite-renouvelable","status":"publish","type":"post","link":"https:\/\/claire-jannot.com\/?p=5918","title":{"rendered":"Rennes exp\u00e9rimente l&rsquo;\u00e9lectricit\u00e9 renouvelable"},"content":{"rendered":"<h2><span style=\"color: #000000;\">Rennes M\u00e9tropole va exp\u00e9rimenter l&rsquo;installation d&rsquo;un r\u00e9seau \u00e9lectrique intelligent (\u00ab\u00a0smart grid\u00a0\u00bb) sur son territoire et a lanc\u00e9 mardi, en partenariat avec des industriels et acteurs de l&rsquo;\u00e9lectricit\u00e9, la premi\u00e8re \u00e9tape pour la cr\u00e9ation d&rsquo;un projet.<\/span><\/h2>\n<p><span style=\"color: #000000;\"><a href=\"https:\/\/i0.wp.com\/www.grandesterresbio.com\/wp-content\/uploads\/2015\/01\/PlaceParlementBretagne.jpg\"><img data-recalc-dims=\"1\" loading=\"lazy\" decoding=\"async\" class=\"alignleft wp-image-5919 \" src=\"https:\/\/i0.wp.com\/www.grandesterresbio.com\/wp-content\/uploads\/2015\/01\/PlaceParlementBretagne.jpg?resize=323%2C430\" alt=\"Rennes-www.grandesterresbio.com\" width=\"323\" height=\"430\" srcset=\"https:\/\/i0.wp.com\/claire-jannot.com\/wp-content\/uploads\/2015\/01\/PlaceParlementBretagne.jpg?w=640&amp;ssl=1 640w, https:\/\/i0.wp.com\/claire-jannot.com\/wp-content\/uploads\/2015\/01\/PlaceParlementBretagne.jpg?resize=225%2C300&amp;ssl=1 225w\" sizes=\"auto, (max-width: 323px) 100vw, 323px\" \/><\/a>L&rsquo;objectif est de <strong>piloter la consommation d&rsquo;\u00e9nergie d&rsquo;une zone d&rsquo;am\u00e9nagement concert\u00e9<\/strong> (ZAC) situ\u00e9e \u00e0 Bruz, \u00e0 15 km de Rennes, pour qu&rsquo;elle utilise plus efficacement des <strong>\u00e9nergies renouvelables qui seront produites localement.<\/strong><\/span><\/p>\n<p><span style=\"color: #000000;\">Ce d\u00e9monstrateur appel\u00e9 <strong>\u00ab\u00a0RennesGrid\u00a0\u00bb<\/strong> sera con\u00e7u en partenariat avec <strong>Schneider Electric<\/strong> et le distributeur d&rsquo;\u00e9lectricit\u00e9 <strong>ERDF<\/strong>, ainsi que le p\u00f4le d&rsquo;activit\u00e9 local Ecoorigin, pour un investissement global estim\u00e9 \u00e0 <strong>10 millions d&rsquo;euros.<\/strong><\/span><br \/>\n<span style=\"color: #000000;\">Ce projet consiste \u00e0 d\u00e9velopper des sources de production d&rsquo;<strong>\u00e9nergie solaire au sol mais aussi sur les toitures et les ombri\u00e8res de parking<\/strong>; \u00e0 piloter cette production pour qu&rsquo;elle puisse \u00eatre consomm\u00e9e sur le site; et \u00e0 installer des dispositifs de stockage de l&rsquo;\u00e9lectricit\u00e9 produite afin d&rsquo;assurer la consommation en \u00e9nergie du site aux heures de pointe sans avoir besoin de puiser dans le r\u00e9seau \u00e9lectrique.\u00a0<\/span><span style=\"color: #000000;\">L&rsquo;\u00e9nergie produite sera vendue aux entreprises et particuliers pr\u00e9sents sur la ZAC, ce qui devrait financer en partie le projet.<\/span><br \/>\n<span style=\"color: #000000;\">Le d\u00e9veloppement op\u00e9rationnel de ce projet passe par la cr\u00e9ation d&rsquo;un consortium, envisag\u00e9 autour de la mi-2015.<\/span><\/p>\n<address><span style=\"color: #000000;\">Source :\u00a0PARIS,\u00a027 jan 2015 (AFP)<\/span><\/address>\n<address><span style=\"color: #000000;\">Cr\u00e9dit photo :\u00a0By Abujoy (Own work) [CC BY-SA 2.5 (http:\/\/creativecommons.org\/licenses\/by-sa\/2.5)], via Wikimedia Commons<\/span><\/address>\n<address>\u00a0<\/address>\n<address>\u00a0<\/address>\n<address>\u00a0<\/address>\n<address>\u00a0<\/address>\n","protected":false},"excerpt":{"rendered":"<p>Rennes M\u00e9tropole va exp\u00e9rimenter l&rsquo;installation d&rsquo;un r\u00e9seau \u00e9lectrique intelligent (\u00ab\u00a0smart grid\u00a0\u00bb) sur son territoire et a lanc\u00e9 mardi, en partenariat avec des industriels et acteurs de l&rsquo;\u00e9lectricit\u00e9, la premi\u00e8re \u00e9tape pour la cr\u00e9ation d&rsquo;un projet. L&rsquo;objectif est de piloter la &hellip; <a href=\"https:\/\/claire-jannot.com\/?p=5918\">Continuer la lecture <span class=\"meta-nav\">&rarr;<\/span><\/a><\/p>\n","protected":false},"author":1,"featured_media":0,"comment_status":"open","ping_status":"open","sticky":false,"template":"","format":"standard","meta":{"jetpack_post_was_ever_published":false,"_jetpack_newsletter_access":"","_jetpack_dont_email_post_to_subs":false,"_jetpack_newsletter_tier_id":0,"_jetpack_memberships_contains_paywalled_content":false,"_jetpack_memberships_contains_paid_content":false,"footnotes":"","jetpack_publicize_message":"","jetpack_publicize_feature_enabled":true,"jetpack_social_post_already_shared":true,"jetpack_social_options":{"image_generator_settings":{"template":"highway","default_image_id":0,"font":"","enabled":false},"version":2}},"categories":[2,47],"tags":[26,51,4,44,5,11],"class_list":["post-5918","post","type-post","status-publish","format-standard","hentry","category-ecologie","category-societe","tag-architecture","tag-climat","tag-ecologie2","tag-energie","tag-environnement","tag-societe-2"],"jetpack_publicize_connections":[],"jetpack_featured_media_url":"","jetpack_sharing_enabled":true,"jetpack_shortlink":"https:\/\/wp.me\/p5jjt5-1xs","_links":{"self":[{"href":"https:\/\/claire-jannot.com\/index.php?rest_route=\/wp\/v2\/posts\/5918","targetHints":{"allow":["GET"]}}],"collection":[{"href":"https:\/\/claire-jannot.com\/index.php?rest_route=\/wp\/v2\/posts"}],"about":[{"href":"https:\/\/claire-jannot.com\/index.php?rest_route=\/wp\/v2\/types\/post"}],"author":[{"embeddable":true,"href":"https:\/\/claire-jannot.com\/index.php?rest_route=\/wp\/v2\/users\/1"}],"replies":[{"embeddable":true,"href":"https:\/\/claire-jannot.com\/index.php?rest_route=%2Fwp%2Fv2%2Fcomments&post=5918"}],"version-history":[{"count":2,"href":"https:\/\/claire-jannot.com\/index.php?rest_route=\/wp\/v2\/posts\/5918\/revisions"}],"predecessor-version":[{"id":5921,"href":"https:\/\/claire-jannot.com\/index.php?rest_route=\/wp\/v2\/posts\/5918\/revisions\/5921"}],"wp:attachment":[{"href":"https:\/\/claire-jannot.com\/index.php?rest_route=%2Fwp%2Fv2%2Fmedia&parent=5918"}],"wp:term":[{"taxonomy":"category","embeddable":true,"href":"https:\/\/claire-jannot.com\/index.php?rest_route=%2Fwp%2Fv2%2Fcategories&post=5918"},{"taxonomy":"post_tag","embeddable":true,"href":"https:\/\/claire-jannot.com\/index.php?rest_route=%2Fwp%2Fv2%2Ftags&post=5918"}],"curies":[{"name":"wp","href":"https:\/\/api.w.org\/{rel}","templated":true}]}}