{"id":5922,"date":"2015-01-30T12:58:04","date_gmt":"2015-01-30T11:58:04","guid":{"rendered":"http:\/\/www.grandesterresbio.com\/?p=5922"},"modified":"2015-01-30T12:58:04","modified_gmt":"2015-01-30T11:58:04","slug":"lexportation-divoire-desormais-illegale-en-france","status":"publish","type":"post","link":"https:\/\/claire-jannot.com\/?p=5922","title":{"rendered":"L&rsquo;exportation d&rsquo;ivoire d\u00e9sormais ill\u00e9gale en France"},"content":{"rendered":"<h2><span style=\"color: #000000;\">La France va suspendre les exportations d&rsquo;ivoire brut, suivant l&rsquo;exemple d&rsquo;autres pays europ\u00e9ens comme l&rsquo;Allemagne et le Royaume-Uni, a annonc\u00e9 mardi soir le minist\u00e8re de l&rsquo;\u00c9cologie.<\/span><\/h2>\n<div id=\"attachment_5923\" style=\"width: 349px\" class=\"wp-caption alignleft\"><a href=\"https:\/\/i0.wp.com\/www.grandesterresbio.com\/wp-content\/uploads\/2015\/01\/Echiquier_de_Charlemagne_cavalier_CdM.jpg\"><img data-recalc-dims=\"1\" loading=\"lazy\" decoding=\"async\" aria-describedby=\"caption-attachment-5923\" class=\"wp-image-5923 \" src=\"https:\/\/i0.wp.com\/www.grandesterresbio.com\/wp-content\/uploads\/2015\/01\/Echiquier_de_Charlemagne_cavalier_CdM.jpg?resize=339%2C415\" alt=\"\u00c9chiquier dit de Charlemagne, cavalier, ivoire d'\u00e9l\u00e9phant, XIe si\u00e8cle, Italie m\u00e9ridionale\" width=\"339\" height=\"415\" srcset=\"https:\/\/i0.wp.com\/claire-jannot.com\/wp-content\/uploads\/2015\/01\/Echiquier_de_Charlemagne_cavalier_CdM.jpg?w=1792&amp;ssl=1 1792w, https:\/\/i0.wp.com\/claire-jannot.com\/wp-content\/uploads\/2015\/01\/Echiquier_de_Charlemagne_cavalier_CdM.jpg?resize=244%2C300&amp;ssl=1 244w, https:\/\/i0.wp.com\/claire-jannot.com\/wp-content\/uploads\/2015\/01\/Echiquier_de_Charlemagne_cavalier_CdM.jpg?resize=835%2C1024&amp;ssl=1 835w, https:\/\/i0.wp.com\/claire-jannot.com\/wp-content\/uploads\/2015\/01\/Echiquier_de_Charlemagne_cavalier_CdM.jpg?w=1280 1280w\" sizes=\"auto, (max-width: 339px) 100vw, 339px\" \/><\/a><p id=\"caption-attachment-5923\" class=\"wp-caption-text\">\u00c9chiquier dit de Charlemagne, cavalier, ivoire d&rsquo;\u00e9l\u00e9phant, XIe si\u00e8cle, Italie m\u00e9ridionale<\/p><\/div>\n<p><span style=\"color: #000000;\">\u00ab\u00a0A l&rsquo;instar d&rsquo;autres \u00c9tats membres de l&rsquo;Union europ\u00e9enne, comme l&rsquo;Allemagne et le Royaume-Uni\u00a0\u00bb, la ministre de l&rsquo;\u00c9cologie <strong>S\u00e9gol\u00e8ne Royal<\/strong> a \u00ab\u00a0d\u00e9cid\u00e9 que <strong>la France ne devait plus autoriser d&rsquo;exportations d&rsquo;ivoire brut<\/strong>\u00ab\u00a0, a indiqu\u00e9 le minist\u00e8re.<\/span><\/p>\n<p><span style=\"color: #000000;\">Elle a demand\u00e9 qu'\u00a0\u00bbaucun certificat\u00a0\u00bb d&rsquo;exportation \u00ab\u00a0pour des d\u00e9fenses d&rsquo;\u00e9l\u00e9phants brutes ou des morceaux d&rsquo;ivoire non travaill\u00e9s\u00a0\u00bb ne soit plus d\u00e9livr\u00e9.\u00a0<\/span><span style=\"color: #000000;\">La ministre appelle par ailleurs \u00e0 <strong>\u00ab\u00a0redoubler de vigilance\u00a0\u00bb en mati\u00e8re de commercialisation<\/strong> sur le territoire national, a pr\u00e9cis\u00e9 le minist\u00e8re. <\/span><br \/>\n<span style=\"color: #000000;\">Les particuliers qui poss\u00e8dent des d\u00e9fenses d&rsquo;\u00e9l\u00e9phants ramen\u00e9es d&rsquo;Afrique dans les <strong>ann\u00e9es 1930-1960 pourront toujours les vendre dans les salles de vente, sous r\u00e9serve d&rsquo;avoir obtenu le certificat requis.<\/strong> <\/span><br \/>\n<span style=\"color: #000000;\">Mais \u00ab\u00a0aucune d\u00e9rogation \u00e0 l&rsquo;interdiction de vente ne devra \u00eatre accord\u00e9e si le moindre doute subsiste quant \u00e0 l&rsquo;anciennet\u00e9 de la pr\u00e9sence de cet ivoire sur le territoire europ\u00e9en\u00a0\u00bb.<\/span><\/p>\n<p><span style=\"color: #000000;\">La ministre souligne \u00e9galement que \u00ab\u00a0tout devra \u00eatre mis en oeuvre pour que les certificats d\u00e9livr\u00e9s ne puissent \u00eatre utilis\u00e9s pour introduire dans le <strong>circuit licite des sp\u00e9cimens d&rsquo;origine ill\u00e9gale ou douteuse<\/strong>\u00ab\u00a0.<\/span><br \/>\n<span style=\"color: #000000;\"><strong>Trente-sept ONG<\/strong> europ\u00e9ennes, africaines, am\u00e9ricaines et asiatiques avaient appel\u00e9 la semaine derni\u00e8re le gouvernement \u00e0 <strong>durcir la l\u00e9gislation sur l&rsquo;ivoire<\/strong> pour lutter contre le braconnage. Elles lui avaient demand\u00e9 d&rsquo;interdire \u00ab\u00a0toute commercialisation et exportation d&rsquo;ivoire\u00a0\u00bb et d&rsquo;agir au niveau europ\u00e9en.<\/span><br \/>\n<span style=\"color: #000000;\">\u00ab\u00a0Le commerce de l&rsquo;ivoire d&rsquo;\u00e9l\u00e9phant se d\u00e9veloppe au sein de l&rsquo;Union europ\u00e9enne et en particulier en France\u00a0\u00bb, \u00e9crivaient les signataires, parmi lesquels l&rsquo;IFAW (Fonds international pour la protection des animaux), le Pan African Wildlife Conservation Network, la Humane Society International, Save the elephants, la Fondation Brigitte Bardot et l&rsquo;association Robin des Bois.<\/span><br \/>\n<span style=\"color: #000000;\"><strong>\u00ab\u00a0La France a, en 2013, d\u00e9livr\u00e9 des permis d&rsquo;exportation pour 116 d\u00e9fenses d&rsquo;\u00e9l\u00e9phants d&rsquo;Afrique, une quantit\u00e9 record, jamais atteinte depuis 1990\u00a0\u00bb<\/strong>, date d&rsquo;entr\u00e9e en vigueur d&rsquo;un moratoire sur les ventes d&rsquo;ivoire \u00e0 l&rsquo;international, d&rsquo;apr\u00e8s ces ONG. <\/span><br \/>\n<span style=\"color: #000000;\">S\u00e9gol\u00e8ne Royal devrait annoncer des mesures suppl\u00e9mentaires au cours d&rsquo;une r\u00e9union mercredi matin avec les ONG sur \u00ab\u00a0la lutte contre le braconnage et la pr\u00e9servation des \u00e9l\u00e9phants\u00a0\u00bb, a indiqu\u00e9 le minist\u00e8re.<\/span><br \/>\n<strong><span style=\"color: #000000;\">La population d&rsquo;\u00e9l\u00e9phants d&rsquo;Afrique est estim\u00e9e \u00e0 environ 500.000 sp\u00e9cimens, soit moiti\u00e9 moins que dans les ann\u00e9es 80.<\/span><\/strong><br \/>\n<span style=\"color: #000000;\">Selon les ONG, \u00ab\u00a0en Afrique et en Asie, <strong>35.000 \u00e0 40.000<\/strong> \u00e9l\u00e9phants sont braconn\u00e9s chaque ann\u00e9e\u00a0\u00bb pour r\u00e9pondre \u00e0 la demande \u00ab\u00a0insatiable\u00a0\u00bb des pays asiatiques, notamment de la Chine.<\/span><\/p>\n<address><span style=\"color: #000000;\">Source :\u00a0PARIS,\u00a027 jan 2015 (AFP)<\/span><\/address>\n<address><span style=\"color: #000000;\">Cr\u00e9dit photo :\u00a0Par Siren-Com (Travail personnel) [CC BY-SA 3.0 (http:\/\/creativecommons.org\/licenses\/by-sa\/3.0) ou GFDL (http:\/\/www.gnu.org\/copyleft\/fdl.html)], via Wikimedia Commons<\/span><\/address>\n<address>\u00a0<\/address>\n<address>\u00a0<\/address>\n<address>\u00a0<\/address>\n<address>\u00a0<\/address>\n<address>\u00a0<\/address>\n<address>\u00a0<\/address>\n","protected":false},"excerpt":{"rendered":"<p>La France va suspendre les exportations d&rsquo;ivoire brut, suivant l&rsquo;exemple d&rsquo;autres pays europ\u00e9ens comme l&rsquo;Allemagne et le Royaume-Uni, a annonc\u00e9 mardi soir le minist\u00e8re de l&rsquo;\u00c9cologie. \u00ab\u00a0A l&rsquo;instar d&rsquo;autres \u00c9tats membres de l&rsquo;Union europ\u00e9enne, comme l&rsquo;Allemagne et le Royaume-Uni\u00a0\u00bb, la &hellip; <a href=\"https:\/\/claire-jannot.com\/?p=5922\">Continuer la lecture <span class=\"meta-nav\">&rarr;<\/span><\/a><\/p>\n","protected":false},"author":1,"featured_media":0,"comment_status":"open","ping_status":"open","sticky":false,"template":"","format":"standard","meta":{"jetpack_post_was_ever_published":false,"_jetpack_newsletter_access":"","_jetpack_dont_email_post_to_subs":false,"_jetpack_newsletter_tier_id":0,"_jetpack_memberships_contains_paywalled_content":false,"_jetpack_memberships_contains_paid_content":false,"footnotes":"","jetpack_publicize_message":"","jetpack_publicize_feature_enabled":true,"jetpack_social_post_already_shared":true,"jetpack_social_options":{"image_generator_settings":{"template":"highway","default_image_id":0,"font":"","enabled":false},"version":2}},"categories":[49],"tags":[4,5,48],"class_list":["post-5922","post","type-post","status-publish","format-standard","hentry","category-vie-animale-2","tag-ecologie2","tag-environnement","tag-vie-animale"],"jetpack_publicize_connections":[],"jetpack_featured_media_url":"","jetpack_sharing_enabled":true,"jetpack_shortlink":"https:\/\/wp.me\/p5jjt5-1xw","_links":{"self":[{"href":"https:\/\/claire-jannot.com\/index.php?rest_route=\/wp\/v2\/posts\/5922","targetHints":{"allow":["GET"]}}],"collection":[{"href":"https:\/\/claire-jannot.com\/index.php?rest_route=\/wp\/v2\/posts"}],"about":[{"href":"https:\/\/claire-jannot.com\/index.php?rest_route=\/wp\/v2\/types\/post"}],"author":[{"embeddable":true,"href":"https:\/\/claire-jannot.com\/index.php?rest_route=\/wp\/v2\/users\/1"}],"replies":[{"embeddable":true,"href":"https:\/\/claire-jannot.com\/index.php?rest_route=%2Fwp%2Fv2%2Fcomments&post=5922"}],"version-history":[{"count":2,"href":"https:\/\/claire-jannot.com\/index.php?rest_route=\/wp\/v2\/posts\/5922\/revisions"}],"predecessor-version":[{"id":5925,"href":"https:\/\/claire-jannot.com\/index.php?rest_route=\/wp\/v2\/posts\/5922\/revisions\/5925"}],"wp:attachment":[{"href":"https:\/\/claire-jannot.com\/index.php?rest_route=%2Fwp%2Fv2%2Fmedia&parent=5922"}],"wp:term":[{"taxonomy":"category","embeddable":true,"href":"https:\/\/claire-jannot.com\/index.php?rest_route=%2Fwp%2Fv2%2Fcategories&post=5922"},{"taxonomy":"post_tag","embeddable":true,"href":"https:\/\/claire-jannot.com\/index.php?rest_route=%2Fwp%2Fv2%2Ftags&post=5922"}],"curies":[{"name":"wp","href":"https:\/\/api.w.org\/{rel}","templated":true}]}}