{"id":5926,"date":"2015-01-30T13:12:20","date_gmt":"2015-01-30T12:12:20","guid":{"rendered":"http:\/\/www.grandesterresbio.com\/?p=5926"},"modified":"2015-01-30T13:12:20","modified_gmt":"2015-01-30T12:12:20","slug":"pour-sauver-les-abeilles-supprimons-tous-les-neonicotinoides","status":"publish","type":"post","link":"https:\/\/claire-jannot.com\/?p=5926","title":{"rendered":"Pour sauver les abeilles, supprimons tous les n\u00e9onicotino\u00efdes !"},"content":{"rendered":"<h2><span style=\"color: #000000;\">La\u00a0Fondation Nicolas Hulot (FNH) a r\u00e9clam\u00e9 mardi, \u00e0 trois jours de la pr\u00e9sentation d&rsquo;un nouveau plan de r\u00e9duction des pesticides, des mesures sur les insecticides n\u00e9onicotino\u00efdes, directement mis en cause dans la surmortalit\u00e9 des abeilles.<\/span><\/h2>\n<p><span style=\"color: #000000;\"><a href=\"https:\/\/i0.wp.com\/www.grandesterresbio.com\/wp-content\/uploads\/2015\/01\/800px-Abeille_Cool.jpg\"><img data-recalc-dims=\"1\" loading=\"lazy\" decoding=\"async\" class=\"alignleft wp-image-5927 \" src=\"https:\/\/i0.wp.com\/www.grandesterresbio.com\/wp-content\/uploads\/2015\/01\/800px-Abeille_Cool.jpg?resize=371%2C261\" alt=\"Abeille-www.grandesterresbio.com\" width=\"371\" height=\"261\" srcset=\"https:\/\/i0.wp.com\/claire-jannot.com\/wp-content\/uploads\/2015\/01\/800px-Abeille_Cool.jpg?w=647&amp;ssl=1 647w, https:\/\/i0.wp.com\/claire-jannot.com\/wp-content\/uploads\/2015\/01\/800px-Abeille_Cool.jpg?resize=300%2C210&amp;ssl=1 300w\" sizes=\"auto, (max-width: 371px) 100vw, 371px\" \/><\/a>\u00ab\u00a0En ouverture de la conf\u00e9rence environnementale, <strong>Fran\u00e7ois Hollande s&rsquo;est engag\u00e9 \u00e0 ce que la France aille plus loin sur les n\u00e9onicotino\u00efdes<\/strong>: le nouveau plan <strong>Ecophyto<\/strong> ne doit pas seulement rappeler cet engagement mais dire comment y arriver et selon quel calendrier\u00a0\u00bb, a d\u00e9clar\u00e9 <strong>Matthieu Orphelin, porte-parole de la FNH<\/strong>, lors d&rsquo;une conf\u00e9rence de presse.<\/span><br \/>\n<span style=\"color: #000000;\"><strong>En 2013, trois substances n\u00e9onicotino\u00efdes (clothianidine, imidaclopride et thiam\u00e9thoxame) ont \u00e9t\u00e9 provisoirement interdites au niveau europ\u00e9en pour deux ans pour certaines cultures (ma\u00efs, colza, tournesol et coton).<\/strong> <\/span><br \/>\n<span style=\"color: #000000;\">Mais d&rsquo;autres mol\u00e9cules <strong>n\u00e9onicotino\u00efdes<\/strong> restent autoris\u00e9es et l&rsquo;interdiction ne concerne pas les c\u00e9r\u00e9ales d&rsquo;hiver.\u00a0<\/span><span style=\"color: #000000;\">Ce moratoire avait \u00e9t\u00e9 d\u00e9cid\u00e9 \u00e0 la suite d&rsquo;un avis de l&rsquo;agence europ\u00e9enne sanitaire (<strong>Efsa<\/strong>) en janvier 2013 qui avait reconnu que <strong>certains n\u00e9onicotino\u00efdes \u00e9taient dangereux pour les abeilles<\/strong>, dont les taux de mortalit\u00e9 sont en <strong>forte hausse (30%).<\/strong><\/span><br \/>\n<span style=\"color: #000000;\">\u00ab\u00a0Le gouvernement fran\u00e7ais doit prendre une initiative au niveau national et au niveau europ\u00e9en pour aller <strong>vers une interdiction de tous les n\u00e9onicotino\u00efdes<\/strong>\u00ab\u00a0, souhaite <strong>la Fondation Hulot.<\/strong><\/span><br \/>\n<span style=\"color: #000000;\"><strong>St\u00e9phane le Foll, le ministre de l&rsquo;Agriculture<\/strong> doit pr\u00e9senter vendredi un nouveau plan visant \u00e0 r\u00e9duire l&rsquo;usage des pesticides en France, suite au constat d&rsquo;\u00e9chec du plan Ecophyto en cours.\u00a0<\/span><strong><span style=\"color: #000000;\">Ecophyto avait pour ambition de r\u00e9duire, entre 2008 et 2018, de 50% le volume de pesticides utilis\u00e9 en France, qui est de l&rsquo;ordre de 100.000 tonnes.<\/span><\/strong><br \/>\n<strong><span style=\"color: #000000;\">Les derni\u00e8res chiffres officiels font \u00e9tat d&rsquo;une hausse moyenne de 5% en 2009 et 2013.<\/span><\/strong><br \/>\n<span style=\"color: #000000;\">Selon FNH, le nouveau plan devrait a priori maintenir l&rsquo;objectif d&rsquo;une r\u00e9duction de 50% mais en allongeant le d\u00e9lai \u00e0 2025, avec un palier de moins 25% en 2020, toujours par rapport \u00e0 2008.\u00a0<\/span><span style=\"color: #000000;\"><strong>Le plan comportera des mesures pour favoriser le biocontr\u00f4le<\/strong> (protection des v\u00e9g\u00e9taux par des m\u00e9canismes naturels), les agro-\u00e9quipements (utilisation de GPS, de drones, etc. pour optimiser l&rsquo;utilisation de pesticides), ou <strong>l&rsquo;extension du r\u00e9seau de fermes DEPHY<\/strong> (3.000 fermes engag\u00e9es dans des mesures de r\u00e9duction).<\/span><br \/>\n<span style=\"color: #000000;\">La Fondation Hulot estime aussi qu&rsquo;il faudrait stimuler la <strong>demande de produits locaux de qualit\u00e9 via la restauration collective scolaire<\/strong>, qui repr\u00e9sente <strong>8 millions de repas par jour, pour inciter les agriculteurs \u00e0 se tourner vers de pratiques utilisant moins de pesticides.<\/strong><\/span><\/p>\n<address><span style=\"color: #000000;\">Source :\u00a0PARIS,\u00a027 jan 2015 (AFP)<\/span><\/address>\n<address><span style=\"color: #000000;\">Cr\u00e9dit photo :\u00a0Par Darkmadore (Travail personnel) [Public domain], via Wikimedia Commons<\/span><\/address>\n<address>\u00a0<\/address>\n<address>\u00a0<\/address>\n<address>\u00a0<\/address>\n<address>\u00a0<\/address>\n<address>\u00a0<\/address>\n<address>\u00a0<\/address>\n<address>\u00a0<\/address>\n","protected":false},"excerpt":{"rendered":"<p>La\u00a0Fondation Nicolas Hulot (FNH) a r\u00e9clam\u00e9 mardi, \u00e0 trois jours de la pr\u00e9sentation d&rsquo;un nouveau plan de r\u00e9duction des pesticides, des mesures sur les insecticides n\u00e9onicotino\u00efdes, directement mis en cause dans la surmortalit\u00e9 des abeilles. \u00ab\u00a0En ouverture de la conf\u00e9rence &hellip; <a href=\"https:\/\/claire-jannot.com\/?p=5926\">Continuer la lecture <span class=\"meta-nav\">&rarr;<\/span><\/a><\/p>\n","protected":false},"author":1,"featured_media":0,"comment_status":"open","ping_status":"open","sticky":false,"template":"","format":"standard","meta":{"jetpack_post_was_ever_published":false,"_jetpack_newsletter_access":"","_jetpack_dont_email_post_to_subs":false,"_jetpack_newsletter_tier_id":0,"_jetpack_memberships_contains_paywalled_content":false,"_jetpack_memberships_contains_paid_content":false,"footnotes":"","jetpack_publicize_message":"","jetpack_publicize_feature_enabled":true,"jetpack_social_post_already_shared":true,"jetpack_social_options":{"image_generator_settings":{"template":"highway","default_image_id":0,"font":"","enabled":false},"version":2}},"categories":[1,2,47,49],"tags":[42,22,3,4,5,36,48],"class_list":["post-5926","post","type-post","status-publish","format-standard","hentry","category-alimentation","category-ecologie","category-societe","category-vie-animale-2","tag-agriculture","tag-biologique","tag-consommation","tag-ecologie2","tag-environnement","tag-pollution","tag-vie-animale"],"jetpack_publicize_connections":[],"jetpack_featured_media_url":"","jetpack_sharing_enabled":true,"jetpack_shortlink":"https:\/\/wp.me\/p5jjt5-1xA","_links":{"self":[{"href":"https:\/\/claire-jannot.com\/index.php?rest_route=\/wp\/v2\/posts\/5926","targetHints":{"allow":["GET"]}}],"collection":[{"href":"https:\/\/claire-jannot.com\/index.php?rest_route=\/wp\/v2\/posts"}],"about":[{"href":"https:\/\/claire-jannot.com\/index.php?rest_route=\/wp\/v2\/types\/post"}],"author":[{"embeddable":true,"href":"https:\/\/claire-jannot.com\/index.php?rest_route=\/wp\/v2\/users\/1"}],"replies":[{"embeddable":true,"href":"https:\/\/claire-jannot.com\/index.php?rest_route=%2Fwp%2Fv2%2Fcomments&post=5926"}],"version-history":[{"count":3,"href":"https:\/\/claire-jannot.com\/index.php?rest_route=\/wp\/v2\/posts\/5926\/revisions"}],"predecessor-version":[{"id":5930,"href":"https:\/\/claire-jannot.com\/index.php?rest_route=\/wp\/v2\/posts\/5926\/revisions\/5930"}],"wp:attachment":[{"href":"https:\/\/claire-jannot.com\/index.php?rest_route=%2Fwp%2Fv2%2Fmedia&parent=5926"}],"wp:term":[{"taxonomy":"category","embeddable":true,"href":"https:\/\/claire-jannot.com\/index.php?rest_route=%2Fwp%2Fv2%2Fcategories&post=5926"},{"taxonomy":"post_tag","embeddable":true,"href":"https:\/\/claire-jannot.com\/index.php?rest_route=%2Fwp%2Fv2%2Ftags&post=5926"}],"curies":[{"name":"wp","href":"https:\/\/api.w.org\/{rel}","templated":true}]}}